{"id":11860,"date":"2016-09-19T11:03:12","date_gmt":"2016-09-19T09:03:12","guid":{"rendered":"http:\/\/www.villers-allerand.fr\/site\/?p=11860"},"modified":"2017-07-03T16:59:22","modified_gmt":"2017-07-03T14:59:22","slug":"halloween","status":"publish","type":"post","link":"https:\/\/www.villers-allerand.fr\/site\/halloween\/","title":{"rendered":"Halloween"},"content":{"rendered":"<p><span style=\"color: #ff8000;\"><strong>Une tr\u00e8s belle r\u00e9ussite pour ce rassemblement de petits monstres.<\/strong><\/span><\/p>\n<div><span style=\"color: #ff8000;\">\u00a0<\/span><\/div>\n<div><span style=\"color: #ff8000;\"><strong>Pr\u00e8s de 50 personnes \u2013 enfants et adultes \u2013 se sont regroup\u00e9s sur la place de l\u2019\u00e9glise pour aller ensuite hanter les rues de notre village !! <\/strong><\/span><\/div>\n<div><span style=\"color: #ff8000;\"><strong>Ces diablotins en tout genre ont \u00e9t\u00e9 re\u00e7us comme il se doit \u00e0 la Mairie mais aussi chez les habitants, qui, effray\u00e9s, avaient anticip\u00e9 leur passage.<\/strong><\/span><\/div>\n<div><span style=\"color: #ff8000;\"><strong>Merci aux Jeunes du CMJ qui \u00e9taient pr\u00e9sents , \u00e0 La R\u00e9cr\u00e9, la Coop\u00e9rative scolaire et \u00e0 vous tous, Villerallerandais, au nom de tous nos enfants<\/strong><\/span><\/div>\n<div><span style=\"color: #ff8000;\"><strong>Quelques photos effrayantes \u2026 interdites au moins de 12 mois \u2026<\/strong><\/span><\/div>\n<p><img loading=\"lazy\" decoding=\"async\" class=\"aligncenter size-large wp-image-11861\" src=\"https:\/\/www.villers-allerand.fr\/site\/wp-content\/uploads\/2016\/09\/Halloween-2014-768x1024.jpg\" alt=\"halloween-2014\" width=\"768\" height=\"1024\" srcset=\"https:\/\/www.villers-allerand.fr\/site\/wp-content\/uploads\/2016\/09\/Halloween-2014-200x267.jpg 200w, https:\/\/www.villers-allerand.fr\/site\/wp-content\/uploads\/2016\/09\/Halloween-2014-225x300.jpg 225w, https:\/\/www.villers-allerand.fr\/site\/wp-content\/uploads\/2016\/09\/Halloween-2014-400x533.jpg 400w, https:\/\/www.villers-allerand.fr\/site\/wp-content\/uploads\/2016\/09\/Halloween-2014-600x800.jpg 600w, https:\/\/www.villers-allerand.fr\/site\/wp-content\/uploads\/2016\/09\/Halloween-2014-768x1024.jpg 768w, https:\/\/www.villers-allerand.fr\/site\/wp-content\/uploads\/2016\/09\/Halloween-2014-800x1067.jpg 800w, https:\/\/www.villers-allerand.fr\/site\/wp-content\/uploads\/2016\/09\/Halloween-2014-1200x1600.jpg 1200w\" sizes=\"auto, (max-width: 768px) 100vw, 768px\" \/><\/p>\n<p><img loading=\"lazy\" decoding=\"async\" class=\"aligncenter size-large wp-image-11862\" src=\"https:\/\/www.villers-allerand.fr\/site\/wp-content\/uploads\/2016\/09\/Halloween-2014a-1024x768.jpg\" alt=\"halloween-2014a\" width=\"1024\" height=\"768\" srcset=\"https:\/\/www.villers-allerand.fr\/site\/wp-content\/uploads\/2016\/09\/Halloween-2014a-200x150.jpg 200w, https:\/\/www.villers-allerand.fr\/site\/wp-content\/uploads\/2016\/09\/Halloween-2014a-300x225.jpg 300w, https:\/\/www.villers-allerand.fr\/site\/wp-content\/uploads\/2016\/09\/Halloween-2014a-400x300.jpg 400w, https:\/\/www.villers-allerand.fr\/site\/wp-content\/uploads\/2016\/09\/Halloween-2014a-600x450.jpg 600w, https:\/\/www.villers-allerand.fr\/site\/wp-content\/uploads\/2016\/09\/Halloween-2014a-768x576.jpg 768w, https:\/\/www.villers-allerand.fr\/site\/wp-content\/uploads\/2016\/09\/Halloween-2014a-800x600.jpg 800w, https:\/\/www.villers-allerand.fr\/site\/wp-content\/uploads\/2016\/09\/Halloween-2014a-1024x768.jpg 1024w, https:\/\/www.villers-allerand.fr\/site\/wp-content\/uploads\/2016\/09\/Halloween-2014a-1200x900.jpg 1200w\" sizes=\"auto, (max-width: 1024px) 100vw, 1024px\" \/><\/p>\n","protected":false},"excerpt":{"rendered":"<p>Une tr\u00e8s belle r\u00e9ussite pour ce rassemblement de petits monstres. \u00a0 Pr\u00e8s de 50 personnes \u2013 enfants et adultes \u2013 se sont regroup\u00e9s sur la place de l\u2019\u00e9glise pour aller ensuite hanter les rues de notre village !! Ces diablotins en tout genre ont \u00e9t\u00e9 re\u00e7us comme il se doit \u00e0 la Mairie mais aussi chez [&hellip;]<\/p>\n","protected":false},"author":1,"featured_media":11864,"comment_status":"closed","ping_status":"closed","sticky":false,"template":"","format":"standard","meta":{"footnotes":""},"categories":[69],"tags":[],"class_list":["post-11860","post","type-post","status-publish","format-standard","has-post-thumbnail","hentry","category-retrospectives-2015"],"yoast_head":"<!-- This site is optimized with the Yoast SEO plugin v26.8 - https:\/\/yoast.com\/product\/yoast-seo-wordpress\/ -->\n<title>Halloween - Mairie de Villers-Allerand - Montchenot<\/title>\n<meta name=\"robots\" content=\"index, follow, max-snippet:-1, max-image-preview:large, max-video-preview:-1\" \/>\n<link rel=\"canonical\" href=\"https:\/\/www.villers-allerand.fr\/site\/halloween\/\" \/>\n<meta property=\"og:locale\" content=\"fr_FR\" \/>\n<meta property=\"og:type\" content=\"article\" \/>\n<meta property=\"og:title\" content=\"Halloween - Mairie de Villers-Allerand - Montchenot\" \/>\n<meta property=\"og:description\" content=\"Une tr\u00e8s belle r\u00e9ussite pour ce rassemblement de petits monstres. \u00a0 Pr\u00e8s de 50 personnes \u2013 enfants et adultes \u2013 se sont regroup\u00e9s sur la place de l\u2019\u00e9glise pour aller ensuite hanter les rues de notre village !! Ces diablotins en tout genre ont \u00e9t\u00e9 re\u00e7us comme il se doit \u00e0 la Mairie mais aussi chez [&hellip;]\" \/>\n<meta property=\"og:url\" content=\"https:\/\/www.villers-allerand.fr\/site\/halloween\/\" \/>\n<meta property=\"og:site_name\" content=\"Mairie de Villers-Allerand - Montchenot\" \/>\n<meta property=\"article:published_time\" content=\"2016-09-19T09:03:12+00:00\" \/>\n<meta property=\"article:modified_time\" content=\"2017-07-03T14:59:22+00:00\" \/>\n<meta property=\"og:image\" content=\"https:\/\/www.villers-allerand.fr\/site\/wp-content\/uploads\/2016\/09\/halloween1.jpg\" \/>\n\t<meta property=\"og:image:width\" content=\"940\" \/>\n\t<meta property=\"og:image:height\" content=\"420\" \/>\n\t<meta property=\"og:image:type\" content=\"image\/jpeg\" \/>\n<meta name=\"author\" content=\"admin\" \/>\n<meta name=\"twitter:card\" content=\"summary_large_image\" \/>\n<meta name=\"twitter:label1\" content=\"\u00c9crit par\" \/>\n\t<meta name=\"twitter:data1\" content=\"admin\" \/>\n<script type=\"application\/ld+json\" class=\"yoast-schema-graph\">{\"@context\":\"https:\/\/schema.org\",\"@graph\":[{\"@type\":\"Article\",\"@id\":\"https:\/\/www.villers-allerand.fr\/site\/halloween\/#article\",\"isPartOf\":{\"@id\":\"https:\/\/www.villers-allerand.fr\/site\/halloween\/\"},\"author\":{\"name\":\"admin\",\"@id\":\"https:\/\/www.villers-allerand.fr\/site\/#\/schema\/person\/c33bd58ff6072eaa8e0bab1d579083c7\"},\"headline\":\"Halloween\",\"datePublished\":\"2016-09-19T09:03:12+00:00\",\"dateModified\":\"2017-07-03T14:59:22+00:00\",\"mainEntityOfPage\":{\"@id\":\"https:\/\/www.villers-allerand.fr\/site\/halloween\/\"},\"wordCount\":100,\"image\":{\"@id\":\"https:\/\/www.villers-allerand.fr\/site\/halloween\/#primaryimage\"},\"thumbnailUrl\":\"https:\/\/www.villers-allerand.fr\/site\/wp-content\/uploads\/2016\/09\/halloween1.jpg\",\"articleSection\":[\"R\u00e9trospectives 2015\"],\"inLanguage\":\"fr-FR\"},{\"@type\":\"WebPage\",\"@id\":\"https:\/\/www.villers-allerand.fr\/site\/halloween\/\",\"url\":\"https:\/\/www.villers-allerand.fr\/site\/halloween\/\",\"name\":\"Halloween - Mairie de Villers-Allerand - Montchenot\",\"isPartOf\":{\"@id\":\"https:\/\/www.villers-allerand.fr\/site\/#website\"},\"primaryImageOfPage\":{\"@id\":\"https:\/\/www.villers-allerand.fr\/site\/halloween\/#primaryimage\"},\"image\":{\"@id\":\"https:\/\/www.villers-allerand.fr\/site\/halloween\/#primaryimage\"},\"thumbnailUrl\":\"https:\/\/www.villers-allerand.fr\/site\/wp-content\/uploads\/2016\/09\/halloween1.jpg\",\"datePublished\":\"2016-09-19T09:03:12+00:00\",\"dateModified\":\"2017-07-03T14:59:22+00:00\",\"author\":{\"@id\":\"https:\/\/www.villers-allerand.fr\/site\/#\/schema\/person\/c33bd58ff6072eaa8e0bab1d579083c7\"},\"breadcrumb\":{\"@id\":\"https:\/\/www.villers-allerand.fr\/site\/halloween\/#breadcrumb\"},\"inLanguage\":\"fr-FR\",\"potentialAction\":[{\"@type\":\"ReadAction\",\"target\":[\"https:\/\/www.villers-allerand.fr\/site\/halloween\/\"]}]},{\"@type\":\"ImageObject\",\"inLanguage\":\"fr-FR\",\"@id\":\"https:\/\/www.villers-allerand.fr\/site\/halloween\/#primaryimage\",\"url\":\"https:\/\/www.villers-allerand.fr\/site\/wp-content\/uploads\/2016\/09\/halloween1.jpg\",\"contentUrl\":\"https:\/\/www.villers-allerand.fr\/site\/wp-content\/uploads\/2016\/09\/halloween1.jpg\",\"width\":940,\"height\":420},{\"@type\":\"BreadcrumbList\",\"@id\":\"https:\/\/www.villers-allerand.fr\/site\/halloween\/#breadcrumb\",\"itemListElement\":[{\"@type\":\"ListItem\",\"position\":1,\"name\":\"Accueil\",\"item\":\"https:\/\/www.villers-allerand.fr\/site\/\"},{\"@type\":\"ListItem\",\"position\":2,\"name\":\"Halloween\"}]},{\"@type\":\"WebSite\",\"@id\":\"https:\/\/www.villers-allerand.fr\/site\/#website\",\"url\":\"https:\/\/www.villers-allerand.fr\/site\/\",\"name\":\"Mairie de Villers-Allerand - Montchenot\",\"description\":\"Site Officiel de la Mairie\",\"potentialAction\":[{\"@type\":\"SearchAction\",\"target\":{\"@type\":\"EntryPoint\",\"urlTemplate\":\"https:\/\/www.villers-allerand.fr\/site\/?s={search_term_string}\"},\"query-input\":{\"@type\":\"PropertyValueSpecification\",\"valueRequired\":true,\"valueName\":\"search_term_string\"}}],\"inLanguage\":\"fr-FR\"},{\"@type\":\"Person\",\"@id\":\"https:\/\/www.villers-allerand.fr\/site\/#\/schema\/person\/c33bd58ff6072eaa8e0bab1d579083c7\",\"name\":\"admin\",\"image\":{\"@type\":\"ImageObject\",\"inLanguage\":\"fr-FR\",\"@id\":\"https:\/\/www.villers-allerand.fr\/site\/#\/schema\/person\/image\/\",\"url\":\"https:\/\/secure.gravatar.com\/avatar\/7bda756b742c4c242b44075d05f592db?s=96&d=mm&r=g\",\"contentUrl\":\"https:\/\/secure.gravatar.com\/avatar\/7bda756b742c4c242b44075d05f592db?s=96&d=mm&r=g\",\"caption\":\"admin\"}}]}<\/script>\n<!-- \/ Yoast SEO plugin. -->","yoast_head_json":{"title":"Halloween - Mairie de Villers-Allerand - Montchenot","robots":{"index":"index","follow":"follow","max-snippet":"max-snippet:-1","max-image-preview":"max-image-preview:large","max-video-preview":"max-video-preview:-1"},"canonical":"https:\/\/www.villers-allerand.fr\/site\/halloween\/","og_locale":"fr_FR","og_type":"article","og_title":"Halloween - Mairie de Villers-Allerand - Montchenot","og_description":"Une tr\u00e8s belle r\u00e9ussite pour ce rassemblement de petits monstres. \u00a0 Pr\u00e8s de 50 personnes \u2013 enfants et adultes \u2013 se sont regroup\u00e9s sur la place de l\u2019\u00e9glise pour aller ensuite hanter les rues de notre village !! Ces diablotins en tout genre ont \u00e9t\u00e9 re\u00e7us comme il se doit \u00e0 la Mairie mais aussi chez [&hellip;]","og_url":"https:\/\/www.villers-allerand.fr\/site\/halloween\/","og_site_name":"Mairie de Villers-Allerand - Montchenot","article_published_time":"2016-09-19T09:03:12+00:00","article_modified_time":"2017-07-03T14:59:22+00:00","og_image":[{"width":940,"height":420,"url":"https:\/\/www.villers-allerand.fr\/site\/wp-content\/uploads\/2016\/09\/halloween1.jpg","type":"image\/jpeg"}],"author":"admin","twitter_card":"summary_large_image","twitter_misc":{"\u00c9crit par":"admin"},"schema":{"@context":"https:\/\/schema.org","@graph":[{"@type":"Article","@id":"https:\/\/www.villers-allerand.fr\/site\/halloween\/#article","isPartOf":{"@id":"https:\/\/www.villers-allerand.fr\/site\/halloween\/"},"author":{"name":"admin","@id":"https:\/\/www.villers-allerand.fr\/site\/#\/schema\/person\/c33bd58ff6072eaa8e0bab1d579083c7"},"headline":"Halloween","datePublished":"2016-09-19T09:03:12+00:00","dateModified":"2017-07-03T14:59:22+00:00","mainEntityOfPage":{"@id":"https:\/\/www.villers-allerand.fr\/site\/halloween\/"},"wordCount":100,"image":{"@id":"https:\/\/www.villers-allerand.fr\/site\/halloween\/#primaryimage"},"thumbnailUrl":"https:\/\/www.villers-allerand.fr\/site\/wp-content\/uploads\/2016\/09\/halloween1.jpg","articleSection":["R\u00e9trospectives 2015"],"inLanguage":"fr-FR"},{"@type":"WebPage","@id":"https:\/\/www.villers-allerand.fr\/site\/halloween\/","url":"https:\/\/www.villers-allerand.fr\/site\/halloween\/","name":"Halloween - Mairie de Villers-Allerand - Montchenot","isPartOf":{"@id":"https:\/\/www.villers-allerand.fr\/site\/#website"},"primaryImageOfPage":{"@id":"https:\/\/www.villers-allerand.fr\/site\/halloween\/#primaryimage"},"image":{"@id":"https:\/\/www.villers-allerand.fr\/site\/halloween\/#primaryimage"},"thumbnailUrl":"https:\/\/www.villers-allerand.fr\/site\/wp-content\/uploads\/2016\/09\/halloween1.jpg","datePublished":"2016-09-19T09:03:12+00:00","dateModified":"2017-07-03T14:59:22+00:00","author":{"@id":"https:\/\/www.villers-allerand.fr\/site\/#\/schema\/person\/c33bd58ff6072eaa8e0bab1d579083c7"},"breadcrumb":{"@id":"https:\/\/www.villers-allerand.fr\/site\/halloween\/#breadcrumb"},"inLanguage":"fr-FR","potentialAction":[{"@type":"ReadAction","target":["https:\/\/www.villers-allerand.fr\/site\/halloween\/"]}]},{"@type":"ImageObject","inLanguage":"fr-FR","@id":"https:\/\/www.villers-allerand.fr\/site\/halloween\/#primaryimage","url":"https:\/\/www.villers-allerand.fr\/site\/wp-content\/uploads\/2016\/09\/halloween1.jpg","contentUrl":"https:\/\/www.villers-allerand.fr\/site\/wp-content\/uploads\/2016\/09\/halloween1.jpg","width":940,"height":420},{"@type":"BreadcrumbList","@id":"https:\/\/www.villers-allerand.fr\/site\/halloween\/#breadcrumb","itemListElement":[{"@type":"ListItem","position":1,"name":"Accueil","item":"https:\/\/www.villers-allerand.fr\/site\/"},{"@type":"ListItem","position":2,"name":"Halloween"}]},{"@type":"WebSite","@id":"https:\/\/www.villers-allerand.fr\/site\/#website","url":"https:\/\/www.villers-allerand.fr\/site\/","name":"Mairie de Villers-Allerand - Montchenot","description":"Site Officiel de la Mairie","potentialAction":[{"@type":"SearchAction","target":{"@type":"EntryPoint","urlTemplate":"https:\/\/www.villers-allerand.fr\/site\/?s={search_term_string}"},"query-input":{"@type":"PropertyValueSpecification","valueRequired":true,"valueName":"search_term_string"}}],"inLanguage":"fr-FR"},{"@type":"Person","@id":"https:\/\/www.villers-allerand.fr\/site\/#\/schema\/person\/c33bd58ff6072eaa8e0bab1d579083c7","name":"admin","image":{"@type":"ImageObject","inLanguage":"fr-FR","@id":"https:\/\/www.villers-allerand.fr\/site\/#\/schema\/person\/image\/","url":"https:\/\/secure.gravatar.com\/avatar\/7bda756b742c4c242b44075d05f592db?s=96&d=mm&r=g","contentUrl":"https:\/\/secure.gravatar.com\/avatar\/7bda756b742c4c242b44075d05f592db?s=96&d=mm&r=g","caption":"admin"}}]}},"publishpress_future_action":{"enabled":false,"date":"2026-05-09 15:00:27","action":"change-status","newStatus":"draft","terms":[],"taxonomy":"category","extraData":[]},"publishpress_future_workflow_manual_trigger":{"enabledWorkflows":[]},"_links":{"self":[{"href":"https:\/\/www.villers-allerand.fr\/site\/wp-json\/wp\/v2\/posts\/11860","targetHints":{"allow":["GET"]}}],"collection":[{"href":"https:\/\/www.villers-allerand.fr\/site\/wp-json\/wp\/v2\/posts"}],"about":[{"href":"https:\/\/www.villers-allerand.fr\/site\/wp-json\/wp\/v2\/types\/post"}],"author":[{"embeddable":true,"href":"https:\/\/www.villers-allerand.fr\/site\/wp-json\/wp\/v2\/users\/1"}],"replies":[{"embeddable":true,"href":"https:\/\/www.villers-allerand.fr\/site\/wp-json\/wp\/v2\/comments?post=11860"}],"version-history":[{"count":17,"href":"https:\/\/www.villers-allerand.fr\/site\/wp-json\/wp\/v2\/posts\/11860\/revisions"}],"predecessor-version":[{"id":12743,"href":"https:\/\/www.villers-allerand.fr\/site\/wp-json\/wp\/v2\/posts\/11860\/revisions\/12743"}],"wp:featuredmedia":[{"embeddable":true,"href":"https:\/\/www.villers-allerand.fr\/site\/wp-json\/wp\/v2\/media\/11864"}],"wp:attachment":[{"href":"https:\/\/www.villers-allerand.fr\/site\/wp-json\/wp\/v2\/media?parent=11860"}],"wp:term":[{"taxonomy":"category","embeddable":true,"href":"https:\/\/www.villers-allerand.fr\/site\/wp-json\/wp\/v2\/categories?post=11860"},{"taxonomy":"post_tag","embeddable":true,"href":"https:\/\/www.villers-allerand.fr\/site\/wp-json\/wp\/v2\/tags?post=11860"}],"curies":[{"name":"wp","href":"https:\/\/api.w.org\/{rel}","templated":true}]}}