{"id":12886,"date":"2016-11-18T11:43:03","date_gmt":"2016-11-18T10:43:03","guid":{"rendered":"http:\/\/www.villers-allerand.fr\/site\/?p=12886"},"modified":"2017-07-03T16:59:22","modified_gmt":"2017-07-03T14:59:22","slug":"fleurissement-2014","status":"publish","type":"post","link":"https:\/\/www.villers-allerand.fr\/site\/fleurissement-2014\/","title":{"rendered":"Fleurissement 2014"},"content":{"rendered":"<p>C\u2019est effectivement sous un soleil superbe que 30 \u00e0 40 villageois b\u00e9n\u00e9voles se sont retrouv\u00e9s pour fleurir notre village \u2026<\/p>\n<p>Une vraie r\u00e9ussite collective , pleine de bonne humeur et d\u2019une grande efficacit\u00e9 puisque l\u2019ensemble des jardin\u00e8res ont \u00e9t\u00e9 pos\u00e9es avant la fin de la matin\u00e9e \u2026<\/p>\n<p>Merci \u00e0 tous pour cette belle et sympathique mobilisation ..<\/p>\n<p>Vous regrettez de ne pas avoir pu y participer ? Ne vous inqui\u00e9tez pas\u2026<\/p>\n<p>Il y aura une nouvelle opportunit\u00e9 en 2015 \u2026 D\u2019ici l\u00e0 , n\u2019h\u00e9sitez pas \u00e0 arroser ces massifs si malgr\u00e9 nos efforts , ils manquent d\u2019eau\u2026<\/p>\n<p>Ce sont les v\u00f4tres !!!!<\/p>\n<p>&nbsp;<\/p>\n<p><img loading=\"lazy\" decoding=\"async\" class=\"aligncenter size-large wp-image-12382\" src=\"https:\/\/www.villers-allerand.fr\/site\/wp-content\/uploads\/2016\/09\/dsc00260-1024x768.jpg\" alt=\"dsc00260\" width=\"1024\" height=\"768\" srcset=\"https:\/\/www.villers-allerand.fr\/site\/wp-content\/uploads\/2016\/09\/dsc00260-200x150.jpg 200w, https:\/\/www.villers-allerand.fr\/site\/wp-content\/uploads\/2016\/09\/dsc00260-300x225.jpg 300w, https:\/\/www.villers-allerand.fr\/site\/wp-content\/uploads\/2016\/09\/dsc00260-400x300.jpg 400w, https:\/\/www.villers-allerand.fr\/site\/wp-content\/uploads\/2016\/09\/dsc00260-600x450.jpg 600w, https:\/\/www.villers-allerand.fr\/site\/wp-content\/uploads\/2016\/09\/dsc00260-768x576.jpg 768w, https:\/\/www.villers-allerand.fr\/site\/wp-content\/uploads\/2016\/09\/dsc00260-800x600.jpg 800w, https:\/\/www.villers-allerand.fr\/site\/wp-content\/uploads\/2016\/09\/dsc00260-1024x768.jpg 1024w, https:\/\/www.villers-allerand.fr\/site\/wp-content\/uploads\/2016\/09\/dsc00260-1200x900.jpg 1200w\" sizes=\"auto, (max-width: 1024px) 100vw, 1024px\" \/><\/p>\n<p style=\"text-align: center;\">La pr\u00e9paration des jardini\u00e8res, habilement anticip\u00e9e dans la semaine pr\u00e9c\u00e9dent ce samedi, a permis une mise en place d\u00e8s 8h30 le matin ,\u00a0\u00e0 la fra\u00eeche \u2026<\/p>\n<p>&nbsp;<\/p>\n<p><img loading=\"lazy\" decoding=\"async\" class=\"aligncenter size-large wp-image-12383\" src=\"https:\/\/www.villers-allerand.fr\/site\/wp-content\/uploads\/2016\/09\/dsc00263-1024x768.jpg\" alt=\"dsc00263\" width=\"1024\" height=\"768\" srcset=\"https:\/\/www.villers-allerand.fr\/site\/wp-content\/uploads\/2016\/09\/dsc00263-200x150.jpg 200w, https:\/\/www.villers-allerand.fr\/site\/wp-content\/uploads\/2016\/09\/dsc00263-300x225.jpg 300w, https:\/\/www.villers-allerand.fr\/site\/wp-content\/uploads\/2016\/09\/dsc00263-400x300.jpg 400w, https:\/\/www.villers-allerand.fr\/site\/wp-content\/uploads\/2016\/09\/dsc00263-600x450.jpg 600w, https:\/\/www.villers-allerand.fr\/site\/wp-content\/uploads\/2016\/09\/dsc00263-768x576.jpg 768w, https:\/\/www.villers-allerand.fr\/site\/wp-content\/uploads\/2016\/09\/dsc00263-800x600.jpg 800w, https:\/\/www.villers-allerand.fr\/site\/wp-content\/uploads\/2016\/09\/dsc00263-1024x768.jpg 1024w, https:\/\/www.villers-allerand.fr\/site\/wp-content\/uploads\/2016\/09\/dsc00263-1200x900.jpg 1200w\" sizes=\"auto, (max-width: 1024px) 100vw, 1024px\" \/><\/p>\n<p style=\"text-align: center;\">Un travail de longue haleine : la pose des dizaines de balconni\u00e8res\u00a0 dans tout le village\u2026 Mais nos employ\u00e9s municipaux , bien assist\u00e9s , sont rod\u00e9s \u00e0 l\u2019exercice\u2026<\/p>\n<p style=\"text-align: center;\"><img loading=\"lazy\" decoding=\"async\" class=\"aligncenter size-large wp-image-12384\" src=\"https:\/\/www.villers-allerand.fr\/site\/wp-content\/uploads\/2016\/09\/dsc00267-1024x768.jpg\" alt=\"dsc00267\" width=\"1024\" height=\"768\" srcset=\"https:\/\/www.villers-allerand.fr\/site\/wp-content\/uploads\/2016\/09\/dsc00267-200x150.jpg 200w, https:\/\/www.villers-allerand.fr\/site\/wp-content\/uploads\/2016\/09\/dsc00267-300x225.jpg 300w, https:\/\/www.villers-allerand.fr\/site\/wp-content\/uploads\/2016\/09\/dsc00267-400x300.jpg 400w, https:\/\/www.villers-allerand.fr\/site\/wp-content\/uploads\/2016\/09\/dsc00267-600x450.jpg 600w, https:\/\/www.villers-allerand.fr\/site\/wp-content\/uploads\/2016\/09\/dsc00267-768x576.jpg 768w, https:\/\/www.villers-allerand.fr\/site\/wp-content\/uploads\/2016\/09\/dsc00267-800x600.jpg 800w, https:\/\/www.villers-allerand.fr\/site\/wp-content\/uploads\/2016\/09\/dsc00267-1024x768.jpg 1024w, https:\/\/www.villers-allerand.fr\/site\/wp-content\/uploads\/2016\/09\/dsc00267-1200x900.jpg 1200w\" sizes=\"auto, (max-width: 1024px) 100vw, 1024px\" \/><\/p>\n<p style=\"text-align: center;\">Tout le monde s\u2019y est mis , m\u00eame les plus jeunes\u2026<\/p>\n<p style=\"text-align: center;\"><img loading=\"lazy\" decoding=\"async\" class=\"aligncenter size-large wp-image-12381\" src=\"https:\/\/www.villers-allerand.fr\/site\/wp-content\/uploads\/2016\/09\/dsc00275-1024x768.jpg\" alt=\"dsc00275\" width=\"1024\" height=\"768\" srcset=\"https:\/\/www.villers-allerand.fr\/site\/wp-content\/uploads\/2016\/09\/dsc00275-200x150.jpg 200w, https:\/\/www.villers-allerand.fr\/site\/wp-content\/uploads\/2016\/09\/dsc00275-300x225.jpg 300w, https:\/\/www.villers-allerand.fr\/site\/wp-content\/uploads\/2016\/09\/dsc00275-400x300.jpg 400w, https:\/\/www.villers-allerand.fr\/site\/wp-content\/uploads\/2016\/09\/dsc00275-600x450.jpg 600w, https:\/\/www.villers-allerand.fr\/site\/wp-content\/uploads\/2016\/09\/dsc00275-768x576.jpg 768w, https:\/\/www.villers-allerand.fr\/site\/wp-content\/uploads\/2016\/09\/dsc00275-800x600.jpg 800w, https:\/\/www.villers-allerand.fr\/site\/wp-content\/uploads\/2016\/09\/dsc00275-1024x768.jpg 1024w, https:\/\/www.villers-allerand.fr\/site\/wp-content\/uploads\/2016\/09\/dsc00275-1200x900.jpg 1200w\" sizes=\"auto, (max-width: 1024px) 100vw, 1024px\" \/><\/p>\n<p style=\"text-align: center;\">Apr\u00e8s l\u2019effort , le r\u00e9confort \u2026 Un verre de champagne pour terminer cette belle matin\u00e9e\u2026<\/p>\n","protected":false},"excerpt":{"rendered":"<p>C\u2019est effectivement sous un soleil superbe que 30 \u00e0 40 villageois b\u00e9n\u00e9voles se sont retrouv\u00e9s pour fleurir notre village \u2026 Une vraie r\u00e9ussite collective , pleine de bonne humeur et d\u2019une grande efficacit\u00e9 puisque l\u2019ensemble des jardin\u00e8res ont \u00e9t\u00e9 pos\u00e9es avant la fin de la matin\u00e9e \u2026 Merci \u00e0 tous pour cette belle et sympathique mobilisation [&hellip;]<\/p>\n","protected":false},"author":1,"featured_media":12382,"comment_status":"closed","ping_status":"closed","sticky":false,"template":"","format":"standard","meta":{"footnotes":""},"categories":[68],"tags":[],"class_list":["post-12886","post","type-post","status-publish","format-standard","has-post-thumbnail","hentry","category-retrospectives-2014"],"yoast_head":"<!-- This site is optimized with the Yoast SEO plugin v26.8 - https:\/\/yoast.com\/product\/yoast-seo-wordpress\/ -->\n<title>Fleurissement 2014 - Mairie de Villers-Allerand - Montchenot<\/title>\n<meta name=\"robots\" content=\"index, follow, max-snippet:-1, max-image-preview:large, max-video-preview:-1\" \/>\n<link rel=\"canonical\" href=\"https:\/\/www.villers-allerand.fr\/site\/fleurissement-2014\/\" \/>\n<meta property=\"og:locale\" content=\"fr_FR\" \/>\n<meta property=\"og:type\" content=\"article\" \/>\n<meta property=\"og:title\" content=\"Fleurissement 2014 - Mairie de Villers-Allerand - Montchenot\" \/>\n<meta property=\"og:description\" content=\"C\u2019est effectivement sous un soleil superbe que 30 \u00e0 40 villageois b\u00e9n\u00e9voles se sont retrouv\u00e9s pour fleurir notre village \u2026 Une vraie r\u00e9ussite collective , pleine de bonne humeur et d\u2019une grande efficacit\u00e9 puisque l\u2019ensemble des jardin\u00e8res ont \u00e9t\u00e9 pos\u00e9es avant la fin de la matin\u00e9e \u2026 Merci \u00e0 tous pour cette belle et sympathique mobilisation [&hellip;]\" \/>\n<meta property=\"og:url\" content=\"https:\/\/www.villers-allerand.fr\/site\/fleurissement-2014\/\" \/>\n<meta property=\"og:site_name\" content=\"Mairie de Villers-Allerand - Montchenot\" \/>\n<meta property=\"article:published_time\" content=\"2016-11-18T10:43:03+00:00\" \/>\n<meta property=\"article:modified_time\" content=\"2017-07-03T14:59:22+00:00\" \/>\n<meta property=\"og:image\" content=\"https:\/\/www.villers-allerand.fr\/site\/wp-content\/uploads\/2016\/09\/dsc00260-1024x768.jpg\" \/>\n\t<meta property=\"og:image:width\" content=\"1024\" \/>\n\t<meta property=\"og:image:height\" content=\"768\" \/>\n\t<meta property=\"og:image:type\" content=\"image\/jpeg\" \/>\n<meta name=\"author\" content=\"admin\" \/>\n<meta name=\"twitter:card\" content=\"summary_large_image\" \/>\n<meta name=\"twitter:label1\" content=\"\u00c9crit par\" \/>\n\t<meta name=\"twitter:data1\" content=\"admin\" \/>\n\t<meta name=\"twitter:label2\" content=\"Dur\u00e9e de lecture estim\u00e9e\" \/>\n\t<meta name=\"twitter:data2\" content=\"1 minute\" \/>\n<script type=\"application\/ld+json\" class=\"yoast-schema-graph\">{\"@context\":\"https:\/\/schema.org\",\"@graph\":[{\"@type\":\"Article\",\"@id\":\"https:\/\/www.villers-allerand.fr\/site\/fleurissement-2014\/#article\",\"isPartOf\":{\"@id\":\"https:\/\/www.villers-allerand.fr\/site\/fleurissement-2014\/\"},\"author\":{\"name\":\"admin\",\"@id\":\"https:\/\/www.villers-allerand.fr\/site\/#\/schema\/person\/c33bd58ff6072eaa8e0bab1d579083c7\"},\"headline\":\"Fleurissement 2014\",\"datePublished\":\"2016-11-18T10:43:03+00:00\",\"dateModified\":\"2017-07-03T14:59:22+00:00\",\"mainEntityOfPage\":{\"@id\":\"https:\/\/www.villers-allerand.fr\/site\/fleurissement-2014\/\"},\"wordCount\":195,\"image\":{\"@id\":\"https:\/\/www.villers-allerand.fr\/site\/fleurissement-2014\/#primaryimage\"},\"thumbnailUrl\":\"https:\/\/www.villers-allerand.fr\/site\/wp-content\/uploads\/2016\/09\/dsc00260.jpg\",\"articleSection\":[\"R\u00e9trospectives 2014\"],\"inLanguage\":\"fr-FR\"},{\"@type\":\"WebPage\",\"@id\":\"https:\/\/www.villers-allerand.fr\/site\/fleurissement-2014\/\",\"url\":\"https:\/\/www.villers-allerand.fr\/site\/fleurissement-2014\/\",\"name\":\"Fleurissement 2014 - Mairie de Villers-Allerand - Montchenot\",\"isPartOf\":{\"@id\":\"https:\/\/www.villers-allerand.fr\/site\/#website\"},\"primaryImageOfPage\":{\"@id\":\"https:\/\/www.villers-allerand.fr\/site\/fleurissement-2014\/#primaryimage\"},\"image\":{\"@id\":\"https:\/\/www.villers-allerand.fr\/site\/fleurissement-2014\/#primaryimage\"},\"thumbnailUrl\":\"https:\/\/www.villers-allerand.fr\/site\/wp-content\/uploads\/2016\/09\/dsc00260.jpg\",\"datePublished\":\"2016-11-18T10:43:03+00:00\",\"dateModified\":\"2017-07-03T14:59:22+00:00\",\"author\":{\"@id\":\"https:\/\/www.villers-allerand.fr\/site\/#\/schema\/person\/c33bd58ff6072eaa8e0bab1d579083c7\"},\"breadcrumb\":{\"@id\":\"https:\/\/www.villers-allerand.fr\/site\/fleurissement-2014\/#breadcrumb\"},\"inLanguage\":\"fr-FR\",\"potentialAction\":[{\"@type\":\"ReadAction\",\"target\":[\"https:\/\/www.villers-allerand.fr\/site\/fleurissement-2014\/\"]}]},{\"@type\":\"ImageObject\",\"inLanguage\":\"fr-FR\",\"@id\":\"https:\/\/www.villers-allerand.fr\/site\/fleurissement-2014\/#primaryimage\",\"url\":\"https:\/\/www.villers-allerand.fr\/site\/wp-content\/uploads\/2016\/09\/dsc00260.jpg\",\"contentUrl\":\"https:\/\/www.villers-allerand.fr\/site\/wp-content\/uploads\/2016\/09\/dsc00260.jpg\",\"width\":3072,\"height\":2304},{\"@type\":\"BreadcrumbList\",\"@id\":\"https:\/\/www.villers-allerand.fr\/site\/fleurissement-2014\/#breadcrumb\",\"itemListElement\":[{\"@type\":\"ListItem\",\"position\":1,\"name\":\"Accueil\",\"item\":\"https:\/\/www.villers-allerand.fr\/site\/\"},{\"@type\":\"ListItem\",\"position\":2,\"name\":\"Fleurissement 2014\"}]},{\"@type\":\"WebSite\",\"@id\":\"https:\/\/www.villers-allerand.fr\/site\/#website\",\"url\":\"https:\/\/www.villers-allerand.fr\/site\/\",\"name\":\"Mairie de Villers-Allerand - Montchenot\",\"description\":\"Site Officiel de la Mairie\",\"potentialAction\":[{\"@type\":\"SearchAction\",\"target\":{\"@type\":\"EntryPoint\",\"urlTemplate\":\"https:\/\/www.villers-allerand.fr\/site\/?s={search_term_string}\"},\"query-input\":{\"@type\":\"PropertyValueSpecification\",\"valueRequired\":true,\"valueName\":\"search_term_string\"}}],\"inLanguage\":\"fr-FR\"},{\"@type\":\"Person\",\"@id\":\"https:\/\/www.villers-allerand.fr\/site\/#\/schema\/person\/c33bd58ff6072eaa8e0bab1d579083c7\",\"name\":\"admin\",\"image\":{\"@type\":\"ImageObject\",\"inLanguage\":\"fr-FR\",\"@id\":\"https:\/\/www.villers-allerand.fr\/site\/#\/schema\/person\/image\/\",\"url\":\"https:\/\/secure.gravatar.com\/avatar\/7bda756b742c4c242b44075d05f592db?s=96&d=mm&r=g\",\"contentUrl\":\"https:\/\/secure.gravatar.com\/avatar\/7bda756b742c4c242b44075d05f592db?s=96&d=mm&r=g\",\"caption\":\"admin\"}}]}<\/script>\n<!-- \/ Yoast SEO plugin. -->","yoast_head_json":{"title":"Fleurissement 2014 - Mairie de Villers-Allerand - Montchenot","robots":{"index":"index","follow":"follow","max-snippet":"max-snippet:-1","max-image-preview":"max-image-preview:large","max-video-preview":"max-video-preview:-1"},"canonical":"https:\/\/www.villers-allerand.fr\/site\/fleurissement-2014\/","og_locale":"fr_FR","og_type":"article","og_title":"Fleurissement 2014 - Mairie de Villers-Allerand - Montchenot","og_description":"C\u2019est effectivement sous un soleil superbe que 30 \u00e0 40 villageois b\u00e9n\u00e9voles se sont retrouv\u00e9s pour fleurir notre village \u2026 Une vraie r\u00e9ussite collective , pleine de bonne humeur et d\u2019une grande efficacit\u00e9 puisque l\u2019ensemble des jardin\u00e8res ont \u00e9t\u00e9 pos\u00e9es avant la fin de la matin\u00e9e \u2026 Merci \u00e0 tous pour cette belle et sympathique mobilisation [&hellip;]","og_url":"https:\/\/www.villers-allerand.fr\/site\/fleurissement-2014\/","og_site_name":"Mairie de Villers-Allerand - Montchenot","article_published_time":"2016-11-18T10:43:03+00:00","article_modified_time":"2017-07-03T14:59:22+00:00","og_image":[{"width":1024,"height":768,"url":"https:\/\/www.villers-allerand.fr\/site\/wp-content\/uploads\/2016\/09\/dsc00260-1024x768.jpg","type":"image\/jpeg"}],"author":"admin","twitter_card":"summary_large_image","twitter_misc":{"\u00c9crit par":"admin","Dur\u00e9e de lecture estim\u00e9e":"1 minute"},"schema":{"@context":"https:\/\/schema.org","@graph":[{"@type":"Article","@id":"https:\/\/www.villers-allerand.fr\/site\/fleurissement-2014\/#article","isPartOf":{"@id":"https:\/\/www.villers-allerand.fr\/site\/fleurissement-2014\/"},"author":{"name":"admin","@id":"https:\/\/www.villers-allerand.fr\/site\/#\/schema\/person\/c33bd58ff6072eaa8e0bab1d579083c7"},"headline":"Fleurissement 2014","datePublished":"2016-11-18T10:43:03+00:00","dateModified":"2017-07-03T14:59:22+00:00","mainEntityOfPage":{"@id":"https:\/\/www.villers-allerand.fr\/site\/fleurissement-2014\/"},"wordCount":195,"image":{"@id":"https:\/\/www.villers-allerand.fr\/site\/fleurissement-2014\/#primaryimage"},"thumbnailUrl":"https:\/\/www.villers-allerand.fr\/site\/wp-content\/uploads\/2016\/09\/dsc00260.jpg","articleSection":["R\u00e9trospectives 2014"],"inLanguage":"fr-FR"},{"@type":"WebPage","@id":"https:\/\/www.villers-allerand.fr\/site\/fleurissement-2014\/","url":"https:\/\/www.villers-allerand.fr\/site\/fleurissement-2014\/","name":"Fleurissement 2014 - Mairie de Villers-Allerand - Montchenot","isPartOf":{"@id":"https:\/\/www.villers-allerand.fr\/site\/#website"},"primaryImageOfPage":{"@id":"https:\/\/www.villers-allerand.fr\/site\/fleurissement-2014\/#primaryimage"},"image":{"@id":"https:\/\/www.villers-allerand.fr\/site\/fleurissement-2014\/#primaryimage"},"thumbnailUrl":"https:\/\/www.villers-allerand.fr\/site\/wp-content\/uploads\/2016\/09\/dsc00260.jpg","datePublished":"2016-11-18T10:43:03+00:00","dateModified":"2017-07-03T14:59:22+00:00","author":{"@id":"https:\/\/www.villers-allerand.fr\/site\/#\/schema\/person\/c33bd58ff6072eaa8e0bab1d579083c7"},"breadcrumb":{"@id":"https:\/\/www.villers-allerand.fr\/site\/fleurissement-2014\/#breadcrumb"},"inLanguage":"fr-FR","potentialAction":[{"@type":"ReadAction","target":["https:\/\/www.villers-allerand.fr\/site\/fleurissement-2014\/"]}]},{"@type":"ImageObject","inLanguage":"fr-FR","@id":"https:\/\/www.villers-allerand.fr\/site\/fleurissement-2014\/#primaryimage","url":"https:\/\/www.villers-allerand.fr\/site\/wp-content\/uploads\/2016\/09\/dsc00260.jpg","contentUrl":"https:\/\/www.villers-allerand.fr\/site\/wp-content\/uploads\/2016\/09\/dsc00260.jpg","width":3072,"height":2304},{"@type":"BreadcrumbList","@id":"https:\/\/www.villers-allerand.fr\/site\/fleurissement-2014\/#breadcrumb","itemListElement":[{"@type":"ListItem","position":1,"name":"Accueil","item":"https:\/\/www.villers-allerand.fr\/site\/"},{"@type":"ListItem","position":2,"name":"Fleurissement 2014"}]},{"@type":"WebSite","@id":"https:\/\/www.villers-allerand.fr\/site\/#website","url":"https:\/\/www.villers-allerand.fr\/site\/","name":"Mairie de Villers-Allerand - Montchenot","description":"Site Officiel de la Mairie","potentialAction":[{"@type":"SearchAction","target":{"@type":"EntryPoint","urlTemplate":"https:\/\/www.villers-allerand.fr\/site\/?s={search_term_string}"},"query-input":{"@type":"PropertyValueSpecification","valueRequired":true,"valueName":"search_term_string"}}],"inLanguage":"fr-FR"},{"@type":"Person","@id":"https:\/\/www.villers-allerand.fr\/site\/#\/schema\/person\/c33bd58ff6072eaa8e0bab1d579083c7","name":"admin","image":{"@type":"ImageObject","inLanguage":"fr-FR","@id":"https:\/\/www.villers-allerand.fr\/site\/#\/schema\/person\/image\/","url":"https:\/\/secure.gravatar.com\/avatar\/7bda756b742c4c242b44075d05f592db?s=96&d=mm&r=g","contentUrl":"https:\/\/secure.gravatar.com\/avatar\/7bda756b742c4c242b44075d05f592db?s=96&d=mm&r=g","caption":"admin"}}]}},"publishpress_future_action":{"enabled":false,"date":"2026-05-09 14:42:15","action":"change-status","newStatus":"draft","terms":[],"taxonomy":"category","extraData":[]},"publishpress_future_workflow_manual_trigger":{"enabledWorkflows":[]},"_links":{"self":[{"href":"https:\/\/www.villers-allerand.fr\/site\/wp-json\/wp\/v2\/posts\/12886","targetHints":{"allow":["GET"]}}],"collection":[{"href":"https:\/\/www.villers-allerand.fr\/site\/wp-json\/wp\/v2\/posts"}],"about":[{"href":"https:\/\/www.villers-allerand.fr\/site\/wp-json\/wp\/v2\/types\/post"}],"author":[{"embeddable":true,"href":"https:\/\/www.villers-allerand.fr\/site\/wp-json\/wp\/v2\/users\/1"}],"replies":[{"embeddable":true,"href":"https:\/\/www.villers-allerand.fr\/site\/wp-json\/wp\/v2\/comments?post=12886"}],"version-history":[{"count":2,"href":"https:\/\/www.villers-allerand.fr\/site\/wp-json\/wp\/v2\/posts\/12886\/revisions"}],"predecessor-version":[{"id":12888,"href":"https:\/\/www.villers-allerand.fr\/site\/wp-json\/wp\/v2\/posts\/12886\/revisions\/12888"}],"wp:featuredmedia":[{"embeddable":true,"href":"https:\/\/www.villers-allerand.fr\/site\/wp-json\/wp\/v2\/media\/12382"}],"wp:attachment":[{"href":"https:\/\/www.villers-allerand.fr\/site\/wp-json\/wp\/v2\/media?parent=12886"}],"wp:term":[{"taxonomy":"category","embeddable":true,"href":"https:\/\/www.villers-allerand.fr\/site\/wp-json\/wp\/v2\/categories?post=12886"},{"taxonomy":"post_tag","embeddable":true,"href":"https:\/\/www.villers-allerand.fr\/site\/wp-json\/wp\/v2\/tags?post=12886"}],"curies":[{"name":"wp","href":"https:\/\/api.w.org\/{rel}","templated":true}]}}