{"id":12891,"date":"2016-11-18T11:45:23","date_gmt":"2016-11-18T10:45:23","guid":{"rendered":"http:\/\/www.villers-allerand.fr\/site\/?p=12891"},"modified":"2017-07-03T16:59:22","modified_gmt":"2017-07-03T14:59:22","slug":"ceremonie-8-mai-2014","status":"publish","type":"post","link":"https:\/\/www.villers-allerand.fr\/site\/ceremonie-8-mai-2014\/","title":{"rendered":"C\u00e9r\u00e9monie du 8 mai 2014"},"content":{"rendered":"<p>Un monument aux morts, pr\u00e9par\u00e9s et fleuris par les conseillers, accueillait de nombreuses personnes pour la traditionnelle minute de silence, la d\u00e9pose de gerbe ainsi que l\u2019indispensable appel aux morts.<\/p>\n<p>Il est tr\u00e8s r\u00e9confortant de constater que beaucoup continuent de venir saluer et s\u2019incliner devant toutes ces victimes civiles et militaires qui ont pay\u00e9 de la folie des hommes. R\u00e9confortant aussi que les parents transmettent ce rituel \u00e0 leurs enfants !<\/p>\n<p>\u00ab Ce jour de comm\u00e9moration nous rappelle que nous devrions tirer quelques enseignements de notre Histoire tumultueuse. En particulier, avoir \u00e0 l\u2019esprit des valeurs d\u2019Humanit\u00e9, de Tol\u00e9rance, de Respect et de Dignit\u00e9, pour les transmettre de g\u00e9n\u00e9ration en g\u00e9n\u00e9ration.<\/p>\n<p>Nous devons rester vigilant, ces valeurs restent en permanence \u00e0 transmettre et ce travail est toujours \u00e0 recommencer \u00bb concluait le discours annuel du maire .<\/p>\n<p>Enfin , le traditionnel verre a permis des \u00e9changes cordiaux dans la salle de la mairie.<br \/>\nQuant aux enfants , ils auraient d\u00e9j\u00e0 pu chanter ce 8 mai, ils \u00e9taient pr\u00eats.<\/p>\n<p>\u00ab C\u2019est partie remise, le 11 novembre verra les enfants chanter la Marseillaise c\u2019est promis ! \u00bb<br \/>\nnous a confirm\u00e9 l\u2019institutrice du village .<\/p>\n","protected":false},"excerpt":{"rendered":"<p>Un monument aux morts, pr\u00e9par\u00e9s et fleuris par les conseillers, accueillait de nombreuses personnes pour la traditionnelle minute de silence, la d\u00e9pose de gerbe ainsi que l\u2019indispensable appel aux morts. Il est tr\u00e8s r\u00e9confortant de constater que beaucoup continuent de venir saluer et s\u2019incliner devant toutes ces victimes civiles et militaires qui ont pay\u00e9 de la [&hellip;]<\/p>\n","protected":false},"author":1,"featured_media":12787,"comment_status":"closed","ping_status":"closed","sticky":false,"template":"","format":"standard","meta":{"footnotes":""},"categories":[68],"tags":[],"class_list":["post-12891","post","type-post","status-publish","format-standard","has-post-thumbnail","hentry","category-retrospectives-2014"],"yoast_head":"<!-- This site is optimized with the Yoast SEO plugin v26.8 - https:\/\/yoast.com\/product\/yoast-seo-wordpress\/ -->\n<title>C\u00e9r\u00e9monie du 8 mai 2014 - Mairie de Villers-Allerand - Montchenot<\/title>\n<meta name=\"robots\" content=\"index, follow, max-snippet:-1, max-image-preview:large, max-video-preview:-1\" \/>\n<link rel=\"canonical\" href=\"https:\/\/www.villers-allerand.fr\/site\/ceremonie-8-mai-2014\/\" \/>\n<meta property=\"og:locale\" content=\"fr_FR\" \/>\n<meta property=\"og:type\" content=\"article\" \/>\n<meta property=\"og:title\" content=\"C\u00e9r\u00e9monie du 8 mai 2014 - Mairie de Villers-Allerand - Montchenot\" \/>\n<meta property=\"og:description\" content=\"Un monument aux morts, pr\u00e9par\u00e9s et fleuris par les conseillers, accueillait de nombreuses personnes pour la traditionnelle minute de silence, la d\u00e9pose de gerbe ainsi que l\u2019indispensable appel aux morts. Il est tr\u00e8s r\u00e9confortant de constater que beaucoup continuent de venir saluer et s\u2019incliner devant toutes ces victimes civiles et militaires qui ont pay\u00e9 de la [&hellip;]\" \/>\n<meta property=\"og:url\" content=\"https:\/\/www.villers-allerand.fr\/site\/ceremonie-8-mai-2014\/\" \/>\n<meta property=\"og:site_name\" content=\"Mairie de Villers-Allerand - Montchenot\" \/>\n<meta property=\"article:published_time\" content=\"2016-11-18T10:45:23+00:00\" \/>\n<meta property=\"article:modified_time\" content=\"2017-07-03T14:59:22+00:00\" \/>\n<meta property=\"og:image\" content=\"https:\/\/www.villers-allerand.fr\/site\/wp-content\/uploads\/2016\/11\/DSC_0361.jpg\" \/>\n\t<meta property=\"og:image:width\" content=\"1024\" \/>\n\t<meta property=\"og:image:height\" content=\"680\" \/>\n\t<meta property=\"og:image:type\" content=\"image\/jpeg\" \/>\n<meta name=\"author\" content=\"admin\" \/>\n<meta name=\"twitter:card\" content=\"summary_large_image\" \/>\n<meta name=\"twitter:label1\" content=\"\u00c9crit par\" \/>\n\t<meta name=\"twitter:data1\" content=\"admin\" \/>\n\t<meta name=\"twitter:label2\" content=\"Dur\u00e9e de lecture estim\u00e9e\" \/>\n\t<meta name=\"twitter:data2\" content=\"1 minute\" \/>\n<script type=\"application\/ld+json\" class=\"yoast-schema-graph\">{\"@context\":\"https:\/\/schema.org\",\"@graph\":[{\"@type\":\"Article\",\"@id\":\"https:\/\/www.villers-allerand.fr\/site\/ceremonie-8-mai-2014\/#article\",\"isPartOf\":{\"@id\":\"https:\/\/www.villers-allerand.fr\/site\/ceremonie-8-mai-2014\/\"},\"author\":{\"name\":\"admin\",\"@id\":\"https:\/\/www.villers-allerand.fr\/site\/#\/schema\/person\/c33bd58ff6072eaa8e0bab1d579083c7\"},\"headline\":\"C\u00e9r\u00e9monie du 8 mai 2014\",\"datePublished\":\"2016-11-18T10:45:23+00:00\",\"dateModified\":\"2017-07-03T14:59:22+00:00\",\"mainEntityOfPage\":{\"@id\":\"https:\/\/www.villers-allerand.fr\/site\/ceremonie-8-mai-2014\/\"},\"wordCount\":201,\"image\":{\"@id\":\"https:\/\/www.villers-allerand.fr\/site\/ceremonie-8-mai-2014\/#primaryimage\"},\"thumbnailUrl\":\"https:\/\/www.villers-allerand.fr\/site\/wp-content\/uploads\/2016\/11\/DSC_0361.jpg\",\"articleSection\":[\"R\u00e9trospectives 2014\"],\"inLanguage\":\"fr-FR\"},{\"@type\":\"WebPage\",\"@id\":\"https:\/\/www.villers-allerand.fr\/site\/ceremonie-8-mai-2014\/\",\"url\":\"https:\/\/www.villers-allerand.fr\/site\/ceremonie-8-mai-2014\/\",\"name\":\"C\u00e9r\u00e9monie du 8 mai 2014 - Mairie de Villers-Allerand - Montchenot\",\"isPartOf\":{\"@id\":\"https:\/\/www.villers-allerand.fr\/site\/#website\"},\"primaryImageOfPage\":{\"@id\":\"https:\/\/www.villers-allerand.fr\/site\/ceremonie-8-mai-2014\/#primaryimage\"},\"image\":{\"@id\":\"https:\/\/www.villers-allerand.fr\/site\/ceremonie-8-mai-2014\/#primaryimage\"},\"thumbnailUrl\":\"https:\/\/www.villers-allerand.fr\/site\/wp-content\/uploads\/2016\/11\/DSC_0361.jpg\",\"datePublished\":\"2016-11-18T10:45:23+00:00\",\"dateModified\":\"2017-07-03T14:59:22+00:00\",\"author\":{\"@id\":\"https:\/\/www.villers-allerand.fr\/site\/#\/schema\/person\/c33bd58ff6072eaa8e0bab1d579083c7\"},\"breadcrumb\":{\"@id\":\"https:\/\/www.villers-allerand.fr\/site\/ceremonie-8-mai-2014\/#breadcrumb\"},\"inLanguage\":\"fr-FR\",\"potentialAction\":[{\"@type\":\"ReadAction\",\"target\":[\"https:\/\/www.villers-allerand.fr\/site\/ceremonie-8-mai-2014\/\"]}]},{\"@type\":\"ImageObject\",\"inLanguage\":\"fr-FR\",\"@id\":\"https:\/\/www.villers-allerand.fr\/site\/ceremonie-8-mai-2014\/#primaryimage\",\"url\":\"https:\/\/www.villers-allerand.fr\/site\/wp-content\/uploads\/2016\/11\/DSC_0361.jpg\",\"contentUrl\":\"https:\/\/www.villers-allerand.fr\/site\/wp-content\/uploads\/2016\/11\/DSC_0361.jpg\",\"width\":1024,\"height\":680},{\"@type\":\"BreadcrumbList\",\"@id\":\"https:\/\/www.villers-allerand.fr\/site\/ceremonie-8-mai-2014\/#breadcrumb\",\"itemListElement\":[{\"@type\":\"ListItem\",\"position\":1,\"name\":\"Accueil\",\"item\":\"https:\/\/www.villers-allerand.fr\/site\/\"},{\"@type\":\"ListItem\",\"position\":2,\"name\":\"C\u00e9r\u00e9monie du 8 mai 2014\"}]},{\"@type\":\"WebSite\",\"@id\":\"https:\/\/www.villers-allerand.fr\/site\/#website\",\"url\":\"https:\/\/www.villers-allerand.fr\/site\/\",\"name\":\"Mairie de Villers-Allerand - Montchenot\",\"description\":\"Site Officiel de la Mairie\",\"potentialAction\":[{\"@type\":\"SearchAction\",\"target\":{\"@type\":\"EntryPoint\",\"urlTemplate\":\"https:\/\/www.villers-allerand.fr\/site\/?s={search_term_string}\"},\"query-input\":{\"@type\":\"PropertyValueSpecification\",\"valueRequired\":true,\"valueName\":\"search_term_string\"}}],\"inLanguage\":\"fr-FR\"},{\"@type\":\"Person\",\"@id\":\"https:\/\/www.villers-allerand.fr\/site\/#\/schema\/person\/c33bd58ff6072eaa8e0bab1d579083c7\",\"name\":\"admin\",\"image\":{\"@type\":\"ImageObject\",\"inLanguage\":\"fr-FR\",\"@id\":\"https:\/\/www.villers-allerand.fr\/site\/#\/schema\/person\/image\/\",\"url\":\"https:\/\/secure.gravatar.com\/avatar\/7bda756b742c4c242b44075d05f592db?s=96&d=mm&r=g\",\"contentUrl\":\"https:\/\/secure.gravatar.com\/avatar\/7bda756b742c4c242b44075d05f592db?s=96&d=mm&r=g\",\"caption\":\"admin\"}}]}<\/script>\n<!-- \/ Yoast SEO plugin. -->","yoast_head_json":{"title":"C\u00e9r\u00e9monie du 8 mai 2014 - Mairie de Villers-Allerand - Montchenot","robots":{"index":"index","follow":"follow","max-snippet":"max-snippet:-1","max-image-preview":"max-image-preview:large","max-video-preview":"max-video-preview:-1"},"canonical":"https:\/\/www.villers-allerand.fr\/site\/ceremonie-8-mai-2014\/","og_locale":"fr_FR","og_type":"article","og_title":"C\u00e9r\u00e9monie du 8 mai 2014 - Mairie de Villers-Allerand - Montchenot","og_description":"Un monument aux morts, pr\u00e9par\u00e9s et fleuris par les conseillers, accueillait de nombreuses personnes pour la traditionnelle minute de silence, la d\u00e9pose de gerbe ainsi que l\u2019indispensable appel aux morts. Il est tr\u00e8s r\u00e9confortant de constater que beaucoup continuent de venir saluer et s\u2019incliner devant toutes ces victimes civiles et militaires qui ont pay\u00e9 de la [&hellip;]","og_url":"https:\/\/www.villers-allerand.fr\/site\/ceremonie-8-mai-2014\/","og_site_name":"Mairie de Villers-Allerand - Montchenot","article_published_time":"2016-11-18T10:45:23+00:00","article_modified_time":"2017-07-03T14:59:22+00:00","og_image":[{"width":1024,"height":680,"url":"https:\/\/www.villers-allerand.fr\/site\/wp-content\/uploads\/2016\/11\/DSC_0361.jpg","type":"image\/jpeg"}],"author":"admin","twitter_card":"summary_large_image","twitter_misc":{"\u00c9crit par":"admin","Dur\u00e9e de lecture estim\u00e9e":"1 minute"},"schema":{"@context":"https:\/\/schema.org","@graph":[{"@type":"Article","@id":"https:\/\/www.villers-allerand.fr\/site\/ceremonie-8-mai-2014\/#article","isPartOf":{"@id":"https:\/\/www.villers-allerand.fr\/site\/ceremonie-8-mai-2014\/"},"author":{"name":"admin","@id":"https:\/\/www.villers-allerand.fr\/site\/#\/schema\/person\/c33bd58ff6072eaa8e0bab1d579083c7"},"headline":"C\u00e9r\u00e9monie du 8 mai 2014","datePublished":"2016-11-18T10:45:23+00:00","dateModified":"2017-07-03T14:59:22+00:00","mainEntityOfPage":{"@id":"https:\/\/www.villers-allerand.fr\/site\/ceremonie-8-mai-2014\/"},"wordCount":201,"image":{"@id":"https:\/\/www.villers-allerand.fr\/site\/ceremonie-8-mai-2014\/#primaryimage"},"thumbnailUrl":"https:\/\/www.villers-allerand.fr\/site\/wp-content\/uploads\/2016\/11\/DSC_0361.jpg","articleSection":["R\u00e9trospectives 2014"],"inLanguage":"fr-FR"},{"@type":"WebPage","@id":"https:\/\/www.villers-allerand.fr\/site\/ceremonie-8-mai-2014\/","url":"https:\/\/www.villers-allerand.fr\/site\/ceremonie-8-mai-2014\/","name":"C\u00e9r\u00e9monie du 8 mai 2014 - Mairie de Villers-Allerand - Montchenot","isPartOf":{"@id":"https:\/\/www.villers-allerand.fr\/site\/#website"},"primaryImageOfPage":{"@id":"https:\/\/www.villers-allerand.fr\/site\/ceremonie-8-mai-2014\/#primaryimage"},"image":{"@id":"https:\/\/www.villers-allerand.fr\/site\/ceremonie-8-mai-2014\/#primaryimage"},"thumbnailUrl":"https:\/\/www.villers-allerand.fr\/site\/wp-content\/uploads\/2016\/11\/DSC_0361.jpg","datePublished":"2016-11-18T10:45:23+00:00","dateModified":"2017-07-03T14:59:22+00:00","author":{"@id":"https:\/\/www.villers-allerand.fr\/site\/#\/schema\/person\/c33bd58ff6072eaa8e0bab1d579083c7"},"breadcrumb":{"@id":"https:\/\/www.villers-allerand.fr\/site\/ceremonie-8-mai-2014\/#breadcrumb"},"inLanguage":"fr-FR","potentialAction":[{"@type":"ReadAction","target":["https:\/\/www.villers-allerand.fr\/site\/ceremonie-8-mai-2014\/"]}]},{"@type":"ImageObject","inLanguage":"fr-FR","@id":"https:\/\/www.villers-allerand.fr\/site\/ceremonie-8-mai-2014\/#primaryimage","url":"https:\/\/www.villers-allerand.fr\/site\/wp-content\/uploads\/2016\/11\/DSC_0361.jpg","contentUrl":"https:\/\/www.villers-allerand.fr\/site\/wp-content\/uploads\/2016\/11\/DSC_0361.jpg","width":1024,"height":680},{"@type":"BreadcrumbList","@id":"https:\/\/www.villers-allerand.fr\/site\/ceremonie-8-mai-2014\/#breadcrumb","itemListElement":[{"@type":"ListItem","position":1,"name":"Accueil","item":"https:\/\/www.villers-allerand.fr\/site\/"},{"@type":"ListItem","position":2,"name":"C\u00e9r\u00e9monie du 8 mai 2014"}]},{"@type":"WebSite","@id":"https:\/\/www.villers-allerand.fr\/site\/#website","url":"https:\/\/www.villers-allerand.fr\/site\/","name":"Mairie de Villers-Allerand - Montchenot","description":"Site Officiel de la Mairie","potentialAction":[{"@type":"SearchAction","target":{"@type":"EntryPoint","urlTemplate":"https:\/\/www.villers-allerand.fr\/site\/?s={search_term_string}"},"query-input":{"@type":"PropertyValueSpecification","valueRequired":true,"valueName":"search_term_string"}}],"inLanguage":"fr-FR"},{"@type":"Person","@id":"https:\/\/www.villers-allerand.fr\/site\/#\/schema\/person\/c33bd58ff6072eaa8e0bab1d579083c7","name":"admin","image":{"@type":"ImageObject","inLanguage":"fr-FR","@id":"https:\/\/www.villers-allerand.fr\/site\/#\/schema\/person\/image\/","url":"https:\/\/secure.gravatar.com\/avatar\/7bda756b742c4c242b44075d05f592db?s=96&d=mm&r=g","contentUrl":"https:\/\/secure.gravatar.com\/avatar\/7bda756b742c4c242b44075d05f592db?s=96&d=mm&r=g","caption":"admin"}}]}},"publishpress_future_action":{"enabled":false,"date":"2026-05-09 14:42:15","action":"change-status","newStatus":"draft","terms":[],"taxonomy":"category","extraData":[]},"publishpress_future_workflow_manual_trigger":{"enabledWorkflows":[]},"_links":{"self":[{"href":"https:\/\/www.villers-allerand.fr\/site\/wp-json\/wp\/v2\/posts\/12891","targetHints":{"allow":["GET"]}}],"collection":[{"href":"https:\/\/www.villers-allerand.fr\/site\/wp-json\/wp\/v2\/posts"}],"about":[{"href":"https:\/\/www.villers-allerand.fr\/site\/wp-json\/wp\/v2\/types\/post"}],"author":[{"embeddable":true,"href":"https:\/\/www.villers-allerand.fr\/site\/wp-json\/wp\/v2\/users\/1"}],"replies":[{"embeddable":true,"href":"https:\/\/www.villers-allerand.fr\/site\/wp-json\/wp\/v2\/comments?post=12891"}],"version-history":[{"count":1,"href":"https:\/\/www.villers-allerand.fr\/site\/wp-json\/wp\/v2\/posts\/12891\/revisions"}],"predecessor-version":[{"id":12892,"href":"https:\/\/www.villers-allerand.fr\/site\/wp-json\/wp\/v2\/posts\/12891\/revisions\/12892"}],"wp:featuredmedia":[{"embeddable":true,"href":"https:\/\/www.villers-allerand.fr\/site\/wp-json\/wp\/v2\/media\/12787"}],"wp:attachment":[{"href":"https:\/\/www.villers-allerand.fr\/site\/wp-json\/wp\/v2\/media?parent=12891"}],"wp:term":[{"taxonomy":"category","embeddable":true,"href":"https:\/\/www.villers-allerand.fr\/site\/wp-json\/wp\/v2\/categories?post=12891"},{"taxonomy":"post_tag","embeddable":true,"href":"https:\/\/www.villers-allerand.fr\/site\/wp-json\/wp\/v2\/tags?post=12891"}],"curies":[{"name":"wp","href":"https:\/\/api.w.org\/{rel}","templated":true}]}}