{"id":14119,"date":"2018-11-08T09:21:38","date_gmt":"2018-11-08T08:21:38","guid":{"rendered":"http:\/\/www.villers-allerand.fr\/site\/?p=14119"},"modified":"2018-11-08T09:25:35","modified_gmt":"2018-11-08T08:25:35","slug":"halloween-3","status":"publish","type":"post","link":"https:\/\/www.villers-allerand.fr\/site\/halloween-3\/","title":{"rendered":"Halloween"},"content":{"rendered":"<p>\u00c0 l&rsquo;initiative de La R\u00e9cr\u00e9, plus de 60 cr\u00e9atures plus effrayantes les unes que les autres ont hant\u00e9 les rues du village \u00e0 la nuit tomb\u00e9e, \u00e0 la recherche de bonbons et autres friandises.<\/p>\n<p>Auparavant, les b\u00e9n\u00e9voles de l&rsquo;association ont accueillis enfants et parents pour un apr\u00e8s-midi d&rsquo;activit\u00e9s&#8230;gouter et bonbons \u00e9taient bien sur au programme,<\/p>\n<p>Encore une belle r\u00e9ussite, merci \u00e0 La R\u00e9cr\u00e9.<\/p>\n<p>&nbsp;<\/p>\n<p><img loading=\"lazy\" decoding=\"async\" class=\"size-full wp-image-14120 aligncenter\" src=\"https:\/\/www.villers-allerand.fr\/site\/wp-content\/uploads\/2018\/11\/DSC_7311.jpeg\" alt=\"\" width=\"1280\" height=\"848\" srcset=\"https:\/\/www.villers-allerand.fr\/site\/wp-content\/uploads\/2018\/11\/DSC_7311-200x133.jpeg 200w, https:\/\/www.villers-allerand.fr\/site\/wp-content\/uploads\/2018\/11\/DSC_7311-300x199.jpeg 300w, https:\/\/www.villers-allerand.fr\/site\/wp-content\/uploads\/2018\/11\/DSC_7311-400x265.jpeg 400w, https:\/\/www.villers-allerand.fr\/site\/wp-content\/uploads\/2018\/11\/DSC_7311-600x398.jpeg 600w, https:\/\/www.villers-allerand.fr\/site\/wp-content\/uploads\/2018\/11\/DSC_7311-768x509.jpeg 768w, https:\/\/www.villers-allerand.fr\/site\/wp-content\/uploads\/2018\/11\/DSC_7311-800x530.jpeg 800w, https:\/\/www.villers-allerand.fr\/site\/wp-content\/uploads\/2018\/11\/DSC_7311-1024x678.jpeg 1024w, https:\/\/www.villers-allerand.fr\/site\/wp-content\/uploads\/2018\/11\/DSC_7311-1200x795.jpeg 1200w, https:\/\/www.villers-allerand.fr\/site\/wp-content\/uploads\/2018\/11\/DSC_7311.jpeg 1280w\" sizes=\"auto, (max-width: 1280px) 100vw, 1280px\" \/> <img loading=\"lazy\" decoding=\"async\" class=\"size-full wp-image-14121 aligncenter\" src=\"https:\/\/www.villers-allerand.fr\/site\/wp-content\/uploads\/2018\/11\/DSC_7313.jpeg\" alt=\"\" width=\"1280\" height=\"848\" srcset=\"https:\/\/www.villers-allerand.fr\/site\/wp-content\/uploads\/2018\/11\/DSC_7313-200x133.jpeg 200w, https:\/\/www.villers-allerand.fr\/site\/wp-content\/uploads\/2018\/11\/DSC_7313-300x199.jpeg 300w, https:\/\/www.villers-allerand.fr\/site\/wp-content\/uploads\/2018\/11\/DSC_7313-400x265.jpeg 400w, https:\/\/www.villers-allerand.fr\/site\/wp-content\/uploads\/2018\/11\/DSC_7313-600x398.jpeg 600w, https:\/\/www.villers-allerand.fr\/site\/wp-content\/uploads\/2018\/11\/DSC_7313-768x509.jpeg 768w, https:\/\/www.villers-allerand.fr\/site\/wp-content\/uploads\/2018\/11\/DSC_7313-800x530.jpeg 800w, https:\/\/www.villers-allerand.fr\/site\/wp-content\/uploads\/2018\/11\/DSC_7313-1024x678.jpeg 1024w, https:\/\/www.villers-allerand.fr\/site\/wp-content\/uploads\/2018\/11\/DSC_7313-1200x795.jpeg 1200w, https:\/\/www.villers-allerand.fr\/site\/wp-content\/uploads\/2018\/11\/DSC_7313.jpeg 1280w\" sizes=\"auto, (max-width: 1280px) 100vw, 1280px\" \/><\/p>\n","protected":false},"excerpt":{"rendered":"<p>\u00c0 l&rsquo;initiative de La R\u00e9cr\u00e9, plus de 60 cr\u00e9atures plus effrayantes les unes que les autres ont hant\u00e9 les rues du village \u00e0 la nuit tomb\u00e9e, \u00e0 la recherche de bonbons et autres friandises. Auparavant, les b\u00e9n\u00e9voles de l&rsquo;association ont accueillis enfants et parents pour un apr\u00e8s-midi d&rsquo;activit\u00e9s&#8230;gouter et bonbons \u00e9taient bien sur au programme, Encore [&hellip;]<\/p>\n","protected":false},"author":2,"featured_media":14090,"comment_status":"closed","ping_status":"closed","sticky":false,"template":"","format":"standard","meta":{"footnotes":""},"categories":[180],"tags":[219],"class_list":["post-14119","post","type-post","status-publish","format-standard","has-post-thumbnail","hentry","category-retrospectives-2018","tag-halloween"],"yoast_head":"<!-- This site is optimized with the Yoast SEO plugin v26.8 - https:\/\/yoast.com\/product\/yoast-seo-wordpress\/ -->\n<title>Halloween - Mairie de Villers-Allerand - Montchenot<\/title>\n<meta name=\"robots\" content=\"index, follow, max-snippet:-1, max-image-preview:large, max-video-preview:-1\" \/>\n<link rel=\"canonical\" href=\"https:\/\/www.villers-allerand.fr\/site\/halloween-3\/\" \/>\n<meta property=\"og:locale\" content=\"fr_FR\" \/>\n<meta property=\"og:type\" content=\"article\" \/>\n<meta property=\"og:title\" content=\"Halloween - Mairie de Villers-Allerand - Montchenot\" \/>\n<meta property=\"og:description\" content=\"\u00c0 l&rsquo;initiative de La R\u00e9cr\u00e9, plus de 60 cr\u00e9atures plus effrayantes les unes que les autres ont hant\u00e9 les rues du village \u00e0 la nuit tomb\u00e9e, \u00e0 la recherche de bonbons et autres friandises. Auparavant, les b\u00e9n\u00e9voles de l&rsquo;association ont accueillis enfants et parents pour un apr\u00e8s-midi d&rsquo;activit\u00e9s&#8230;gouter et bonbons \u00e9taient bien sur au programme, Encore [&hellip;]\" \/>\n<meta property=\"og:url\" content=\"https:\/\/www.villers-allerand.fr\/site\/halloween-3\/\" \/>\n<meta property=\"og:site_name\" content=\"Mairie de Villers-Allerand - Montchenot\" \/>\n<meta property=\"article:published_time\" content=\"2018-11-08T08:21:38+00:00\" \/>\n<meta property=\"article:modified_time\" content=\"2018-11-08T08:25:35+00:00\" \/>\n<meta property=\"og:image\" content=\"https:\/\/www.villers-allerand.fr\/site\/wp-content\/uploads\/2018\/10\/halloween-citrouilles-e1540531850518.jpg\" \/>\n\t<meta property=\"og:image:width\" content=\"778\" \/>\n\t<meta property=\"og:image:height\" content=\"703\" \/>\n\t<meta property=\"og:image:type\" content=\"image\/jpeg\" \/>\n<meta name=\"author\" content=\"webmaster\" \/>\n<meta name=\"twitter:card\" content=\"summary_large_image\" \/>\n<meta name=\"twitter:label1\" content=\"\u00c9crit par\" \/>\n\t<meta name=\"twitter:data1\" content=\"webmaster\" \/>\n<script type=\"application\/ld+json\" class=\"yoast-schema-graph\">{\"@context\":\"https:\/\/schema.org\",\"@graph\":[{\"@type\":\"Article\",\"@id\":\"https:\/\/www.villers-allerand.fr\/site\/halloween-3\/#article\",\"isPartOf\":{\"@id\":\"https:\/\/www.villers-allerand.fr\/site\/halloween-3\/\"},\"author\":{\"name\":\"webmaster\",\"@id\":\"https:\/\/www.villers-allerand.fr\/site\/#\/schema\/person\/4688120b1fdf6f98803340b4cbc38e4b\"},\"headline\":\"Halloween\",\"datePublished\":\"2018-11-08T08:21:38+00:00\",\"dateModified\":\"2018-11-08T08:25:35+00:00\",\"mainEntityOfPage\":{\"@id\":\"https:\/\/www.villers-allerand.fr\/site\/halloween-3\/\"},\"wordCount\":70,\"image\":{\"@id\":\"https:\/\/www.villers-allerand.fr\/site\/halloween-3\/#primaryimage\"},\"thumbnailUrl\":\"https:\/\/www.villers-allerand.fr\/site\/wp-content\/uploads\/2018\/10\/halloween-citrouilles-e1540531850518.jpg\",\"keywords\":[\"Halloween\"],\"articleSection\":[\"R\u00e9trospectives 2018\"],\"inLanguage\":\"fr-FR\"},{\"@type\":\"WebPage\",\"@id\":\"https:\/\/www.villers-allerand.fr\/site\/halloween-3\/\",\"url\":\"https:\/\/www.villers-allerand.fr\/site\/halloween-3\/\",\"name\":\"Halloween - Mairie de Villers-Allerand - Montchenot\",\"isPartOf\":{\"@id\":\"https:\/\/www.villers-allerand.fr\/site\/#website\"},\"primaryImageOfPage\":{\"@id\":\"https:\/\/www.villers-allerand.fr\/site\/halloween-3\/#primaryimage\"},\"image\":{\"@id\":\"https:\/\/www.villers-allerand.fr\/site\/halloween-3\/#primaryimage\"},\"thumbnailUrl\":\"https:\/\/www.villers-allerand.fr\/site\/wp-content\/uploads\/2018\/10\/halloween-citrouilles-e1540531850518.jpg\",\"datePublished\":\"2018-11-08T08:21:38+00:00\",\"dateModified\":\"2018-11-08T08:25:35+00:00\",\"author\":{\"@id\":\"https:\/\/www.villers-allerand.fr\/site\/#\/schema\/person\/4688120b1fdf6f98803340b4cbc38e4b\"},\"breadcrumb\":{\"@id\":\"https:\/\/www.villers-allerand.fr\/site\/halloween-3\/#breadcrumb\"},\"inLanguage\":\"fr-FR\",\"potentialAction\":[{\"@type\":\"ReadAction\",\"target\":[\"https:\/\/www.villers-allerand.fr\/site\/halloween-3\/\"]}]},{\"@type\":\"ImageObject\",\"inLanguage\":\"fr-FR\",\"@id\":\"https:\/\/www.villers-allerand.fr\/site\/halloween-3\/#primaryimage\",\"url\":\"https:\/\/www.villers-allerand.fr\/site\/wp-content\/uploads\/2018\/10\/halloween-citrouilles-e1540531850518.jpg\",\"contentUrl\":\"https:\/\/www.villers-allerand.fr\/site\/wp-content\/uploads\/2018\/10\/halloween-citrouilles-e1540531850518.jpg\",\"width\":778,\"height\":703},{\"@type\":\"BreadcrumbList\",\"@id\":\"https:\/\/www.villers-allerand.fr\/site\/halloween-3\/#breadcrumb\",\"itemListElement\":[{\"@type\":\"ListItem\",\"position\":1,\"name\":\"Accueil\",\"item\":\"https:\/\/www.villers-allerand.fr\/site\/\"},{\"@type\":\"ListItem\",\"position\":2,\"name\":\"Halloween\"}]},{\"@type\":\"WebSite\",\"@id\":\"https:\/\/www.villers-allerand.fr\/site\/#website\",\"url\":\"https:\/\/www.villers-allerand.fr\/site\/\",\"name\":\"Mairie de Villers-Allerand - Montchenot\",\"description\":\"Site Officiel de la Mairie\",\"potentialAction\":[{\"@type\":\"SearchAction\",\"target\":{\"@type\":\"EntryPoint\",\"urlTemplate\":\"https:\/\/www.villers-allerand.fr\/site\/?s={search_term_string}\"},\"query-input\":{\"@type\":\"PropertyValueSpecification\",\"valueRequired\":true,\"valueName\":\"search_term_string\"}}],\"inLanguage\":\"fr-FR\"},{\"@type\":\"Person\",\"@id\":\"https:\/\/www.villers-allerand.fr\/site\/#\/schema\/person\/4688120b1fdf6f98803340b4cbc38e4b\",\"name\":\"webmaster\",\"image\":{\"@type\":\"ImageObject\",\"inLanguage\":\"fr-FR\",\"@id\":\"https:\/\/www.villers-allerand.fr\/site\/#\/schema\/person\/image\/\",\"url\":\"https:\/\/secure.gravatar.com\/avatar\/7ae33595ea8568e0c28d34997e54608e?s=96&d=mm&r=g\",\"contentUrl\":\"https:\/\/secure.gravatar.com\/avatar\/7ae33595ea8568e0c28d34997e54608e?s=96&d=mm&r=g\",\"caption\":\"webmaster\"}}]}<\/script>\n<!-- \/ Yoast SEO plugin. -->","yoast_head_json":{"title":"Halloween - Mairie de Villers-Allerand - Montchenot","robots":{"index":"index","follow":"follow","max-snippet":"max-snippet:-1","max-image-preview":"max-image-preview:large","max-video-preview":"max-video-preview:-1"},"canonical":"https:\/\/www.villers-allerand.fr\/site\/halloween-3\/","og_locale":"fr_FR","og_type":"article","og_title":"Halloween - Mairie de Villers-Allerand - Montchenot","og_description":"\u00c0 l&rsquo;initiative de La R\u00e9cr\u00e9, plus de 60 cr\u00e9atures plus effrayantes les unes que les autres ont hant\u00e9 les rues du village \u00e0 la nuit tomb\u00e9e, \u00e0 la recherche de bonbons et autres friandises. Auparavant, les b\u00e9n\u00e9voles de l&rsquo;association ont accueillis enfants et parents pour un apr\u00e8s-midi d&rsquo;activit\u00e9s&#8230;gouter et bonbons \u00e9taient bien sur au programme, Encore [&hellip;]","og_url":"https:\/\/www.villers-allerand.fr\/site\/halloween-3\/","og_site_name":"Mairie de Villers-Allerand - Montchenot","article_published_time":"2018-11-08T08:21:38+00:00","article_modified_time":"2018-11-08T08:25:35+00:00","og_image":[{"width":778,"height":703,"url":"https:\/\/www.villers-allerand.fr\/site\/wp-content\/uploads\/2018\/10\/halloween-citrouilles-e1540531850518.jpg","type":"image\/jpeg"}],"author":"webmaster","twitter_card":"summary_large_image","twitter_misc":{"\u00c9crit par":"webmaster"},"schema":{"@context":"https:\/\/schema.org","@graph":[{"@type":"Article","@id":"https:\/\/www.villers-allerand.fr\/site\/halloween-3\/#article","isPartOf":{"@id":"https:\/\/www.villers-allerand.fr\/site\/halloween-3\/"},"author":{"name":"webmaster","@id":"https:\/\/www.villers-allerand.fr\/site\/#\/schema\/person\/4688120b1fdf6f98803340b4cbc38e4b"},"headline":"Halloween","datePublished":"2018-11-08T08:21:38+00:00","dateModified":"2018-11-08T08:25:35+00:00","mainEntityOfPage":{"@id":"https:\/\/www.villers-allerand.fr\/site\/halloween-3\/"},"wordCount":70,"image":{"@id":"https:\/\/www.villers-allerand.fr\/site\/halloween-3\/#primaryimage"},"thumbnailUrl":"https:\/\/www.villers-allerand.fr\/site\/wp-content\/uploads\/2018\/10\/halloween-citrouilles-e1540531850518.jpg","keywords":["Halloween"],"articleSection":["R\u00e9trospectives 2018"],"inLanguage":"fr-FR"},{"@type":"WebPage","@id":"https:\/\/www.villers-allerand.fr\/site\/halloween-3\/","url":"https:\/\/www.villers-allerand.fr\/site\/halloween-3\/","name":"Halloween - Mairie de Villers-Allerand - Montchenot","isPartOf":{"@id":"https:\/\/www.villers-allerand.fr\/site\/#website"},"primaryImageOfPage":{"@id":"https:\/\/www.villers-allerand.fr\/site\/halloween-3\/#primaryimage"},"image":{"@id":"https:\/\/www.villers-allerand.fr\/site\/halloween-3\/#primaryimage"},"thumbnailUrl":"https:\/\/www.villers-allerand.fr\/site\/wp-content\/uploads\/2018\/10\/halloween-citrouilles-e1540531850518.jpg","datePublished":"2018-11-08T08:21:38+00:00","dateModified":"2018-11-08T08:25:35+00:00","author":{"@id":"https:\/\/www.villers-allerand.fr\/site\/#\/schema\/person\/4688120b1fdf6f98803340b4cbc38e4b"},"breadcrumb":{"@id":"https:\/\/www.villers-allerand.fr\/site\/halloween-3\/#breadcrumb"},"inLanguage":"fr-FR","potentialAction":[{"@type":"ReadAction","target":["https:\/\/www.villers-allerand.fr\/site\/halloween-3\/"]}]},{"@type":"ImageObject","inLanguage":"fr-FR","@id":"https:\/\/www.villers-allerand.fr\/site\/halloween-3\/#primaryimage","url":"https:\/\/www.villers-allerand.fr\/site\/wp-content\/uploads\/2018\/10\/halloween-citrouilles-e1540531850518.jpg","contentUrl":"https:\/\/www.villers-allerand.fr\/site\/wp-content\/uploads\/2018\/10\/halloween-citrouilles-e1540531850518.jpg","width":778,"height":703},{"@type":"BreadcrumbList","@id":"https:\/\/www.villers-allerand.fr\/site\/halloween-3\/#breadcrumb","itemListElement":[{"@type":"ListItem","position":1,"name":"Accueil","item":"https:\/\/www.villers-allerand.fr\/site\/"},{"@type":"ListItem","position":2,"name":"Halloween"}]},{"@type":"WebSite","@id":"https:\/\/www.villers-allerand.fr\/site\/#website","url":"https:\/\/www.villers-allerand.fr\/site\/","name":"Mairie de Villers-Allerand - Montchenot","description":"Site Officiel de la Mairie","potentialAction":[{"@type":"SearchAction","target":{"@type":"EntryPoint","urlTemplate":"https:\/\/www.villers-allerand.fr\/site\/?s={search_term_string}"},"query-input":{"@type":"PropertyValueSpecification","valueRequired":true,"valueName":"search_term_string"}}],"inLanguage":"fr-FR"},{"@type":"Person","@id":"https:\/\/www.villers-allerand.fr\/site\/#\/schema\/person\/4688120b1fdf6f98803340b4cbc38e4b","name":"webmaster","image":{"@type":"ImageObject","inLanguage":"fr-FR","@id":"https:\/\/www.villers-allerand.fr\/site\/#\/schema\/person\/image\/","url":"https:\/\/secure.gravatar.com\/avatar\/7ae33595ea8568e0c28d34997e54608e?s=96&d=mm&r=g","contentUrl":"https:\/\/secure.gravatar.com\/avatar\/7ae33595ea8568e0c28d34997e54608e?s=96&d=mm&r=g","caption":"webmaster"}}]}},"publishpress_future_action":{"enabled":false,"date":"2026-05-09 14:42:17","action":"change-status","newStatus":"draft","terms":[],"taxonomy":"category","extraData":[]},"publishpress_future_workflow_manual_trigger":{"enabledWorkflows":[]},"_links":{"self":[{"href":"https:\/\/www.villers-allerand.fr\/site\/wp-json\/wp\/v2\/posts\/14119","targetHints":{"allow":["GET"]}}],"collection":[{"href":"https:\/\/www.villers-allerand.fr\/site\/wp-json\/wp\/v2\/posts"}],"about":[{"href":"https:\/\/www.villers-allerand.fr\/site\/wp-json\/wp\/v2\/types\/post"}],"author":[{"embeddable":true,"href":"https:\/\/www.villers-allerand.fr\/site\/wp-json\/wp\/v2\/users\/2"}],"replies":[{"embeddable":true,"href":"https:\/\/www.villers-allerand.fr\/site\/wp-json\/wp\/v2\/comments?post=14119"}],"version-history":[{"count":3,"href":"https:\/\/www.villers-allerand.fr\/site\/wp-json\/wp\/v2\/posts\/14119\/revisions"}],"predecessor-version":[{"id":14124,"href":"https:\/\/www.villers-allerand.fr\/site\/wp-json\/wp\/v2\/posts\/14119\/revisions\/14124"}],"wp:featuredmedia":[{"embeddable":true,"href":"https:\/\/www.villers-allerand.fr\/site\/wp-json\/wp\/v2\/media\/14090"}],"wp:attachment":[{"href":"https:\/\/www.villers-allerand.fr\/site\/wp-json\/wp\/v2\/media?parent=14119"}],"wp:term":[{"taxonomy":"category","embeddable":true,"href":"https:\/\/www.villers-allerand.fr\/site\/wp-json\/wp\/v2\/categories?post=14119"},{"taxonomy":"post_tag","embeddable":true,"href":"https:\/\/www.villers-allerand.fr\/site\/wp-json\/wp\/v2\/tags?post=14119"}],"curies":[{"name":"wp","href":"https:\/\/api.w.org\/{rel}","templated":true}]}}