{"id":14129,"date":"2018-11-13T10:39:18","date_gmt":"2018-11-13T09:39:18","guid":{"rendered":"http:\/\/www.villers-allerand.fr\/site\/?p=14129"},"modified":"2018-11-23T09:55:21","modified_gmt":"2018-11-23T08:55:21","slug":"11-novembre-2018-un-devoir-de-memoire-essentiel","status":"publish","type":"post","link":"https:\/\/www.villers-allerand.fr\/site\/11-novembre-2018-un-devoir-de-memoire-essentiel\/","title":{"rendered":"11 Novembre 2018 &#8211; Un devoir de m\u00e9moire essentiel"},"content":{"rendered":"<p><span style=\"color: #993366;\">Dimanche 11 novembre 2018, comme depuis des dizaines d&rsquo;ann\u00e9es, les habitants de Villers-Allerand Montchenot \u00e9taient invit\u00e9s \u00e0 se rassembler devant le Monument aux Morts \u00e0 11h.<\/span><\/p>\n<p><span style=\"color: #993366;\">Un centenaire cette fois. 1918-2018, 100 ann\u00e9es \u00e9coul\u00e9es depuis l&rsquo;armistice signant la fin d&rsquo;un des conflits les plus meurtriers de notre histoire.<\/span><\/p>\n<p><span style=\"color: #993366;\">L&rsquo;occasion de rendre hommage aux hommes qui ont combattus, aux familles meurtries, aux orphelins &#8230; mais aussi l&rsquo;occasion de maintenir cette page d&rsquo;histoire dans nos esprits, ne pas oublier, ne pas reproduire, combattre l&rsquo;intol\u00e9rance pour maintenir la Paix, pour nos g\u00e9n\u00e9rations et les g\u00e9n\u00e9rations futures.<\/span><\/p>\n<p><span style=\"color: #993366;\">Les cloches sonnent \u00e0 toute vol\u00e9e, en ce 11 novembre 2018, appelant les habitants \u00e0 se rassembler.<\/span><\/p>\n<p><span style=\"color: #993366;\">Monsieur Spillebout, ancien combattant, est notre porte drapeau, nous le remercions.<\/span><\/p>\n<p><span style=\"color: #993366;\">Didier De Amorin ouvre la c\u00e9r\u00e9monie par la lecture du message de Pr\u00e9sident de la R\u00e9publique (document \u00e0 votre disposition en bas de page)<\/span><\/p>\n<p><span style=\"color: #993366;\">Monsieur le Maire invite ensuite Lola Belotti, \u00e9l\u00e8ve de 3\u00e8me au Coll\u00e8ge La Source, \u00e0 venir exposer son point de vue sur la guerre, puis Baptiste Brasselet et Ana\u00efs Antonelli interviennent, par la lecture d&rsquo;un po\u00e8me.<\/span><\/p>\n<p><span style=\"color: #993366;\">Monsieur le Maire remercie leurs enseignants, Mme Nathalie Deprey et Mme Dessoye pour les avoir encourag\u00e9s \u00e0 participer et soutenus dans cette d\u00e9marche.<\/span><\/p>\n<p><span style=\"color: #993366;\">Discours de Monsieur de le Maire de Villers-Allerand Montchenot, Wily Dubos :<\/span><\/p>\n<p><strong><em>100 ans d\u00e9j\u00e0. Quel anniversaire\u00a0!! <\/em><\/strong><\/p>\n<p><strong><em>Allons-nous souffler des bougies sur un g\u00e2teau\u00a0?<\/em><\/strong><br \/>\n<strong><em>Trop de morts 8 millions, d\u2019estropi\u00e9s 6 millions, trop d\u2019injustice, trop de casse, pour faire la f\u00eate\u00a0! <\/em><\/strong><\/p>\n<p><strong><em>Non, nous comm\u00e9morons. C\u2019est un devoir de m\u00e9moire essentiel. Une fa\u00e7on de dire \u00e0 nos ain\u00e9es et ain\u00e9s qu\u2019on se souvient et respectons leur engagement.<\/em><\/strong><\/p>\n<p><strong><em>Pour les survivants, ils en \u00e9taient \u00e0 leur 5<sup>\u00e8me<\/sup> \u00e9t\u00e9 de conflit alors que commen\u00e7ait la seconde bataille de la Marne. C\u2019est la victoire qui a permis aux Alli\u00e9s de reprendre une grande partie du terrain perdu, terrain pour qui, on s\u2019entretuait pour 1cm2. <\/em><\/strong><\/p>\n<p><strong><em>Avec 100 ans de recul, parler sans nuance de Victoire n\u2019est plus possible.<\/em><\/strong><\/p>\n<p><strong><em>En Allemagne, vivre en 1918, c\u2019est une question de pomme de terre et de viande. La mis\u00e8re est grande. Les revers militaires ont raison de la volont\u00e9 combative des allemands. Les voil\u00e0 face aux \u00e9checs de l\u2019automne 1918. Les bo\u00eetes de viande contiennent plus d\u2019eau que de prot\u00e9ines animales. On les remplace par des herbes sauvages. La masse du peuple souhaite que la guerre se termine. <\/em><\/strong><\/p>\n<p><strong><em>Quand les troupes allemandes se retirent elles effectuaient de monstrueuses destructions derri\u00e8re elles, voies min\u00e9es, rails arrach\u00e9s, routes et maisons d\u00e9truites, destructions d\u2019usines. Les alli\u00e9s s\u2019en souviendront lors des n\u00e9gociations de Paix.<\/em><\/strong><\/p>\n<p><strong><em>Cot\u00e9 alli\u00e9s, la population a faim elle aussi, sa lassitude est grande, L\u2019arm\u00e9e en a assez. Foch soutenu par Cl\u00e9menceau et P\u00e9tain veut en finir rapidement. Il pousse les troupes \u00e0 adopter une attitude offensive.<span class=\"Apple-converted-space\">\u00a0 <\/span>Il reste encore des millions de soldats qui s\u2019affrontent.<\/em><\/strong><\/p>\n<p><strong><em>Voyons la chronologie des derniers jours\u00a0:<\/em><\/strong><\/p>\n<p><strong><em>D\u00e8s le 28 septembre le g\u00e9n\u00e9ral en chef des arm\u00e9es allemandes<\/em><\/strong><\/p>\n<p><strong><em>Lundendorff frapp\u00e9 par les nouvelles catastrophiques re\u00e7ues du front bulgare demande la paix. <\/em><\/strong><\/p>\n<p><strong><em>Le 29 sept \u00e0 Spa les allemands demande l\u2019armistice On souhaite n\u00e9gocier un accord dans les meilleures conditions.<\/em><\/strong><\/p>\n<p><strong><em>Le 4 octobre 1918 la demande d\u2019armistice arrive \u00e0 Washington. Le gouvernement allemand sollicite le pr\u00e9sident am\u00e9ricain Willson de prendre les choses en main pour le r\u00e9tablissement de la Paix. <\/em><\/strong><\/p>\n<p><strong><em>Voici donc en marche la pr\u00e9paration de l\u2019Armistice, apr\u00e8s les signatures d\u2019autres trait\u00e9s de paix, d\u2019autres armistices de cette guerre <\/em><\/strong><\/p>\n<p><strong><em>-la Paix de Brest-Litovsk le 3 mars 1918 qui lib\u00e8re les russes du conflit, et qui a abouti \u00e0 la vassalisation de la Pologne des Pays Baltes et de l\u2019Ukraine au profit de l\u2019Allemagne. <\/em><\/strong><\/p>\n<p><strong><em>&#8211; le trait\u00e9 de Bucarest le 7 mai 1918 qui fait de la Roumanie une d\u00e9pendance \u00e9conomique de l\u2019Allemagne. <\/em><\/strong><\/p>\n<p><strong><em>&#8211; le trait\u00e9 de Batoum le 4 juin entre l\u2019Arm\u00e9nie et l\u2019Empire Ottoman.<\/em><\/strong><\/p>\n<p><strong><em>Le 29 septembre l\u2019armistice de Th\u00e9ssalonique avec la Bulgarie,<\/em><\/strong><\/p>\n<p><strong><em>L\u2019Armistice de Moudros le 30 octobre avec la Turquie <\/em><\/strong><\/p>\n<p><strong><em>Le 3 novembre armistice de Villa Guisti pr\u00e8s de Padoue qui a marqu\u00e9 la fin des hostilit\u00e9s entre l\u2019empire austro-hongrois et la triple alliance <\/em><\/strong><\/p>\n<p><strong><em> Et les n\u00e9gociations ont \u00e9t\u00e9 rudes. <\/em><\/strong><\/p>\n<p><strong><em> Le vendredi 8 novembre au matin le convoi de la d\u00e9l\u00e9gation allemande en train atteint une clairi\u00e8re situ\u00e9e \u00e0 2 Kms de Rethondes en for\u00eat de Compi\u00e8gne. Le train franco-anglais de Foch, Weygand mais sans am\u00e9ricain, arriv\u00e9 la veille est sur une autre voie. <\/em><\/strong><\/p>\n<p><strong><em>A 9h l\u2019entrevue a lieu. Foch dit \u00e0 Matthias Erzberger homme politique et journaliste allemand, le civil pr\u00e9sent autour de cette table de militaires\u00a0:<\/em><\/strong><\/p>\n<p><strong><em> \u00ab\u00a0Je n\u2019ai pas de proposition \u00e0 vous faire. Que voulez-Vous\u00a0?\u00a0\u00bb dit Foch\u00a0<\/em><\/strong><\/p>\n<p><strong><em>\u00ab\u00a0Je demande purement et simplement l\u2019armistice \u00ab\u00a0r\u00e9pondra Erzberger.<\/em><\/strong><\/p>\n<p><strong><em> On ne suspend pas le combat, l\u2019arr\u00eat des hostilit\u00e9s ne pourra intervenir qu\u2019apr\u00e8s la signature du texte de l\u2019Armistice. Les allemands ont 72 heures de r\u00e9flexion pour ce texte de 16\u00a0pages.<\/em><\/strong><\/p>\n<p><strong><em>En novembre 18 la r\u00e9volution se d\u00e9clare en Allemagne de Kiel Lubeck Altona Br\u00eame Hambourg Frankfort Stuttgart.<span class=\"Apple-converted-space\">\u00a0 <\/span>Le Kaiser Guillaume 2 renonce au tr\u00f4ne. Cette r\u00e9volution met fin aux derni\u00e8res r\u00e9ticences des vaincus.<\/em><\/strong><\/p>\n<p><strong><em>L\u2019armistice est sign\u00e9 \u00e0 5h 10 du matin avec une entr\u00e9e en vigueur \u00e0 11 heures. Les cloches sonnent, les larmes coulent, les Marseillaises s\u2019entonnent. Et on le comprend bien.<\/em><\/strong><\/p>\n<p><strong><em>La rigueur des conditions impos\u00e9es aux allemands risque d\u2019entrainer famine et anarchie dit Erzberger.<\/em><\/strong><\/p>\n<p><strong><em>Le 11 Novembre ne marque pas tout \u00e0 fait la fin de la guerre. <\/em><\/strong><\/p>\n<p><strong><em>Apr\u00e8s l\u2019armistice vient le temps des trait\u00e9s<\/em><\/strong><\/p>\n<p><strong><em>En 1919, trois trait\u00e9s de paix sont sign\u00e9s\u00a0: <\/em><\/strong><\/p>\n<p><strong><em>-celui de Versailles avec l\u2019Allemagne (le 28 juin),<\/em><\/strong><\/p>\n<p><strong><em>-celui de Saint-Germain-en-Laye avec l\u2019Autriche (le 10 septembre)<\/em><\/strong><\/p>\n<p><strong><em>-celui de Neuilly-sur-Seine avec la Bulgarie (le 27 novembre). <\/em><\/strong><\/p>\n<p><strong><em>Le 28 juin 1919, Les repr\u00e9sentants de l&rsquo;Allemagne doivent signer sans n\u00e9gociations possibles le trait\u00e9 de Versailles dict\u00e9 par les vainqueurs. Il sera promulgu\u00e9 en janvier 1920.<span class=\"Apple-converted-space\">\u00a0 <\/span>Le lieu de la signature du trait\u00e9 permet \u00e0 la France d&rsquo;effacer symboliquement l&rsquo;humiliation de la d\u00e9faite lors de la guerre franco-allemande de1870. C&rsquo;est en effet dans la m\u00eame galerie des glaces au Ch\u00e2teau de Versailles, qu&rsquo;avait eu lieu la proclamation de l\u2019Empire allemand le 18 janvier 1871. <\/em><\/strong><\/p>\n<p><strong><em>Pour \u00e9viter une autre guerre, les vainqueurs cr\u00e9ent la Soci\u00e9t\u00e9 des Nations (SDN). <\/em><\/strong><\/p>\n<p><strong><em>Ceux- ci se partagent toutes les colonies allemandes et exigent de lourdes r\u00e9parations financi\u00e8res. C&rsquo;est la fin de l&#8217;empire austro-hongrois, l&rsquo;Allemagne est d\u00e9chir\u00e9e, mise \u00e0 genoux. La Russie est exclue du trait\u00e9. Les USA ne ratifieront pas ce trait\u00e9, consid\u00e9r\u00e9 par le congr\u00e8s comme un nouvel appel \u00e0 la guerre. Le Congr\u00e8s emp\u00eache ainsi les \u00c9tats-Unis de si\u00e9ger \u00e0 la SDN. Cela marque le retour de l&rsquo;Am\u00e9rique dans l&rsquo;isolationnisme.<\/em><\/strong><\/p>\n<p><strong><em>Deux trait\u00e9s sont sign\u00e9s en 1920\u00a0: le trait\u00e9 de Trianon avec la Hongrie (le 4 juin) et le trait\u00e9 de S\u00e8vres avec la Turquie (le 10 ao\u00fbt).<\/em><\/strong><\/p>\n<p><strong><em>Et d&rsquo;autres conflits directement li\u00e9s \u00e0 la Grande Guerre \u00e9clatent aussit\u00f4t, notamment en Europe de l&rsquo;Est.<\/em><\/strong><\/p>\n<p><strong><em>En France, les poilus mobilis\u00e9s\u00a0ne retournent pas imm\u00e9diatement \u00e0 la vie civile. \u00ab\u00a0La d\u00e9mobilisation s&rsquo;effectue en deux phases\u00a0\u00bb. 5 000 000 d\u2019hommes retournent \u00e0 la maison de novembre 1918 \u00e0 d\u00e9but 1920.<\/em><\/strong><\/p>\n<p><strong><em>Depuis le 11 novembre 1918 vous le savez bien les combats, les guerres n\u2019ont pas cess\u00e9. <\/em><\/strong><\/p>\n<p><strong><em> 1939-1945, \u00e9tait en germe dans cet armistice de 14-18 et dans le trait\u00e9 de Versailles, <\/em><\/strong><\/p>\n<p><strong><em>Et depuis 1945 les terrains d\u2019intervention, sont multiples. On les appelle guerre ou assistance, mais ils sont hors de notre sol citons\u00a0:<\/em><\/strong><\/p>\n<p><strong><em>Indochine, Alg\u00e9rie, Kossovo, Gabon, Soudan, Chypre, Iran, Yougoslavie, Mali, C\u00f4te-d\u2019Ivoire, Sierra L\u00e9one, Lybie. Puis plus derni\u00e8rement Irak, Syrie, Centre-Afrique, Sahel<\/em><\/strong><\/p>\n<p><strong><em>Ce qui change ce n\u2019est pas le malheur, il continue d\u2019\u00eatre partag\u00e9. Les morts aujourd\u2019hui ne sont plus les militaires en tr\u00e8s grande majorit\u00e9. Aujourd\u2019hui ce sont les civils \u00e0 80%.<\/em><\/strong><\/p>\n<p><strong><em>Les techniques ont tellement chang\u00e9 que cette grande guerre fait figure, de triste anc\u00eatre, qui a elle aussi \u00e9t\u00e9 le champ d\u2019application des nouvelles technologie, l\u2019aviation en particulier.<\/em><\/strong><\/p>\n<p><strong><em>La paix recule ou plut\u00f4t la guerre se rapproche quand se renforce la haine de l\u2019autre et que ne s\u2019installe plus la volont\u00e9 de vivre ensemble et de construire un monde de respect. Sachons saisir tous les opportunit\u00e9s. N\u2019oublions pas que nous avons un outil qui s\u2019appelle l\u2019Europe. Ne le galvaudons pas, A nous d\u2019en faire un instrument une machine dans laquelle chacune, chacun y trouve une vraie place<\/em><\/strong><\/p>\n<p><strong><em>Devant ce monument aux morts, inclinons-nous devant tous ceux qui y ont leurs noms inscrits et rendons hommage \u00e0 tous ceux qui qui ont d\u00e9fendu leur patrie et donn\u00e9 leur vie ou une partie de leur vie dans leur fort engagement. <\/em><\/strong><\/p>\n<p><strong><em>Wily Dubos.<\/em><\/strong><\/p>\n<p>&nbsp;<\/p>\n<p>&nbsp;<\/p>\n<p><img loading=\"lazy\" decoding=\"async\" class=\"aligncenter wp-image-14155 size-large\" src=\"https:\/\/www.villers-allerand.fr\/site\/wp-content\/uploads\/2018\/11\/IMG_1864-1-1024x768.jpg\" alt=\"\" width=\"1024\" height=\"768\" srcset=\"https:\/\/www.villers-allerand.fr\/site\/wp-content\/uploads\/2018\/11\/IMG_1864-1-200x150.jpg 200w, https:\/\/www.villers-allerand.fr\/site\/wp-content\/uploads\/2018\/11\/IMG_1864-1-300x225.jpg 300w, https:\/\/www.villers-allerand.fr\/site\/wp-content\/uploads\/2018\/11\/IMG_1864-1-400x300.jpg 400w, https:\/\/www.villers-allerand.fr\/site\/wp-content\/uploads\/2018\/11\/IMG_1864-1-600x450.jpg 600w, https:\/\/www.villers-allerand.fr\/site\/wp-content\/uploads\/2018\/11\/IMG_1864-1-768x576.jpg 768w, https:\/\/www.villers-allerand.fr\/site\/wp-content\/uploads\/2018\/11\/IMG_1864-1-800x600.jpg 800w, https:\/\/www.villers-allerand.fr\/site\/wp-content\/uploads\/2018\/11\/IMG_1864-1-1024x768.jpg 1024w, https:\/\/www.villers-allerand.fr\/site\/wp-content\/uploads\/2018\/11\/IMG_1864-1-1200x900.jpg 1200w, https:\/\/www.villers-allerand.fr\/site\/wp-content\/uploads\/2018\/11\/IMG_1864-1-1320x990.jpg 1320w\" sizes=\"auto, (max-width: 1024px) 100vw, 1024px\" \/> <img loading=\"lazy\" decoding=\"async\" class=\"aligncenter wp-image-14156 size-large\" src=\"https:\/\/www.villers-allerand.fr\/site\/wp-content\/uploads\/2018\/11\/IMG_5703-1-1024x768.jpg\" alt=\"\" width=\"1024\" height=\"768\" srcset=\"https:\/\/www.villers-allerand.fr\/site\/wp-content\/uploads\/2018\/11\/IMG_5703-1-200x150.jpg 200w, https:\/\/www.villers-allerand.fr\/site\/wp-content\/uploads\/2018\/11\/IMG_5703-1-300x225.jpg 300w, https:\/\/www.villers-allerand.fr\/site\/wp-content\/uploads\/2018\/11\/IMG_5703-1-400x300.jpg 400w, https:\/\/www.villers-allerand.fr\/site\/wp-content\/uploads\/2018\/11\/IMG_5703-1-600x450.jpg 600w, https:\/\/www.villers-allerand.fr\/site\/wp-content\/uploads\/2018\/11\/IMG_5703-1-768x576.jpg 768w, https:\/\/www.villers-allerand.fr\/site\/wp-content\/uploads\/2018\/11\/IMG_5703-1-800x600.jpg 800w, https:\/\/www.villers-allerand.fr\/site\/wp-content\/uploads\/2018\/11\/IMG_5703-1-1024x768.jpg 1024w, https:\/\/www.villers-allerand.fr\/site\/wp-content\/uploads\/2018\/11\/IMG_5703-1-1200x900.jpg 1200w, https:\/\/www.villers-allerand.fr\/site\/wp-content\/uploads\/2018\/11\/IMG_5703-1-1320x990.jpg 1320w\" sizes=\"auto, (max-width: 1024px) 100vw, 1024px\" \/> <img loading=\"lazy\" decoding=\"async\" class=\"aligncenter wp-image-14157 size-large\" src=\"https:\/\/www.villers-allerand.fr\/site\/wp-content\/uploads\/2018\/11\/IMG_6419-1-1024x768.jpg\" alt=\"\" width=\"1024\" height=\"768\" srcset=\"https:\/\/www.villers-allerand.fr\/site\/wp-content\/uploads\/2018\/11\/IMG_6419-1-200x150.jpg 200w, https:\/\/www.villers-allerand.fr\/site\/wp-content\/uploads\/2018\/11\/IMG_6419-1-300x225.jpg 300w, https:\/\/www.villers-allerand.fr\/site\/wp-content\/uploads\/2018\/11\/IMG_6419-1-400x300.jpg 400w, https:\/\/www.villers-allerand.fr\/site\/wp-content\/uploads\/2018\/11\/IMG_6419-1-600x450.jpg 600w, https:\/\/www.villers-allerand.fr\/site\/wp-content\/uploads\/2018\/11\/IMG_6419-1-768x576.jpg 768w, https:\/\/www.villers-allerand.fr\/site\/wp-content\/uploads\/2018\/11\/IMG_6419-1-800x600.jpg 800w, https:\/\/www.villers-allerand.fr\/site\/wp-content\/uploads\/2018\/11\/IMG_6419-1-1024x768.jpg 1024w, https:\/\/www.villers-allerand.fr\/site\/wp-content\/uploads\/2018\/11\/IMG_6419-1-1200x900.jpg 1200w, https:\/\/www.villers-allerand.fr\/site\/wp-content\/uploads\/2018\/11\/IMG_6419-1-1320x990.jpg 1320w\" sizes=\"auto, (max-width: 1024px) 100vw, 1024px\" \/><\/p>\n<p><span style=\"color: #993366;\">Texte pr\u00e9par\u00e9 et lu par Lola Belotti :<\/span><\/p>\n<p><em><strong>Nous sommes r\u00e9unis ce jour en m\u00e9moire des nombreux soldats tomb\u00e9s au front. On m\u2019a demand\u00e9 d\u2019\u00e9crire un texte pour que je parle de mon ressenti vis-\u00e0-vis de la guerre.<\/strong><\/em><\/p>\n<p><em><strong>J\u2019ai toujours \u00e9t\u00e9 indiff\u00e9rente face \u00e0 la guerre, sans trop savoir toutes les horreurs qu\u2019elle dissimule.<\/strong><\/em><\/p>\n<p><em><strong>Avant, je venais \u00e0 la c\u00e9r\u00e9monie et j\u2019\u00e9coutais les discours, j\u2019entendais les noms des soldats accompagn\u00e9s d\u2019un \u00ab\u00a0mort pour la France\u00a0\u00bb. J\u2019attendais dans le silence pendant une minute sans trop savoir \u00e0 quoi cela correspondait.<\/strong><\/em><\/p>\n<p><em><strong>Aujourd\u2019hui, je viens sur cette place et je sais un peu plus de choses sur l\u2019histoire de ces soldats. J\u2019ai encore du mal \u00e0 m\u2019imaginer ce qu\u2019ils ont pu vivre pendant ces quatre ann\u00e9es, je crois d\u2019ailleurs qu\u2019il me sera impossible de m\u2019en rendre totalement compte\u00a0!<\/strong><\/em><\/p>\n<p><em><strong>Il m\u2019est d\u00e9j\u00e0 arriv\u00e9 de me mettre dans la peau d\u2019un soldat\u00a0! Je suis incapable d\u2019imaginer quitter ma famille, partir au front, vivre avec cette peur constante.<\/strong><\/em><\/p>\n<p><em><strong>Me poser la m\u00eame question chaque jour \u00ab\u00a0Quand-est-ce-que je tomberai\u00a0?\u00a0\u00bb. Sympathiser avec d\u2019autres soldats pour les voir mourir quelques instants plus tard. Vivre entour\u00e9e de cadavres, dans la boue, le froid, les intemp\u00e9ries. Le bruit des coups de feu, des bombardements toute la journ\u00e9e, porter 30 kilos d\u2019\u00e9quipement.<\/strong><\/em><\/p>\n<p><em><strong>Peut-\u00eatre m\u00eame vivre bless\u00e9e, avec des plaies inimaginables, avoir des s\u00e9quelles im<\/strong><strong>portantes, \u00eatre d\u00e9figur\u00e9e pour h\u00e9riter du surnom de \u00ab\u00a0gueule cass\u00e9e\u00a0\u00bb.<\/strong><\/em><\/p>\n<p><em><strong>En venir \u00e0 tuer un ennemi contre ma volont\u00e9, et vivre avec une, voire plusieurs morts sur la conscience\u00a0!<\/strong><\/em><\/p>\n<p><em><strong>Si je suis p\u00e8re de famille et que j\u2019ai la chance de rentrer chez moi, comment retrouver une vie normale apr\u00e8s cela\u00a0? Si je reviens d\u00e9figur\u00e9, comment le vivra ma famille\u00a0? Imaginez-vous des enfants regarder chaque jour leur p\u00e8re, avec peut-\u00eatre, un nez en moins, un membre en moins, un sourire en moins\u00a0?<\/strong><\/em><\/p>\n<p><em><strong>Si je suis une femme, voir mon mari me quitter, me demander chaque instant s\u2019il va bien\u00a0? S\u2019il reviendra un jour\u00a0? Attendre sa lettre avec impatience. Devoir \u00e9duquer nos enfants, seule, en leur disant de ne pas s\u2019en faire, que leur p\u00e8re reviendra, sans en \u00eatre s\u00fbre\u00a0! Vivre avec trop peu de nourriture, aller au champs pour assurer nos revenus devenus insuffisants. Voire les prix des aliments augmenter et les portions diminuer\u00a0!<\/strong><\/em><\/p>\n<p><em><strong>4 ans\u00a0! Ce n\u2019est pas 4 heures de combat, 4 jours de combats mais bien 4 ann\u00e9es. Dit comme cela ce n\u2019est qu\u2019un chiffre, on ne se rend pas forc\u00e9ment compte. Pour moi, 4 ann\u00e9es ce n\u2019\u00e9tait pas trop important, alors on m\u2019a demand\u00e9 de les comparer \u00e0 des ann\u00e9es scolaires. Je me suis rendue compte \u00e0 quel point c\u2019\u00e9tait long, parce que cela correspond \u00e0 toutes les ann\u00e9es de coll\u00e8ge\u00a0!<\/strong><\/em><\/p>\n<p><em><strong>La guerre aujourd\u2019hui n\u2019est pas la m\u00eame qu\u2019il y a un si\u00e8cle\u00a0! Maintenant, nous avons des armes beaucoup plus dangereuses.<\/strong><\/em><\/p>\n<p><em><strong>Ce dont je ne me rendais pas compte, c\u2019\u00e9tait la vie des soldats\u00a0! Il y a beaucoup de jeux vid\u00e9o sur la guerre. Dans ces jeux, il est difficile de se rendre compte d\u2019une vraie guerre, le personnage incarn\u00e9 ne poss\u00e8de pas une seule vie\u00a0mais plusieurs ! On peut rejouer autant de fois que l\u2019on veut.<\/strong><\/em><\/p>\n<p><em><strong>Les soldats n\u2019ont jou\u00e9 qu\u2019une fois et ils ont perdu leur seule vie !<\/strong><\/em><\/p>\n<p>&nbsp;<\/p>\n<p><img loading=\"lazy\" decoding=\"async\" class=\"aligncenter wp-image-14154 size-large\" src=\"https:\/\/www.villers-allerand.fr\/site\/wp-content\/uploads\/2018\/11\/IMG_0496-1024x768.jpg\" alt=\"\" width=\"1024\" height=\"768\" srcset=\"https:\/\/www.villers-allerand.fr\/site\/wp-content\/uploads\/2018\/11\/IMG_0496-200x150.jpg 200w, https:\/\/www.villers-allerand.fr\/site\/wp-content\/uploads\/2018\/11\/IMG_0496-300x225.jpg 300w, https:\/\/www.villers-allerand.fr\/site\/wp-content\/uploads\/2018\/11\/IMG_0496-400x300.jpg 400w, https:\/\/www.villers-allerand.fr\/site\/wp-content\/uploads\/2018\/11\/IMG_0496-600x450.jpg 600w, https:\/\/www.villers-allerand.fr\/site\/wp-content\/uploads\/2018\/11\/IMG_0496-768x576.jpg 768w, https:\/\/www.villers-allerand.fr\/site\/wp-content\/uploads\/2018\/11\/IMG_0496-800x600.jpg 800w, https:\/\/www.villers-allerand.fr\/site\/wp-content\/uploads\/2018\/11\/IMG_0496-1024x768.jpg 1024w, https:\/\/www.villers-allerand.fr\/site\/wp-content\/uploads\/2018\/11\/IMG_0496-1200x900.jpg 1200w, https:\/\/www.villers-allerand.fr\/site\/wp-content\/uploads\/2018\/11\/IMG_0496-1320x990.jpg 1320w\" sizes=\"auto, (max-width: 1024px) 100vw, 1024px\" \/><\/p>\n<p><span style=\"color: #993366;\">Rendons aujourd&rsquo;hui hommage \u00e0 toutes les victimes en d\u00e9posant une gerbe, l&rsquo;appel aux morts suit, \u00e9nonc\u00e9 par Jean-Marie Chappellet, Didier De Amorin et Dominique Pateiron. \u00c0 la demande du Pr\u00e9sident de La R\u00e9publique, citons ces 3 soldats, d\u00e9c\u00e9d\u00e9s cette ann\u00e9e, lors de l&rsquo;exercice de leur fonction :<\/span><\/p>\n<p><span style=\"color: #993366;\">Adjudant \u00c9milien MOUGIN, 1er R\u00e9giment de Spahis, mort pour la France au Mali, le 21 f\u00e9vrier 2018,<\/span><\/p>\n<p><span style=\"color: #993366;\">Mar\u00e9chal des Logis Thimoth\u00e9 DERNONCOURT, 1er R\u00e9giment de Spahis, mort pour la France au Mali, le 21 f\u00e9vrier 2018,<\/span><\/p>\n<p><span style=\"color: #993366;\">Caporal Bogusz POCHYLSKI, 2\u00e8me R\u00e9giment d&rsquo;Infanterie, mort pour la France en Irak, le 21 Mars 2018.<\/span><\/p>\n<p><span style=\"color: #993366;\">Une minute de silence est observ\u00e9e,<\/span><\/p>\n<p><span style=\"color: #993366;\">Les enfants pr\u00e9sents, scolaris\u00e9s \u00e0 l&rsquo;\u00e9cole Maternelle Roger Garitan, mais ceux aussi de primaire, ont entonn\u00e9 La Marseillaise, accompagn\u00e9s par leur enseignante Maryvonne Leclere, ainsi que par l&rsquo;ensemble des personnes pr\u00e9sentes.<\/span><\/p>\n<p><img loading=\"lazy\" decoding=\"async\" class=\"aligncenter wp-image-14158 size-large\" src=\"https:\/\/www.villers-allerand.fr\/site\/wp-content\/uploads\/2018\/11\/IMG_7892-1-1024x768.jpg\" alt=\"\" width=\"1024\" height=\"768\" srcset=\"https:\/\/www.villers-allerand.fr\/site\/wp-content\/uploads\/2018\/11\/IMG_7892-1-200x150.jpg 200w, https:\/\/www.villers-allerand.fr\/site\/wp-content\/uploads\/2018\/11\/IMG_7892-1-300x225.jpg 300w, https:\/\/www.villers-allerand.fr\/site\/wp-content\/uploads\/2018\/11\/IMG_7892-1-400x300.jpg 400w, https:\/\/www.villers-allerand.fr\/site\/wp-content\/uploads\/2018\/11\/IMG_7892-1-600x450.jpg 600w, https:\/\/www.villers-allerand.fr\/site\/wp-content\/uploads\/2018\/11\/IMG_7892-1-768x576.jpg 768w, https:\/\/www.villers-allerand.fr\/site\/wp-content\/uploads\/2018\/11\/IMG_7892-1-800x600.jpg 800w, https:\/\/www.villers-allerand.fr\/site\/wp-content\/uploads\/2018\/11\/IMG_7892-1-1024x768.jpg 1024w, https:\/\/www.villers-allerand.fr\/site\/wp-content\/uploads\/2018\/11\/IMG_7892-1-1200x900.jpg 1200w, https:\/\/www.villers-allerand.fr\/site\/wp-content\/uploads\/2018\/11\/IMG_7892-1-1320x990.jpg 1320w\" sizes=\"auto, (max-width: 1024px) 100vw, 1024px\" \/><\/p>\n<p>&nbsp;<\/p>\n<p><span style=\"color: #993366;\">La c\u00e9r\u00e9monie touche \u00e0 sa fin.<\/span><\/p>\n<p><span style=\"color: #993366;\">Le verre de l&rsquo;amiti\u00e9 est ensuite offert \u00e0 tous, l&rsquo;occasion d&rsquo;\u00e9changer sur cet hommage et sur cette guerre.<\/span><\/p>\n<p><span style=\"color: #993366;\">Monsieur Ribaille, fils de Maurice Ribaille, Maire de Villers-Allerand Montchenot il y a plus de 20 ans, a profit\u00e9 de ce moment pour partager son histoire familiale, avec des photos et documents concernant son a\u00efeul Marcel Ribaille, d\u00e9c\u00e9d\u00e9 le 18 octobre 1915 des suites de blessures de guerre. Nous l&rsquo;en remercions chaleureusement.<\/span><\/p>\n<p><a href=\"https:\/\/www.villers-allerand.fr\/site\/wp-content\/uploads\/2018\/11\/IMG_3984.jpg\" target=\"_blank\" rel=\"noopener\"><img loading=\"lazy\" decoding=\"async\" class=\"aligncenter wp-image-14132 size-large\" src=\"https:\/\/www.villers-allerand.fr\/site\/wp-content\/uploads\/2018\/11\/IMG_3984-677x1024.jpg\" alt=\"\" width=\"677\" height=\"1024\" \/><\/a> <a href=\"https:\/\/www.villers-allerand.fr\/site\/wp-content\/uploads\/2018\/11\/IMG_9792.jpg\" target=\"_blank\" rel=\"noopener\"><img loading=\"lazy\" decoding=\"async\" class=\"aligncenter wp-image-14133 size-large\" src=\"https:\/\/www.villers-allerand.fr\/site\/wp-content\/uploads\/2018\/11\/IMG_9792-723x1024.jpg\" alt=\"\" width=\"723\" height=\"1024\" srcset=\"https:\/\/www.villers-allerand.fr\/site\/wp-content\/uploads\/2018\/11\/IMG_9792-200x283.jpg 200w, https:\/\/www.villers-allerand.fr\/site\/wp-content\/uploads\/2018\/11\/IMG_9792-212x300.jpg 212w, https:\/\/www.villers-allerand.fr\/site\/wp-content\/uploads\/2018\/11\/IMG_9792-400x566.jpg 400w, https:\/\/www.villers-allerand.fr\/site\/wp-content\/uploads\/2018\/11\/IMG_9792-600x849.jpg 600w, https:\/\/www.villers-allerand.fr\/site\/wp-content\/uploads\/2018\/11\/IMG_9792-723x1024.jpg 723w, https:\/\/www.villers-allerand.fr\/site\/wp-content\/uploads\/2018\/11\/IMG_9792-768x1087.jpg 768w, https:\/\/www.villers-allerand.fr\/site\/wp-content\/uploads\/2018\/11\/IMG_9792-800x1132.jpg 800w, https:\/\/www.villers-allerand.fr\/site\/wp-content\/uploads\/2018\/11\/IMG_9792-1200x1699.jpg 1200w, https:\/\/www.villers-allerand.fr\/site\/wp-content\/uploads\/2018\/11\/IMG_9792-1320x1868.jpg 1320w\" sizes=\"auto, (max-width: 723px) 100vw, 723px\" \/><\/a> <a href=\"https:\/\/www.villers-allerand.fr\/site\/wp-content\/uploads\/2018\/11\/IMG_1826.jpg\" target=\"_blank\" rel=\"noopener\"><img loading=\"lazy\" decoding=\"async\" class=\"aligncenter wp-image-14134 size-large\" src=\"https:\/\/www.villers-allerand.fr\/site\/wp-content\/uploads\/2018\/11\/IMG_1826-670x1024.jpg\" alt=\"\" width=\"670\" height=\"1024\" srcset=\"https:\/\/www.villers-allerand.fr\/site\/wp-content\/uploads\/2018\/11\/IMG_1826-196x300.jpg 196w, https:\/\/www.villers-allerand.fr\/site\/wp-content\/uploads\/2018\/11\/IMG_1826-200x306.jpg 200w, https:\/\/www.villers-allerand.fr\/site\/wp-content\/uploads\/2018\/11\/IMG_1826-400x611.jpg 400w, https:\/\/www.villers-allerand.fr\/site\/wp-content\/uploads\/2018\/11\/IMG_1826-600x917.jpg 600w, https:\/\/www.villers-allerand.fr\/site\/wp-content\/uploads\/2018\/11\/IMG_1826-670x1024.jpg 670w, https:\/\/www.villers-allerand.fr\/site\/wp-content\/uploads\/2018\/11\/IMG_1826-768x1173.jpg 768w, https:\/\/www.villers-allerand.fr\/site\/wp-content\/uploads\/2018\/11\/IMG_1826-800x1222.jpg 800w, https:\/\/www.villers-allerand.fr\/site\/wp-content\/uploads\/2018\/11\/IMG_1826-1200x1833.jpg 1200w, https:\/\/www.villers-allerand.fr\/site\/wp-content\/uploads\/2018\/11\/IMG_1826-1320x2017.jpg 1320w, https:\/\/www.villers-allerand.fr\/site\/wp-content\/uploads\/2018\/11\/IMG_1826.jpg 1766w\" sizes=\"auto, (max-width: 670px) 100vw, 670px\" \/><\/a><\/p>\n<p>&nbsp;<\/p>\n<p><a href=\"https:\/\/www.villers-allerand.fr\/site\/wp-content\/uploads\/2018\/11\/Message-du-Pr\u00e9sident-de-la-R\u00e9publique-111118.pdf\">Message-du-Pr\u00e9sident-de-la-R\u00e9publique-111118<\/a><\/p>\n","protected":false},"excerpt":{"rendered":"<p>Dimanche 11 novembre 2018, comme depuis des dizaines d&rsquo;ann\u00e9es, les habitants de Villers-Allerand Montchenot \u00e9taient invit\u00e9s \u00e0 se rassembler devant le Monument aux Morts \u00e0 11h. Un centenaire cette fois. 1918-2018, 100 ann\u00e9es \u00e9coul\u00e9es depuis l&rsquo;armistice signant la fin d&rsquo;un des conflits les plus meurtriers de notre histoire. L&rsquo;occasion de rendre hommage aux hommes qui ont [&hellip;]<\/p>\n","protected":false},"author":2,"featured_media":14132,"comment_status":"closed","ping_status":"closed","sticky":false,"template":"","format":"standard","meta":{"footnotes":""},"categories":[180],"tags":[166,124,118],"class_list":["post-14129","post","type-post","status-publish","format-standard","has-post-thumbnail","hentry","category-retrospectives-2018","tag-11-novembre","tag-ceremonies","tag-fetes-et-manifestations"],"yoast_head":"<!-- This site is optimized with the Yoast SEO plugin v26.8 - https:\/\/yoast.com\/product\/yoast-seo-wordpress\/ -->\n<title>11 Novembre 2018 - Un devoir de m\u00e9moire essentiel - Mairie de Villers-Allerand - Montchenot<\/title>\n<meta name=\"robots\" content=\"index, follow, max-snippet:-1, max-image-preview:large, max-video-preview:-1\" \/>\n<link rel=\"canonical\" href=\"https:\/\/www.villers-allerand.fr\/site\/11-novembre-2018-un-devoir-de-memoire-essentiel\/\" \/>\n<meta property=\"og:locale\" content=\"fr_FR\" \/>\n<meta property=\"og:type\" content=\"article\" \/>\n<meta property=\"og:title\" content=\"11 Novembre 2018 - Un devoir de m\u00e9moire essentiel - Mairie de Villers-Allerand - Montchenot\" \/>\n<meta property=\"og:description\" content=\"Dimanche 11 novembre 2018, comme depuis des dizaines d&rsquo;ann\u00e9es, les habitants de Villers-Allerand Montchenot \u00e9taient invit\u00e9s \u00e0 se rassembler devant le Monument aux Morts \u00e0 11h. Un centenaire cette fois. 1918-2018, 100 ann\u00e9es \u00e9coul\u00e9es depuis l&rsquo;armistice signant la fin d&rsquo;un des conflits les plus meurtriers de notre histoire. L&rsquo;occasion de rendre hommage aux hommes qui ont [&hellip;]\" \/>\n<meta property=\"og:url\" content=\"https:\/\/www.villers-allerand.fr\/site\/11-novembre-2018-un-devoir-de-memoire-essentiel\/\" \/>\n<meta property=\"og:site_name\" content=\"Mairie de Villers-Allerand - Montchenot\" \/>\n<meta property=\"article:published_time\" content=\"2018-11-13T09:39:18+00:00\" \/>\n<meta property=\"article:modified_time\" content=\"2018-11-23T08:55:21+00:00\" \/>\n<meta property=\"og:image\" content=\"https:\/\/www.villers-allerand.fr\/site\/wp-content\/uploads\/2018\/11\/IMG_3984-e1542101853229.jpg\" \/>\n\t<meta property=\"og:image:width\" content=\"1329\" \/>\n\t<meta property=\"og:image:height\" content=\"1447\" \/>\n\t<meta property=\"og:image:type\" content=\"image\/jpeg\" \/>\n<meta name=\"author\" content=\"webmaster\" \/>\n<meta name=\"twitter:card\" content=\"summary_large_image\" \/>\n<meta name=\"twitter:label1\" content=\"\u00c9crit par\" \/>\n\t<meta name=\"twitter:data1\" content=\"webmaster\" \/>\n\t<meta name=\"twitter:label2\" content=\"Dur\u00e9e de lecture estim\u00e9e\" \/>\n\t<meta name=\"twitter:data2\" content=\"12 minutes\" \/>\n<script type=\"application\/ld+json\" class=\"yoast-schema-graph\">{\"@context\":\"https:\/\/schema.org\",\"@graph\":[{\"@type\":\"Article\",\"@id\":\"https:\/\/www.villers-allerand.fr\/site\/11-novembre-2018-un-devoir-de-memoire-essentiel\/#article\",\"isPartOf\":{\"@id\":\"https:\/\/www.villers-allerand.fr\/site\/11-novembre-2018-un-devoir-de-memoire-essentiel\/\"},\"author\":{\"name\":\"webmaster\",\"@id\":\"https:\/\/www.villers-allerand.fr\/site\/#\/schema\/person\/4688120b1fdf6f98803340b4cbc38e4b\"},\"headline\":\"11 Novembre 2018 &#8211; Un devoir de m\u00e9moire essentiel\",\"datePublished\":\"2018-11-13T09:39:18+00:00\",\"dateModified\":\"2018-11-23T08:55:21+00:00\",\"mainEntityOfPage\":{\"@id\":\"https:\/\/www.villers-allerand.fr\/site\/11-novembre-2018-un-devoir-de-memoire-essentiel\/\"},\"wordCount\":2343,\"image\":{\"@id\":\"https:\/\/www.villers-allerand.fr\/site\/11-novembre-2018-un-devoir-de-memoire-essentiel\/#primaryimage\"},\"thumbnailUrl\":\"https:\/\/www.villers-allerand.fr\/site\/wp-content\/uploads\/2018\/11\/IMG_3984-e1542101853229.jpg\",\"keywords\":[\"11 novembre\",\"c\u00e9r\u00e9monies\",\"f\u00eates et manifestations\"],\"articleSection\":[\"R\u00e9trospectives 2018\"],\"inLanguage\":\"fr-FR\"},{\"@type\":\"WebPage\",\"@id\":\"https:\/\/www.villers-allerand.fr\/site\/11-novembre-2018-un-devoir-de-memoire-essentiel\/\",\"url\":\"https:\/\/www.villers-allerand.fr\/site\/11-novembre-2018-un-devoir-de-memoire-essentiel\/\",\"name\":\"11 Novembre 2018 - Un devoir de m\u00e9moire essentiel - Mairie de Villers-Allerand - Montchenot\",\"isPartOf\":{\"@id\":\"https:\/\/www.villers-allerand.fr\/site\/#website\"},\"primaryImageOfPage\":{\"@id\":\"https:\/\/www.villers-allerand.fr\/site\/11-novembre-2018-un-devoir-de-memoire-essentiel\/#primaryimage\"},\"image\":{\"@id\":\"https:\/\/www.villers-allerand.fr\/site\/11-novembre-2018-un-devoir-de-memoire-essentiel\/#primaryimage\"},\"thumbnailUrl\":\"https:\/\/www.villers-allerand.fr\/site\/wp-content\/uploads\/2018\/11\/IMG_3984-e1542101853229.jpg\",\"datePublished\":\"2018-11-13T09:39:18+00:00\",\"dateModified\":\"2018-11-23T08:55:21+00:00\",\"author\":{\"@id\":\"https:\/\/www.villers-allerand.fr\/site\/#\/schema\/person\/4688120b1fdf6f98803340b4cbc38e4b\"},\"breadcrumb\":{\"@id\":\"https:\/\/www.villers-allerand.fr\/site\/11-novembre-2018-un-devoir-de-memoire-essentiel\/#breadcrumb\"},\"inLanguage\":\"fr-FR\",\"potentialAction\":[{\"@type\":\"ReadAction\",\"target\":[\"https:\/\/www.villers-allerand.fr\/site\/11-novembre-2018-un-devoir-de-memoire-essentiel\/\"]}]},{\"@type\":\"ImageObject\",\"inLanguage\":\"fr-FR\",\"@id\":\"https:\/\/www.villers-allerand.fr\/site\/11-novembre-2018-un-devoir-de-memoire-essentiel\/#primaryimage\",\"url\":\"https:\/\/www.villers-allerand.fr\/site\/wp-content\/uploads\/2018\/11\/IMG_3984-e1542101853229.jpg\",\"contentUrl\":\"https:\/\/www.villers-allerand.fr\/site\/wp-content\/uploads\/2018\/11\/IMG_3984-e1542101853229.jpg\",\"width\":1329,\"height\":1447},{\"@type\":\"BreadcrumbList\",\"@id\":\"https:\/\/www.villers-allerand.fr\/site\/11-novembre-2018-un-devoir-de-memoire-essentiel\/#breadcrumb\",\"itemListElement\":[{\"@type\":\"ListItem\",\"position\":1,\"name\":\"Accueil\",\"item\":\"https:\/\/www.villers-allerand.fr\/site\/\"},{\"@type\":\"ListItem\",\"position\":2,\"name\":\"11 Novembre 2018 &#8211; Un devoir de m\u00e9moire essentiel\"}]},{\"@type\":\"WebSite\",\"@id\":\"https:\/\/www.villers-allerand.fr\/site\/#website\",\"url\":\"https:\/\/www.villers-allerand.fr\/site\/\",\"name\":\"Mairie de Villers-Allerand - Montchenot\",\"description\":\"Site Officiel de la Mairie\",\"potentialAction\":[{\"@type\":\"SearchAction\",\"target\":{\"@type\":\"EntryPoint\",\"urlTemplate\":\"https:\/\/www.villers-allerand.fr\/site\/?s={search_term_string}\"},\"query-input\":{\"@type\":\"PropertyValueSpecification\",\"valueRequired\":true,\"valueName\":\"search_term_string\"}}],\"inLanguage\":\"fr-FR\"},{\"@type\":\"Person\",\"@id\":\"https:\/\/www.villers-allerand.fr\/site\/#\/schema\/person\/4688120b1fdf6f98803340b4cbc38e4b\",\"name\":\"webmaster\",\"image\":{\"@type\":\"ImageObject\",\"inLanguage\":\"fr-FR\",\"@id\":\"https:\/\/www.villers-allerand.fr\/site\/#\/schema\/person\/image\/\",\"url\":\"https:\/\/secure.gravatar.com\/avatar\/7ae33595ea8568e0c28d34997e54608e?s=96&d=mm&r=g\",\"contentUrl\":\"https:\/\/secure.gravatar.com\/avatar\/7ae33595ea8568e0c28d34997e54608e?s=96&d=mm&r=g\",\"caption\":\"webmaster\"}}]}<\/script>\n<!-- \/ Yoast SEO plugin. -->","yoast_head_json":{"title":"11 Novembre 2018 - Un devoir de m\u00e9moire essentiel - Mairie de Villers-Allerand - Montchenot","robots":{"index":"index","follow":"follow","max-snippet":"max-snippet:-1","max-image-preview":"max-image-preview:large","max-video-preview":"max-video-preview:-1"},"canonical":"https:\/\/www.villers-allerand.fr\/site\/11-novembre-2018-un-devoir-de-memoire-essentiel\/","og_locale":"fr_FR","og_type":"article","og_title":"11 Novembre 2018 - Un devoir de m\u00e9moire essentiel - Mairie de Villers-Allerand - Montchenot","og_description":"Dimanche 11 novembre 2018, comme depuis des dizaines d&rsquo;ann\u00e9es, les habitants de Villers-Allerand Montchenot \u00e9taient invit\u00e9s \u00e0 se rassembler devant le Monument aux Morts \u00e0 11h. Un centenaire cette fois. 1918-2018, 100 ann\u00e9es \u00e9coul\u00e9es depuis l&rsquo;armistice signant la fin d&rsquo;un des conflits les plus meurtriers de notre histoire. L&rsquo;occasion de rendre hommage aux hommes qui ont [&hellip;]","og_url":"https:\/\/www.villers-allerand.fr\/site\/11-novembre-2018-un-devoir-de-memoire-essentiel\/","og_site_name":"Mairie de Villers-Allerand - Montchenot","article_published_time":"2018-11-13T09:39:18+00:00","article_modified_time":"2018-11-23T08:55:21+00:00","og_image":[{"width":1329,"height":1447,"url":"https:\/\/www.villers-allerand.fr\/site\/wp-content\/uploads\/2018\/11\/IMG_3984-e1542101853229.jpg","type":"image\/jpeg"}],"author":"webmaster","twitter_card":"summary_large_image","twitter_misc":{"\u00c9crit par":"webmaster","Dur\u00e9e de lecture estim\u00e9e":"12 minutes"},"schema":{"@context":"https:\/\/schema.org","@graph":[{"@type":"Article","@id":"https:\/\/www.villers-allerand.fr\/site\/11-novembre-2018-un-devoir-de-memoire-essentiel\/#article","isPartOf":{"@id":"https:\/\/www.villers-allerand.fr\/site\/11-novembre-2018-un-devoir-de-memoire-essentiel\/"},"author":{"name":"webmaster","@id":"https:\/\/www.villers-allerand.fr\/site\/#\/schema\/person\/4688120b1fdf6f98803340b4cbc38e4b"},"headline":"11 Novembre 2018 &#8211; Un devoir de m\u00e9moire essentiel","datePublished":"2018-11-13T09:39:18+00:00","dateModified":"2018-11-23T08:55:21+00:00","mainEntityOfPage":{"@id":"https:\/\/www.villers-allerand.fr\/site\/11-novembre-2018-un-devoir-de-memoire-essentiel\/"},"wordCount":2343,"image":{"@id":"https:\/\/www.villers-allerand.fr\/site\/11-novembre-2018-un-devoir-de-memoire-essentiel\/#primaryimage"},"thumbnailUrl":"https:\/\/www.villers-allerand.fr\/site\/wp-content\/uploads\/2018\/11\/IMG_3984-e1542101853229.jpg","keywords":["11 novembre","c\u00e9r\u00e9monies","f\u00eates et manifestations"],"articleSection":["R\u00e9trospectives 2018"],"inLanguage":"fr-FR"},{"@type":"WebPage","@id":"https:\/\/www.villers-allerand.fr\/site\/11-novembre-2018-un-devoir-de-memoire-essentiel\/","url":"https:\/\/www.villers-allerand.fr\/site\/11-novembre-2018-un-devoir-de-memoire-essentiel\/","name":"11 Novembre 2018 - Un devoir de m\u00e9moire essentiel - Mairie de Villers-Allerand - Montchenot","isPartOf":{"@id":"https:\/\/www.villers-allerand.fr\/site\/#website"},"primaryImageOfPage":{"@id":"https:\/\/www.villers-allerand.fr\/site\/11-novembre-2018-un-devoir-de-memoire-essentiel\/#primaryimage"},"image":{"@id":"https:\/\/www.villers-allerand.fr\/site\/11-novembre-2018-un-devoir-de-memoire-essentiel\/#primaryimage"},"thumbnailUrl":"https:\/\/www.villers-allerand.fr\/site\/wp-content\/uploads\/2018\/11\/IMG_3984-e1542101853229.jpg","datePublished":"2018-11-13T09:39:18+00:00","dateModified":"2018-11-23T08:55:21+00:00","author":{"@id":"https:\/\/www.villers-allerand.fr\/site\/#\/schema\/person\/4688120b1fdf6f98803340b4cbc38e4b"},"breadcrumb":{"@id":"https:\/\/www.villers-allerand.fr\/site\/11-novembre-2018-un-devoir-de-memoire-essentiel\/#breadcrumb"},"inLanguage":"fr-FR","potentialAction":[{"@type":"ReadAction","target":["https:\/\/www.villers-allerand.fr\/site\/11-novembre-2018-un-devoir-de-memoire-essentiel\/"]}]},{"@type":"ImageObject","inLanguage":"fr-FR","@id":"https:\/\/www.villers-allerand.fr\/site\/11-novembre-2018-un-devoir-de-memoire-essentiel\/#primaryimage","url":"https:\/\/www.villers-allerand.fr\/site\/wp-content\/uploads\/2018\/11\/IMG_3984-e1542101853229.jpg","contentUrl":"https:\/\/www.villers-allerand.fr\/site\/wp-content\/uploads\/2018\/11\/IMG_3984-e1542101853229.jpg","width":1329,"height":1447},{"@type":"BreadcrumbList","@id":"https:\/\/www.villers-allerand.fr\/site\/11-novembre-2018-un-devoir-de-memoire-essentiel\/#breadcrumb","itemListElement":[{"@type":"ListItem","position":1,"name":"Accueil","item":"https:\/\/www.villers-allerand.fr\/site\/"},{"@type":"ListItem","position":2,"name":"11 Novembre 2018 &#8211; Un devoir de m\u00e9moire essentiel"}]},{"@type":"WebSite","@id":"https:\/\/www.villers-allerand.fr\/site\/#website","url":"https:\/\/www.villers-allerand.fr\/site\/","name":"Mairie de Villers-Allerand - Montchenot","description":"Site Officiel de la Mairie","potentialAction":[{"@type":"SearchAction","target":{"@type":"EntryPoint","urlTemplate":"https:\/\/www.villers-allerand.fr\/site\/?s={search_term_string}"},"query-input":{"@type":"PropertyValueSpecification","valueRequired":true,"valueName":"search_term_string"}}],"inLanguage":"fr-FR"},{"@type":"Person","@id":"https:\/\/www.villers-allerand.fr\/site\/#\/schema\/person\/4688120b1fdf6f98803340b4cbc38e4b","name":"webmaster","image":{"@type":"ImageObject","inLanguage":"fr-FR","@id":"https:\/\/www.villers-allerand.fr\/site\/#\/schema\/person\/image\/","url":"https:\/\/secure.gravatar.com\/avatar\/7ae33595ea8568e0c28d34997e54608e?s=96&d=mm&r=g","contentUrl":"https:\/\/secure.gravatar.com\/avatar\/7ae33595ea8568e0c28d34997e54608e?s=96&d=mm&r=g","caption":"webmaster"}}]}},"publishpress_future_action":{"enabled":false,"date":"2026-05-09 14:50:31","action":"change-status","newStatus":"draft","terms":[],"taxonomy":"category","extraData":[]},"publishpress_future_workflow_manual_trigger":{"enabledWorkflows":[]},"_links":{"self":[{"href":"https:\/\/www.villers-allerand.fr\/site\/wp-json\/wp\/v2\/posts\/14129","targetHints":{"allow":["GET"]}}],"collection":[{"href":"https:\/\/www.villers-allerand.fr\/site\/wp-json\/wp\/v2\/posts"}],"about":[{"href":"https:\/\/www.villers-allerand.fr\/site\/wp-json\/wp\/v2\/types\/post"}],"author":[{"embeddable":true,"href":"https:\/\/www.villers-allerand.fr\/site\/wp-json\/wp\/v2\/users\/2"}],"replies":[{"embeddable":true,"href":"https:\/\/www.villers-allerand.fr\/site\/wp-json\/wp\/v2\/comments?post=14129"}],"version-history":[{"count":8,"href":"https:\/\/www.villers-allerand.fr\/site\/wp-json\/wp\/v2\/posts\/14129\/revisions"}],"predecessor-version":[{"id":14166,"href":"https:\/\/www.villers-allerand.fr\/site\/wp-json\/wp\/v2\/posts\/14129\/revisions\/14166"}],"wp:featuredmedia":[{"embeddable":true,"href":"https:\/\/www.villers-allerand.fr\/site\/wp-json\/wp\/v2\/media\/14132"}],"wp:attachment":[{"href":"https:\/\/www.villers-allerand.fr\/site\/wp-json\/wp\/v2\/media?parent=14129"}],"wp:term":[{"taxonomy":"category","embeddable":true,"href":"https:\/\/www.villers-allerand.fr\/site\/wp-json\/wp\/v2\/categories?post=14129"},{"taxonomy":"post_tag","embeddable":true,"href":"https:\/\/www.villers-allerand.fr\/site\/wp-json\/wp\/v2\/tags?post=14129"}],"curies":[{"name":"wp","href":"https:\/\/api.w.org\/{rel}","templated":true}]}}