{"id":14519,"date":"2019-10-11T09:21:30","date_gmt":"2019-10-11T07:21:30","guid":{"rendered":"http:\/\/www.villers-allerand.fr\/site\/?p=14519"},"modified":"2019-10-25T09:03:24","modified_gmt":"2019-10-25T07:03:24","slug":"retour-sur-villages-et-coteaux-propres-2019","status":"publish","type":"post","link":"https:\/\/www.villers-allerand.fr\/site\/retour-sur-villages-et-coteaux-propres-2019\/","title":{"rendered":"Retour sur&#8230;.Villages et C\u00f4teaux propres 2019"},"content":{"rendered":"<p>Le Samedi 5 octobre 2019, notre commune de Villers-Allerand Montchenot participait pour la premi\u00e8re fois \u00e0 l&rsquo;op\u00e9ration \u00ab\u00a0Villages et Coteaux Propres\u00a0\u00bb, journ\u00e9e de nettoyage des coteaux et villages viticoles champenois.<\/p>\n<div class=\"page\" title=\"Page 1\">\n<div class=\"layoutArea\">\n<div class=\"column\">\n<p>L\u2019inscription sur la Liste du patrimoine mondial de l\u2019UNESCO des Coteaux, Maisons et Caves de Champagne est une belle opportunit\u00e9 d\u2019unir toute la Champagne viticole autour d\u2019une cause commune : la pr\u00e9servation des paysages et l\u2019am\u00e9lioration du cadre de vie, en impliquant les habitants, les collectivit\u00e9s locales et les acteurs de la viticulture.<\/p>\n<div class=\"page\" title=\"Page 1\">\n<div class=\"layoutArea\">\n<div class=\"column\">\n<p>Pour sa 6\u00e8me \u00e9dition, l\u2019op\u00e9ration \u00ab Villages et coteaux propres \u00bb permet \u00e0 l\u2019ensemble des habitants et amoureux de la nature de se mobiliser pour valoriser les villages viticoles de Champagne.<\/p>\n<p>Cette matin\u00e9e de nettoyage s&rsquo;est cl\u00f4tur\u00e9e dans la convivialit\u00e9 par un verre de l&rsquo;amiti\u00e9 offert par la municipalit\u00e9.<\/p>\n<\/div>\n<\/div>\n<\/div>\n<\/div>\n<\/div>\n<\/div>\n<p><strong>Bilan de cette matin\u00e9e :<\/strong><\/p>\n<p><em>Nombre de participants\u00a0: 18 au total dont 7 \u00e9lus municipaux et seulement 3 du monde viticole<\/em><\/p>\n<p><em>D\u00e9chets les plus ramass\u00e9s\u00a0:<\/em><\/p>\n<ul>\n<li><em>bouteilles plastiques et sacs plastiques<\/em><\/li>\n<li><em>canettes aluminium\u00a0: bi\u00e8re, sodas etc.<\/em><\/li>\n<li><em>papiers et cartons<\/em><\/li>\n<li><em>m\u00e9gots de cigarettes<\/em><\/li>\n<li><em>d\u00e9tritus m\u00e9talliques divers\u00a0: fils, piquets, c\u00e2bles etc.<\/em><\/li>\n<\/ul>\n<p><em>Probl\u00e8mes rencontr\u00e9s\u00a0: Aucun probl\u00e8me majeur.<\/em><\/p>\n<p><em>Mais la mobilisation des habitants \u00e9tait moindre que pour la Journ\u00e9e de la Nature en mai<span class=\"Apple-converted-space\">\u00a0 <\/span>2019\u00a0:<span class=\"Apple-converted-space\">\u00a0 <\/span>32 participants. L\u2019appel lanc\u00e9 par le Syndicat local des Viticulteurs n\u2019a pas permis de mobiliser beaucoup de professionnels. On peut s\u2019interroger sur ce ph\u00e9nom\u00e8ne et plusieurs r\u00e9ponses sont possibles\u00a0: le manque de sensibilisation aux probl\u00e8mes \u00e9cologiques, la saturation de la profession apr\u00e8s la p\u00e9riode des vendanges, le sentiment de ne pas \u00eatre responsable de la pr\u00e9sence de d\u00e9tritus sur les chemins ruraux.<\/em><\/p>\n<p><em>Il est \u00e0 noter que les habitants de notre commune ne sont pas non plus responsables des d\u00e9chets fort nombreux qui ont \u00e9t\u00e9 ramass\u00e9s en particulier de chaque c\u00f4t\u00e9 de la RD 951\u00a0!<span class=\"Apple-converted-space\">\u00a0<\/span><\/em><\/p>\n<p><em>Notre participation \u00e0 la prochaine \u00e9dition sera conditionn\u00e9e par l\u2019engagement et l\u2019implication des viticulteurs<span class=\"Apple-converted-space\">\u00a0 <\/span>exer\u00e7ant leur activit\u00e9 sur le territoire communal.<\/em><\/p>\n<p><em>Bernard W.<\/em><\/p>\n<p><img loading=\"lazy\" decoding=\"async\" class=\"aligncenter wp-image-14520 size-600\" src=\"https:\/\/www.villers-allerand.fr\/site\/wp-content\/uploads\/2019\/10\/DSC_0681-1-600x398.jpeg\" alt=\"\" width=\"600\" height=\"398\" srcset=\"https:\/\/www.villers-allerand.fr\/site\/wp-content\/uploads\/2019\/10\/DSC_0681-1-200x133.jpeg 200w, https:\/\/www.villers-allerand.fr\/site\/wp-content\/uploads\/2019\/10\/DSC_0681-1-300x199.jpeg 300w, https:\/\/www.villers-allerand.fr\/site\/wp-content\/uploads\/2019\/10\/DSC_0681-1-400x265.jpeg 400w, https:\/\/www.villers-allerand.fr\/site\/wp-content\/uploads\/2019\/10\/DSC_0681-1-600x398.jpeg 600w, https:\/\/www.villers-allerand.fr\/site\/wp-content\/uploads\/2019\/10\/DSC_0681-1-768x509.jpeg 768w, https:\/\/www.villers-allerand.fr\/site\/wp-content\/uploads\/2019\/10\/DSC_0681-1-800x530.jpeg 800w, https:\/\/www.villers-allerand.fr\/site\/wp-content\/uploads\/2019\/10\/DSC_0681-1-1024x678.jpeg 1024w, https:\/\/www.villers-allerand.fr\/site\/wp-content\/uploads\/2019\/10\/DSC_0681-1-1200x795.jpeg 1200w, https:\/\/www.villers-allerand.fr\/site\/wp-content\/uploads\/2019\/10\/DSC_0681-1.jpeg 1280w\" sizes=\"auto, (max-width: 600px) 100vw, 600px\" \/> <img loading=\"lazy\" decoding=\"async\" class=\"aligncenter wp-image-14521 size-600\" src=\"https:\/\/www.villers-allerand.fr\/site\/wp-content\/uploads\/2019\/10\/DSC_0686-1-600x398.jpeg\" alt=\"\" width=\"600\" height=\"398\" srcset=\"https:\/\/www.villers-allerand.fr\/site\/wp-content\/uploads\/2019\/10\/DSC_0686-1-200x133.jpeg 200w, https:\/\/www.villers-allerand.fr\/site\/wp-content\/uploads\/2019\/10\/DSC_0686-1-300x199.jpeg 300w, https:\/\/www.villers-allerand.fr\/site\/wp-content\/uploads\/2019\/10\/DSC_0686-1-400x265.jpeg 400w, https:\/\/www.villers-allerand.fr\/site\/wp-content\/uploads\/2019\/10\/DSC_0686-1-600x398.jpeg 600w, https:\/\/www.villers-allerand.fr\/site\/wp-content\/uploads\/2019\/10\/DSC_0686-1-768x509.jpeg 768w, https:\/\/www.villers-allerand.fr\/site\/wp-content\/uploads\/2019\/10\/DSC_0686-1-800x530.jpeg 800w, https:\/\/www.villers-allerand.fr\/site\/wp-content\/uploads\/2019\/10\/DSC_0686-1-1024x678.jpeg 1024w, https:\/\/www.villers-allerand.fr\/site\/wp-content\/uploads\/2019\/10\/DSC_0686-1-1200x795.jpeg 1200w, https:\/\/www.villers-allerand.fr\/site\/wp-content\/uploads\/2019\/10\/DSC_0686-1.jpeg 1280w\" sizes=\"auto, (max-width: 600px) 100vw, 600px\" \/> <img loading=\"lazy\" decoding=\"async\" class=\"aligncenter wp-image-14522 size-600\" src=\"https:\/\/www.villers-allerand.fr\/site\/wp-content\/uploads\/2019\/10\/DSC_0692-1-600x398.jpeg\" alt=\"\" width=\"600\" height=\"398\" srcset=\"https:\/\/www.villers-allerand.fr\/site\/wp-content\/uploads\/2019\/10\/DSC_0692-1-200x133.jpeg 200w, https:\/\/www.villers-allerand.fr\/site\/wp-content\/uploads\/2019\/10\/DSC_0692-1-300x199.jpeg 300w, https:\/\/www.villers-allerand.fr\/site\/wp-content\/uploads\/2019\/10\/DSC_0692-1-400x265.jpeg 400w, https:\/\/www.villers-allerand.fr\/site\/wp-content\/uploads\/2019\/10\/DSC_0692-1-600x398.jpeg 600w, https:\/\/www.villers-allerand.fr\/site\/wp-content\/uploads\/2019\/10\/DSC_0692-1-768x509.jpeg 768w, https:\/\/www.villers-allerand.fr\/site\/wp-content\/uploads\/2019\/10\/DSC_0692-1-800x530.jpeg 800w, https:\/\/www.villers-allerand.fr\/site\/wp-content\/uploads\/2019\/10\/DSC_0692-1-1024x678.jpeg 1024w, https:\/\/www.villers-allerand.fr\/site\/wp-content\/uploads\/2019\/10\/DSC_0692-1-1200x795.jpeg 1200w, https:\/\/www.villers-allerand.fr\/site\/wp-content\/uploads\/2019\/10\/DSC_0692-1.jpeg 1280w\" sizes=\"auto, (max-width: 600px) 100vw, 600px\" \/> <img loading=\"lazy\" decoding=\"async\" class=\"aligncenter wp-image-14523 size-600\" src=\"https:\/\/www.villers-allerand.fr\/site\/wp-content\/uploads\/2019\/10\/DSC_0695-600x398.jpeg\" alt=\"\" width=\"600\" height=\"398\" srcset=\"https:\/\/www.villers-allerand.fr\/site\/wp-content\/uploads\/2019\/10\/DSC_0695-200x133.jpeg 200w, https:\/\/www.villers-allerand.fr\/site\/wp-content\/uploads\/2019\/10\/DSC_0695-300x199.jpeg 300w, https:\/\/www.villers-allerand.fr\/site\/wp-content\/uploads\/2019\/10\/DSC_0695-400x265.jpeg 400w, https:\/\/www.villers-allerand.fr\/site\/wp-content\/uploads\/2019\/10\/DSC_0695-600x398.jpeg 600w, https:\/\/www.villers-allerand.fr\/site\/wp-content\/uploads\/2019\/10\/DSC_0695-768x509.jpeg 768w, https:\/\/www.villers-allerand.fr\/site\/wp-content\/uploads\/2019\/10\/DSC_0695-800x530.jpeg 800w, https:\/\/www.villers-allerand.fr\/site\/wp-content\/uploads\/2019\/10\/DSC_0695-1024x678.jpeg 1024w, https:\/\/www.villers-allerand.fr\/site\/wp-content\/uploads\/2019\/10\/DSC_0695-1200x795.jpeg 1200w, https:\/\/www.villers-allerand.fr\/site\/wp-content\/uploads\/2019\/10\/DSC_0695.jpeg 1280w\" sizes=\"auto, (max-width: 600px) 100vw, 600px\" \/> <img loading=\"lazy\" decoding=\"async\" class=\"aligncenter wp-image-14524 size-600\" src=\"https:\/\/www.villers-allerand.fr\/site\/wp-content\/uploads\/2019\/10\/DSC_0696-1-600x398.jpeg\" alt=\"\" width=\"600\" height=\"398\" srcset=\"https:\/\/www.villers-allerand.fr\/site\/wp-content\/uploads\/2019\/10\/DSC_0696-1-200x133.jpeg 200w, https:\/\/www.villers-allerand.fr\/site\/wp-content\/uploads\/2019\/10\/DSC_0696-1-300x199.jpeg 300w, https:\/\/www.villers-allerand.fr\/site\/wp-content\/uploads\/2019\/10\/DSC_0696-1-400x265.jpeg 400w, https:\/\/www.villers-allerand.fr\/site\/wp-content\/uploads\/2019\/10\/DSC_0696-1-600x398.jpeg 600w, https:\/\/www.villers-allerand.fr\/site\/wp-content\/uploads\/2019\/10\/DSC_0696-1-768x509.jpeg 768w, https:\/\/www.villers-allerand.fr\/site\/wp-content\/uploads\/2019\/10\/DSC_0696-1-800x530.jpeg 800w, https:\/\/www.villers-allerand.fr\/site\/wp-content\/uploads\/2019\/10\/DSC_0696-1-1024x678.jpeg 1024w, https:\/\/www.villers-allerand.fr\/site\/wp-content\/uploads\/2019\/10\/DSC_0696-1-1200x795.jpeg 1200w, https:\/\/www.villers-allerand.fr\/site\/wp-content\/uploads\/2019\/10\/DSC_0696-1.jpeg 1280w\" sizes=\"auto, (max-width: 600px) 100vw, 600px\" \/><\/p>\n<p>&nbsp;<\/p>\n","protected":false},"excerpt":{"rendered":"<p>Le Samedi 5 octobre 2019, notre commune de Villers-Allerand Montchenot participait pour la premi\u00e8re fois \u00e0 l&rsquo;op\u00e9ration \u00ab\u00a0Villages et Coteaux Propres\u00a0\u00bb, journ\u00e9e de nettoyage des coteaux et villages viticoles champenois. L\u2019inscription sur la Liste du patrimoine mondial de l\u2019UNESCO des Coteaux, Maisons et Caves de Champagne est une belle opportunit\u00e9 d\u2019unir toute la Champagne viticole autour [&hellip;]<\/p>\n","protected":false},"author":2,"featured_media":14500,"comment_status":"closed","ping_status":"closed","sticky":false,"template":"","format":"standard","meta":{"footnotes":""},"categories":[249],"tags":[281,138,253,280],"class_list":["post-14519","post","type-post","status-publish","format-standard","has-post-thumbnail","hentry","category-retrospectives-2019","tag-champagne","tag-environnement","tag-nettoyage","tag-villages-et-coteaux-propres"],"yoast_head":"<!-- This site is optimized with the Yoast SEO plugin v26.8 - https:\/\/yoast.com\/product\/yoast-seo-wordpress\/ -->\n<title>Retour sur....Villages et C\u00f4teaux propres 2019 - Mairie de Villers-Allerand - Montchenot<\/title>\n<meta name=\"robots\" content=\"index, follow, max-snippet:-1, max-image-preview:large, max-video-preview:-1\" \/>\n<link rel=\"canonical\" href=\"https:\/\/www.villers-allerand.fr\/site\/retour-sur-villages-et-coteaux-propres-2019\/\" \/>\n<meta property=\"og:locale\" content=\"fr_FR\" \/>\n<meta property=\"og:type\" content=\"article\" \/>\n<meta property=\"og:title\" content=\"Retour sur....Villages et C\u00f4teaux propres 2019 - Mairie de Villers-Allerand - Montchenot\" \/>\n<meta property=\"og:description\" content=\"Le Samedi 5 octobre 2019, notre commune de Villers-Allerand Montchenot participait pour la premi\u00e8re fois \u00e0 l&rsquo;op\u00e9ration \u00ab\u00a0Villages et Coteaux Propres\u00a0\u00bb, journ\u00e9e de nettoyage des coteaux et villages viticoles champenois. L\u2019inscription sur la Liste du patrimoine mondial de l\u2019UNESCO des Coteaux, Maisons et Caves de Champagne est une belle opportunit\u00e9 d\u2019unir toute la Champagne viticole autour [&hellip;]\" \/>\n<meta property=\"og:url\" content=\"https:\/\/www.villers-allerand.fr\/site\/retour-sur-villages-et-coteaux-propres-2019\/\" \/>\n<meta property=\"og:site_name\" content=\"Mairie de Villers-Allerand - Montchenot\" \/>\n<meta property=\"article:published_time\" content=\"2019-10-11T07:21:30+00:00\" \/>\n<meta property=\"article:modified_time\" content=\"2019-10-25T07:03:24+00:00\" \/>\n<meta property=\"og:image\" content=\"https:\/\/www.villers-allerand.fr\/site\/wp-content\/uploads\/2019\/09\/AfficheA3_CoteauxPropres_2019_sans-fond.jpg\" \/>\n\t<meta property=\"og:image:width\" content=\"1519\" \/>\n\t<meta property=\"og:image:height\" content=\"1317\" \/>\n\t<meta property=\"og:image:type\" content=\"image\/jpeg\" \/>\n<meta name=\"author\" content=\"webmaster\" \/>\n<meta name=\"twitter:card\" content=\"summary_large_image\" \/>\n<meta name=\"twitter:label1\" content=\"\u00c9crit par\" \/>\n\t<meta name=\"twitter:data1\" content=\"webmaster\" \/>\n\t<meta name=\"twitter:label2\" content=\"Dur\u00e9e de lecture estim\u00e9e\" \/>\n\t<meta name=\"twitter:data2\" content=\"2 minutes\" \/>\n<script type=\"application\/ld+json\" class=\"yoast-schema-graph\">{\"@context\":\"https:\/\/schema.org\",\"@graph\":[{\"@type\":\"Article\",\"@id\":\"https:\/\/www.villers-allerand.fr\/site\/retour-sur-villages-et-coteaux-propres-2019\/#article\",\"isPartOf\":{\"@id\":\"https:\/\/www.villers-allerand.fr\/site\/retour-sur-villages-et-coteaux-propres-2019\/\"},\"author\":{\"name\":\"webmaster\",\"@id\":\"https:\/\/www.villers-allerand.fr\/site\/#\/schema\/person\/4688120b1fdf6f98803340b4cbc38e4b\"},\"headline\":\"Retour sur&#8230;.Villages et C\u00f4teaux propres 2019\",\"datePublished\":\"2019-10-11T07:21:30+00:00\",\"dateModified\":\"2019-10-25T07:03:24+00:00\",\"mainEntityOfPage\":{\"@id\":\"https:\/\/www.villers-allerand.fr\/site\/retour-sur-villages-et-coteaux-propres-2019\/\"},\"wordCount\":359,\"image\":{\"@id\":\"https:\/\/www.villers-allerand.fr\/site\/retour-sur-villages-et-coteaux-propres-2019\/#primaryimage\"},\"thumbnailUrl\":\"https:\/\/www.villers-allerand.fr\/site\/wp-content\/uploads\/2019\/09\/AfficheA3_CoteauxPropres_2019_sans-fond.jpg\",\"keywords\":[\"champagne\",\"environnement\",\"nettoyage\",\"villages et coteaux propres\"],\"articleSection\":[\"R\u00e9trospectives 2019\"],\"inLanguage\":\"fr-FR\"},{\"@type\":\"WebPage\",\"@id\":\"https:\/\/www.villers-allerand.fr\/site\/retour-sur-villages-et-coteaux-propres-2019\/\",\"url\":\"https:\/\/www.villers-allerand.fr\/site\/retour-sur-villages-et-coteaux-propres-2019\/\",\"name\":\"Retour sur....Villages et C\u00f4teaux propres 2019 - Mairie de Villers-Allerand - Montchenot\",\"isPartOf\":{\"@id\":\"https:\/\/www.villers-allerand.fr\/site\/#website\"},\"primaryImageOfPage\":{\"@id\":\"https:\/\/www.villers-allerand.fr\/site\/retour-sur-villages-et-coteaux-propres-2019\/#primaryimage\"},\"image\":{\"@id\":\"https:\/\/www.villers-allerand.fr\/site\/retour-sur-villages-et-coteaux-propres-2019\/#primaryimage\"},\"thumbnailUrl\":\"https:\/\/www.villers-allerand.fr\/site\/wp-content\/uploads\/2019\/09\/AfficheA3_CoteauxPropres_2019_sans-fond.jpg\",\"datePublished\":\"2019-10-11T07:21:30+00:00\",\"dateModified\":\"2019-10-25T07:03:24+00:00\",\"author\":{\"@id\":\"https:\/\/www.villers-allerand.fr\/site\/#\/schema\/person\/4688120b1fdf6f98803340b4cbc38e4b\"},\"breadcrumb\":{\"@id\":\"https:\/\/www.villers-allerand.fr\/site\/retour-sur-villages-et-coteaux-propres-2019\/#breadcrumb\"},\"inLanguage\":\"fr-FR\",\"potentialAction\":[{\"@type\":\"ReadAction\",\"target\":[\"https:\/\/www.villers-allerand.fr\/site\/retour-sur-villages-et-coteaux-propres-2019\/\"]}]},{\"@type\":\"ImageObject\",\"inLanguage\":\"fr-FR\",\"@id\":\"https:\/\/www.villers-allerand.fr\/site\/retour-sur-villages-et-coteaux-propres-2019\/#primaryimage\",\"url\":\"https:\/\/www.villers-allerand.fr\/site\/wp-content\/uploads\/2019\/09\/AfficheA3_CoteauxPropres_2019_sans-fond.jpg\",\"contentUrl\":\"https:\/\/www.villers-allerand.fr\/site\/wp-content\/uploads\/2019\/09\/AfficheA3_CoteauxPropres_2019_sans-fond.jpg\",\"width\":1519,\"height\":1317},{\"@type\":\"BreadcrumbList\",\"@id\":\"https:\/\/www.villers-allerand.fr\/site\/retour-sur-villages-et-coteaux-propres-2019\/#breadcrumb\",\"itemListElement\":[{\"@type\":\"ListItem\",\"position\":1,\"name\":\"Accueil\",\"item\":\"https:\/\/www.villers-allerand.fr\/site\/\"},{\"@type\":\"ListItem\",\"position\":2,\"name\":\"Retour sur&#8230;.Villages et C\u00f4teaux propres 2019\"}]},{\"@type\":\"WebSite\",\"@id\":\"https:\/\/www.villers-allerand.fr\/site\/#website\",\"url\":\"https:\/\/www.villers-allerand.fr\/site\/\",\"name\":\"Mairie de Villers-Allerand - Montchenot\",\"description\":\"Site Officiel de la Mairie\",\"potentialAction\":[{\"@type\":\"SearchAction\",\"target\":{\"@type\":\"EntryPoint\",\"urlTemplate\":\"https:\/\/www.villers-allerand.fr\/site\/?s={search_term_string}\"},\"query-input\":{\"@type\":\"PropertyValueSpecification\",\"valueRequired\":true,\"valueName\":\"search_term_string\"}}],\"inLanguage\":\"fr-FR\"},{\"@type\":\"Person\",\"@id\":\"https:\/\/www.villers-allerand.fr\/site\/#\/schema\/person\/4688120b1fdf6f98803340b4cbc38e4b\",\"name\":\"webmaster\",\"image\":{\"@type\":\"ImageObject\",\"inLanguage\":\"fr-FR\",\"@id\":\"https:\/\/www.villers-allerand.fr\/site\/#\/schema\/person\/image\/\",\"url\":\"https:\/\/secure.gravatar.com\/avatar\/7ae33595ea8568e0c28d34997e54608e?s=96&d=mm&r=g\",\"contentUrl\":\"https:\/\/secure.gravatar.com\/avatar\/7ae33595ea8568e0c28d34997e54608e?s=96&d=mm&r=g\",\"caption\":\"webmaster\"}}]}<\/script>\n<!-- \/ Yoast SEO plugin. -->","yoast_head_json":{"title":"Retour sur....Villages et C\u00f4teaux propres 2019 - Mairie de Villers-Allerand - Montchenot","robots":{"index":"index","follow":"follow","max-snippet":"max-snippet:-1","max-image-preview":"max-image-preview:large","max-video-preview":"max-video-preview:-1"},"canonical":"https:\/\/www.villers-allerand.fr\/site\/retour-sur-villages-et-coteaux-propres-2019\/","og_locale":"fr_FR","og_type":"article","og_title":"Retour sur....Villages et C\u00f4teaux propres 2019 - Mairie de Villers-Allerand - Montchenot","og_description":"Le Samedi 5 octobre 2019, notre commune de Villers-Allerand Montchenot participait pour la premi\u00e8re fois \u00e0 l&rsquo;op\u00e9ration \u00ab\u00a0Villages et Coteaux Propres\u00a0\u00bb, journ\u00e9e de nettoyage des coteaux et villages viticoles champenois. L\u2019inscription sur la Liste du patrimoine mondial de l\u2019UNESCO des Coteaux, Maisons et Caves de Champagne est une belle opportunit\u00e9 d\u2019unir toute la Champagne viticole autour [&hellip;]","og_url":"https:\/\/www.villers-allerand.fr\/site\/retour-sur-villages-et-coteaux-propres-2019\/","og_site_name":"Mairie de Villers-Allerand - Montchenot","article_published_time":"2019-10-11T07:21:30+00:00","article_modified_time":"2019-10-25T07:03:24+00:00","og_image":[{"width":1519,"height":1317,"url":"https:\/\/www.villers-allerand.fr\/site\/wp-content\/uploads\/2019\/09\/AfficheA3_CoteauxPropres_2019_sans-fond.jpg","type":"image\/jpeg"}],"author":"webmaster","twitter_card":"summary_large_image","twitter_misc":{"\u00c9crit par":"webmaster","Dur\u00e9e de lecture estim\u00e9e":"2 minutes"},"schema":{"@context":"https:\/\/schema.org","@graph":[{"@type":"Article","@id":"https:\/\/www.villers-allerand.fr\/site\/retour-sur-villages-et-coteaux-propres-2019\/#article","isPartOf":{"@id":"https:\/\/www.villers-allerand.fr\/site\/retour-sur-villages-et-coteaux-propres-2019\/"},"author":{"name":"webmaster","@id":"https:\/\/www.villers-allerand.fr\/site\/#\/schema\/person\/4688120b1fdf6f98803340b4cbc38e4b"},"headline":"Retour sur&#8230;.Villages et C\u00f4teaux propres 2019","datePublished":"2019-10-11T07:21:30+00:00","dateModified":"2019-10-25T07:03:24+00:00","mainEntityOfPage":{"@id":"https:\/\/www.villers-allerand.fr\/site\/retour-sur-villages-et-coteaux-propres-2019\/"},"wordCount":359,"image":{"@id":"https:\/\/www.villers-allerand.fr\/site\/retour-sur-villages-et-coteaux-propres-2019\/#primaryimage"},"thumbnailUrl":"https:\/\/www.villers-allerand.fr\/site\/wp-content\/uploads\/2019\/09\/AfficheA3_CoteauxPropres_2019_sans-fond.jpg","keywords":["champagne","environnement","nettoyage","villages et coteaux propres"],"articleSection":["R\u00e9trospectives 2019"],"inLanguage":"fr-FR"},{"@type":"WebPage","@id":"https:\/\/www.villers-allerand.fr\/site\/retour-sur-villages-et-coteaux-propres-2019\/","url":"https:\/\/www.villers-allerand.fr\/site\/retour-sur-villages-et-coteaux-propres-2019\/","name":"Retour sur....Villages et C\u00f4teaux propres 2019 - Mairie de Villers-Allerand - Montchenot","isPartOf":{"@id":"https:\/\/www.villers-allerand.fr\/site\/#website"},"primaryImageOfPage":{"@id":"https:\/\/www.villers-allerand.fr\/site\/retour-sur-villages-et-coteaux-propres-2019\/#primaryimage"},"image":{"@id":"https:\/\/www.villers-allerand.fr\/site\/retour-sur-villages-et-coteaux-propres-2019\/#primaryimage"},"thumbnailUrl":"https:\/\/www.villers-allerand.fr\/site\/wp-content\/uploads\/2019\/09\/AfficheA3_CoteauxPropres_2019_sans-fond.jpg","datePublished":"2019-10-11T07:21:30+00:00","dateModified":"2019-10-25T07:03:24+00:00","author":{"@id":"https:\/\/www.villers-allerand.fr\/site\/#\/schema\/person\/4688120b1fdf6f98803340b4cbc38e4b"},"breadcrumb":{"@id":"https:\/\/www.villers-allerand.fr\/site\/retour-sur-villages-et-coteaux-propres-2019\/#breadcrumb"},"inLanguage":"fr-FR","potentialAction":[{"@type":"ReadAction","target":["https:\/\/www.villers-allerand.fr\/site\/retour-sur-villages-et-coteaux-propres-2019\/"]}]},{"@type":"ImageObject","inLanguage":"fr-FR","@id":"https:\/\/www.villers-allerand.fr\/site\/retour-sur-villages-et-coteaux-propres-2019\/#primaryimage","url":"https:\/\/www.villers-allerand.fr\/site\/wp-content\/uploads\/2019\/09\/AfficheA3_CoteauxPropres_2019_sans-fond.jpg","contentUrl":"https:\/\/www.villers-allerand.fr\/site\/wp-content\/uploads\/2019\/09\/AfficheA3_CoteauxPropres_2019_sans-fond.jpg","width":1519,"height":1317},{"@type":"BreadcrumbList","@id":"https:\/\/www.villers-allerand.fr\/site\/retour-sur-villages-et-coteaux-propres-2019\/#breadcrumb","itemListElement":[{"@type":"ListItem","position":1,"name":"Accueil","item":"https:\/\/www.villers-allerand.fr\/site\/"},{"@type":"ListItem","position":2,"name":"Retour sur&#8230;.Villages et C\u00f4teaux propres 2019"}]},{"@type":"WebSite","@id":"https:\/\/www.villers-allerand.fr\/site\/#website","url":"https:\/\/www.villers-allerand.fr\/site\/","name":"Mairie de Villers-Allerand - Montchenot","description":"Site Officiel de la Mairie","potentialAction":[{"@type":"SearchAction","target":{"@type":"EntryPoint","urlTemplate":"https:\/\/www.villers-allerand.fr\/site\/?s={search_term_string}"},"query-input":{"@type":"PropertyValueSpecification","valueRequired":true,"valueName":"search_term_string"}}],"inLanguage":"fr-FR"},{"@type":"Person","@id":"https:\/\/www.villers-allerand.fr\/site\/#\/schema\/person\/4688120b1fdf6f98803340b4cbc38e4b","name":"webmaster","image":{"@type":"ImageObject","inLanguage":"fr-FR","@id":"https:\/\/www.villers-allerand.fr\/site\/#\/schema\/person\/image\/","url":"https:\/\/secure.gravatar.com\/avatar\/7ae33595ea8568e0c28d34997e54608e?s=96&d=mm&r=g","contentUrl":"https:\/\/secure.gravatar.com\/avatar\/7ae33595ea8568e0c28d34997e54608e?s=96&d=mm&r=g","caption":"webmaster"}}]}},"publishpress_future_action":{"enabled":false,"date":"2026-05-09 14:55:11","action":"change-status","newStatus":"draft","terms":[],"taxonomy":"category","extraData":[]},"publishpress_future_workflow_manual_trigger":{"enabledWorkflows":[]},"_links":{"self":[{"href":"https:\/\/www.villers-allerand.fr\/site\/wp-json\/wp\/v2\/posts\/14519","targetHints":{"allow":["GET"]}}],"collection":[{"href":"https:\/\/www.villers-allerand.fr\/site\/wp-json\/wp\/v2\/posts"}],"about":[{"href":"https:\/\/www.villers-allerand.fr\/site\/wp-json\/wp\/v2\/types\/post"}],"author":[{"embeddable":true,"href":"https:\/\/www.villers-allerand.fr\/site\/wp-json\/wp\/v2\/users\/2"}],"replies":[{"embeddable":true,"href":"https:\/\/www.villers-allerand.fr\/site\/wp-json\/wp\/v2\/comments?post=14519"}],"version-history":[{"count":1,"href":"https:\/\/www.villers-allerand.fr\/site\/wp-json\/wp\/v2\/posts\/14519\/revisions"}],"predecessor-version":[{"id":14525,"href":"https:\/\/www.villers-allerand.fr\/site\/wp-json\/wp\/v2\/posts\/14519\/revisions\/14525"}],"wp:featuredmedia":[{"embeddable":true,"href":"https:\/\/www.villers-allerand.fr\/site\/wp-json\/wp\/v2\/media\/14500"}],"wp:attachment":[{"href":"https:\/\/www.villers-allerand.fr\/site\/wp-json\/wp\/v2\/media?parent=14519"}],"wp:term":[{"taxonomy":"category","embeddable":true,"href":"https:\/\/www.villers-allerand.fr\/site\/wp-json\/wp\/v2\/categories?post=14519"},{"taxonomy":"post_tag","embeddable":true,"href":"https:\/\/www.villers-allerand.fr\/site\/wp-json\/wp\/v2\/tags?post=14519"}],"curies":[{"name":"wp","href":"https:\/\/api.w.org\/{rel}","templated":true}]}}