{"id":14676,"date":"2020-03-16T08:18:55","date_gmt":"2020-03-16T07:18:55","guid":{"rendered":"http:\/\/www.villers-allerand.fr\/site\/?p=14676"},"modified":"2021-04-28T10:55:43","modified_gmt":"2021-04-28T08:55:43","slug":"elections-municipales-resultats","status":"publish","type":"post","link":"https:\/\/www.villers-allerand.fr\/site\/elections-municipales-resultats\/","title":{"rendered":"\u00c9LECTIONS MUNICIPALES   R\u00c9SULTATS"},"content":{"rendered":"<p>Inscrits : 560<\/p>\n<p>Votants : 301<\/p>\n<p>Blancs : 2<\/p>\n<p>Nuls : 9<\/p>\n<p>Exprim\u00e9s : 292<\/p>\n<p>Participation : 53,75 %<\/p>\n<p>Sont \u00e9lus au 1er tour, 15 candidats :<\/p>\n<ul>\n<li>COCQUELET Jean-Pierre<\/li>\n<li>CHAPPELLET Jean-Marie<\/li>\n<li>FLOCH Ga\u00eblle<\/li>\n<li>JEANTY St\u00e9phane<\/li>\n<li>BOUVIER Dimitri<\/li>\n<li>RONDET Julien<\/li>\n<li>WEILER Bernard<\/li>\n<li>COURTEIX Estelle<\/li>\n<li>DE AMORIN Didier<\/li>\n<li>GOELDEL Cl\u00e9ment<\/li>\n<li>DECARREAUX C\u00e9cile<\/li>\n<li>GIRARDIN \u00c9ric<\/li>\n<li>PATEIRON Dominique<\/li>\n<li>PATEIRON Laurent<\/li>\n<li>LAROCHE Paul-\u00c9douard<\/li>\n<\/ul>\n<p>Conform\u00e9ment \u00e0 la loi, l&rsquo;\u00e9lection du Maire et des adjoints aura lieu au plus t\u00f4t le vendredi et au plus tard le dimanche suivant le tour du scrutin \u00e0 l&rsquo;issue duquel le conseil a \u00e9t\u00e9 \u00e9lu au complet (art. L2121-7 du CGCT).<\/p>\n<p>ci-dessous les r\u00e9sultats par candidats :<\/p>\n<p><img loading=\"lazy\" decoding=\"async\" class=\"aligncenter wp-image-14677 size-large\" src=\"https:\/\/www.villers-allerand.fr\/site\/wp-content\/uploads\/2020\/03\/IMG_2433-e1584342900665-990x1024.jpg\" alt=\"\" width=\"990\" height=\"1024\" srcset=\"https:\/\/www.villers-allerand.fr\/site\/wp-content\/uploads\/2020\/03\/IMG_2433-e1584342900665-200x207.jpg 200w, https:\/\/www.villers-allerand.fr\/site\/wp-content\/uploads\/2020\/03\/IMG_2433-e1584342900665-290x300.jpg 290w, https:\/\/www.villers-allerand.fr\/site\/wp-content\/uploads\/2020\/03\/IMG_2433-e1584342900665-400x414.jpg 400w, https:\/\/www.villers-allerand.fr\/site\/wp-content\/uploads\/2020\/03\/IMG_2433-e1584342900665-600x621.jpg 600w, https:\/\/www.villers-allerand.fr\/site\/wp-content\/uploads\/2020\/03\/IMG_2433-e1584342900665-768x794.jpg 768w, https:\/\/www.villers-allerand.fr\/site\/wp-content\/uploads\/2020\/03\/IMG_2433-e1584342900665-800x827.jpg 800w, https:\/\/www.villers-allerand.fr\/site\/wp-content\/uploads\/2020\/03\/IMG_2433-e1584342900665-990x1024.jpg 990w, https:\/\/www.villers-allerand.fr\/site\/wp-content\/uploads\/2020\/03\/IMG_2433-e1584342900665-1200x1241.jpg 1200w\" sizes=\"auto, (max-width: 990px) 100vw, 990px\" \/><\/p>\n<p>&nbsp;<\/p>\n<p>\u00c9LECTION DU MAIRE ET DES ADJOINTS :<\/p>\n<p>-&gt; Message de Jacqueline GOURAULT, ministre de la coh\u00e9sion des territoires et des relations avec les collectivit\u00e9s territoriales, et de S\u00e9bastien LECORNU, ministre aupr\u00e8s de la ministre, charg\u00e9 des collectivit\u00e9s territoriales.<\/p>\n<p>\u00ab\u00a0Nous vous avons adress\u00e9 mardi soir une circulaire relative \u00e0 la tenue des premiers conseils municipaux visant \u00e0 \u00e9lire les maires et leurs adjoints, en application des dispositions l\u00e9gales en vigueur, pour tirer les cons\u00e9quences du premier tour de l\u2019\u00e9lection municipale, quand il a permis de constituer le conseil municipal dans son int\u00e9gralit\u00e9.<\/p>\n<p>Toutefois, consult\u00e9 aujourd\u2019hui sur le risque sanitaire qu\u2019emportait de telles r\u00e9unions, le pr\u00e9sident du conseil scientifique a estim\u00e9 que ces conditions, m\u00eame am\u00e9nag\u00e9es, n\u2019\u00e9taient plus r\u00e9unies \u00e0 cette heure et qu\u2019il \u00e9tait pr\u00e9f\u00e9rable de reporter l\u2019installation des conseils municipaux d\u00e9finitivement \u00e9lus \u00e0 l\u2019issue du premier tour.<\/p>\n<p>Aussi, vous veillerez \u00e0 informer imm\u00e9diatement l\u2019ensemble des communes afin que les conseils municipaux programm\u00e9s \u00e0 partir de demain vendredi soient ajourn\u00e9s.<\/p>\n<p>Le projet de loi d&rsquo;urgence pour faire face \u00e0 l&rsquo;\u00e9pid\u00e9mie de covid-19 fixera les modalit\u00e9s de continuit\u00e9 des ex\u00e9cutifs locaux en maintenant en fonction les maires et adjoints en fonction au 15 mars jusqu\u2019au 15 mai, date \u00e0 laquelle le gouvernement remettra au Parlement un rapport, fond\u00e9 sur une analyse du comit\u00e9 national scientifique ; le comit\u00e9 national scientifique se pronon\u00e7ant sur l\u2019\u00e9tat de l\u2019\u00e9pid\u00e9mie de covid-19 et sur les risques sanitaires attach\u00e9s \u00e0 la tenue du second tour et de la campagne le pr\u00e9c\u00e9dant, ainsi que sur la possibilit\u00e9 d\u2019installer les conseils municipaux.<\/p>\n<p>Une fois les conditions sanitaires r\u00e9unies, les conseils municipaux \u00e9lus \u00e0 l\u2019issue du premier tour pourront \u00eatre install\u00e9s et \u00e9lire leurs nouveaux ex\u00e9cutifs dans les d\u00e9lais les plus brefs.\u00a0\u00bb<\/p>\n<p>&nbsp;<\/p>\n","protected":false},"excerpt":{"rendered":"<p>Inscrits : 560 Votants : 301 Blancs : 2 Nuls : 9 Exprim\u00e9s : 292 Participation : 53,75 % Sont \u00e9lus au 1er tour, 15 candidats : COCQUELET Jean-Pierre CHAPPELLET Jean-Marie FLOCH Ga\u00eblle JEANTY St\u00e9phane BOUVIER Dimitri RONDET Julien WEILER Bernard COURTEIX Estelle DE AMORIN Didier GOELDEL Cl\u00e9ment DECARREAUX C\u00e9cile GIRARDIN \u00c9ric PATEIRON Dominique PATEIRON Laurent [&hellip;]<\/p>\n","protected":false},"author":2,"featured_media":14681,"comment_status":"closed","ping_status":"closed","sticky":false,"template":"","format":"standard","meta":{"footnotes":""},"categories":[289],"tags":[78,298],"class_list":["post-14676","post","type-post","status-publish","format-standard","has-post-thumbnail","hentry","category-retrospectives-2020","tag-elections","tag-elections-municipales"],"yoast_head":"<!-- This site is optimized with the Yoast SEO plugin v26.8 - https:\/\/yoast.com\/product\/yoast-seo-wordpress\/ -->\n<title>\u00c9LECTIONS MUNICIPALES  R\u00c9SULTATS - Mairie de Villers-Allerand - Montchenot<\/title>\n<meta name=\"robots\" content=\"index, follow, max-snippet:-1, max-image-preview:large, max-video-preview:-1\" \/>\n<link rel=\"canonical\" href=\"https:\/\/www.villers-allerand.fr\/site\/elections-municipales-resultats\/\" \/>\n<meta property=\"og:locale\" content=\"fr_FR\" \/>\n<meta property=\"og:type\" content=\"article\" \/>\n<meta property=\"og:title\" content=\"\u00c9LECTIONS MUNICIPALES  R\u00c9SULTATS - Mairie de Villers-Allerand - Montchenot\" \/>\n<meta property=\"og:description\" content=\"Inscrits : 560 Votants : 301 Blancs : 2 Nuls : 9 Exprim\u00e9s : 292 Participation : 53,75 % Sont \u00e9lus au 1er tour, 15 candidats : COCQUELET Jean-Pierre CHAPPELLET Jean-Marie FLOCH Ga\u00eblle JEANTY St\u00e9phane BOUVIER Dimitri RONDET Julien WEILER Bernard COURTEIX Estelle DE AMORIN Didier GOELDEL Cl\u00e9ment DECARREAUX C\u00e9cile GIRARDIN \u00c9ric PATEIRON Dominique PATEIRON Laurent [&hellip;]\" \/>\n<meta property=\"og:url\" content=\"https:\/\/www.villers-allerand.fr\/site\/elections-municipales-resultats\/\" \/>\n<meta property=\"og:site_name\" content=\"Mairie de Villers-Allerand - Montchenot\" \/>\n<meta property=\"article:published_time\" content=\"2020-03-16T07:18:55+00:00\" \/>\n<meta property=\"article:modified_time\" content=\"2021-04-28T08:55:43+00:00\" \/>\n<meta property=\"og:image\" content=\"https:\/\/www.villers-allerand.fr\/site\/wp-content\/uploads\/2020\/03\/ELECTIONS1-e1584344191368.png\" \/>\n\t<meta property=\"og:image:width\" content=\"906\" \/>\n\t<meta property=\"og:image:height\" content=\"657\" \/>\n\t<meta property=\"og:image:type\" content=\"image\/png\" \/>\n<meta name=\"author\" content=\"webmaster\" \/>\n<meta name=\"twitter:card\" content=\"summary_large_image\" \/>\n<meta name=\"twitter:label1\" content=\"\u00c9crit par\" \/>\n\t<meta name=\"twitter:data1\" content=\"webmaster\" \/>\n\t<meta name=\"twitter:label2\" content=\"Dur\u00e9e de lecture estim\u00e9e\" \/>\n\t<meta name=\"twitter:data2\" content=\"2 minutes\" \/>\n<script type=\"application\/ld+json\" class=\"yoast-schema-graph\">{\"@context\":\"https:\/\/schema.org\",\"@graph\":[{\"@type\":\"Article\",\"@id\":\"https:\/\/www.villers-allerand.fr\/site\/elections-municipales-resultats\/#article\",\"isPartOf\":{\"@id\":\"https:\/\/www.villers-allerand.fr\/site\/elections-municipales-resultats\/\"},\"author\":{\"name\":\"webmaster\",\"@id\":\"https:\/\/www.villers-allerand.fr\/site\/#\/schema\/person\/4688120b1fdf6f98803340b4cbc38e4b\"},\"headline\":\"\u00c9LECTIONS MUNICIPALES R\u00c9SULTATS\",\"datePublished\":\"2020-03-16T07:18:55+00:00\",\"dateModified\":\"2021-04-28T08:55:43+00:00\",\"mainEntityOfPage\":{\"@id\":\"https:\/\/www.villers-allerand.fr\/site\/elections-municipales-resultats\/\"},\"wordCount\":420,\"image\":{\"@id\":\"https:\/\/www.villers-allerand.fr\/site\/elections-municipales-resultats\/#primaryimage\"},\"thumbnailUrl\":\"https:\/\/www.villers-allerand.fr\/site\/wp-content\/uploads\/2020\/03\/ELECTIONS1-e1584344191368.png\",\"keywords\":[\"elections\",\"\u00e9lections municipales\"],\"articleSection\":[\"R\u00e9trospectives 2020\"],\"inLanguage\":\"fr-FR\"},{\"@type\":\"WebPage\",\"@id\":\"https:\/\/www.villers-allerand.fr\/site\/elections-municipales-resultats\/\",\"url\":\"https:\/\/www.villers-allerand.fr\/site\/elections-municipales-resultats\/\",\"name\":\"\u00c9LECTIONS MUNICIPALES R\u00c9SULTATS - Mairie de Villers-Allerand - Montchenot\",\"isPartOf\":{\"@id\":\"https:\/\/www.villers-allerand.fr\/site\/#website\"},\"primaryImageOfPage\":{\"@id\":\"https:\/\/www.villers-allerand.fr\/site\/elections-municipales-resultats\/#primaryimage\"},\"image\":{\"@id\":\"https:\/\/www.villers-allerand.fr\/site\/elections-municipales-resultats\/#primaryimage\"},\"thumbnailUrl\":\"https:\/\/www.villers-allerand.fr\/site\/wp-content\/uploads\/2020\/03\/ELECTIONS1-e1584344191368.png\",\"datePublished\":\"2020-03-16T07:18:55+00:00\",\"dateModified\":\"2021-04-28T08:55:43+00:00\",\"author\":{\"@id\":\"https:\/\/www.villers-allerand.fr\/site\/#\/schema\/person\/4688120b1fdf6f98803340b4cbc38e4b\"},\"breadcrumb\":{\"@id\":\"https:\/\/www.villers-allerand.fr\/site\/elections-municipales-resultats\/#breadcrumb\"},\"inLanguage\":\"fr-FR\",\"potentialAction\":[{\"@type\":\"ReadAction\",\"target\":[\"https:\/\/www.villers-allerand.fr\/site\/elections-municipales-resultats\/\"]}]},{\"@type\":\"ImageObject\",\"inLanguage\":\"fr-FR\",\"@id\":\"https:\/\/www.villers-allerand.fr\/site\/elections-municipales-resultats\/#primaryimage\",\"url\":\"https:\/\/www.villers-allerand.fr\/site\/wp-content\/uploads\/2020\/03\/ELECTIONS1-e1584344191368.png\",\"contentUrl\":\"https:\/\/www.villers-allerand.fr\/site\/wp-content\/uploads\/2020\/03\/ELECTIONS1-e1584344191368.png\",\"width\":906,\"height\":657},{\"@type\":\"BreadcrumbList\",\"@id\":\"https:\/\/www.villers-allerand.fr\/site\/elections-municipales-resultats\/#breadcrumb\",\"itemListElement\":[{\"@type\":\"ListItem\",\"position\":1,\"name\":\"Accueil\",\"item\":\"https:\/\/www.villers-allerand.fr\/site\/\"},{\"@type\":\"ListItem\",\"position\":2,\"name\":\"\u00c9LECTIONS MUNICIPALES R\u00c9SULTATS\"}]},{\"@type\":\"WebSite\",\"@id\":\"https:\/\/www.villers-allerand.fr\/site\/#website\",\"url\":\"https:\/\/www.villers-allerand.fr\/site\/\",\"name\":\"Mairie de Villers-Allerand - Montchenot\",\"description\":\"Site Officiel de la Mairie\",\"potentialAction\":[{\"@type\":\"SearchAction\",\"target\":{\"@type\":\"EntryPoint\",\"urlTemplate\":\"https:\/\/www.villers-allerand.fr\/site\/?s={search_term_string}\"},\"query-input\":{\"@type\":\"PropertyValueSpecification\",\"valueRequired\":true,\"valueName\":\"search_term_string\"}}],\"inLanguage\":\"fr-FR\"},{\"@type\":\"Person\",\"@id\":\"https:\/\/www.villers-allerand.fr\/site\/#\/schema\/person\/4688120b1fdf6f98803340b4cbc38e4b\",\"name\":\"webmaster\",\"image\":{\"@type\":\"ImageObject\",\"inLanguage\":\"fr-FR\",\"@id\":\"https:\/\/www.villers-allerand.fr\/site\/#\/schema\/person\/image\/\",\"url\":\"https:\/\/secure.gravatar.com\/avatar\/7ae33595ea8568e0c28d34997e54608e?s=96&d=mm&r=g\",\"contentUrl\":\"https:\/\/secure.gravatar.com\/avatar\/7ae33595ea8568e0c28d34997e54608e?s=96&d=mm&r=g\",\"caption\":\"webmaster\"}}]}<\/script>\n<!-- \/ Yoast SEO plugin. -->","yoast_head_json":{"title":"\u00c9LECTIONS MUNICIPALES  R\u00c9SULTATS - Mairie de Villers-Allerand - Montchenot","robots":{"index":"index","follow":"follow","max-snippet":"max-snippet:-1","max-image-preview":"max-image-preview:large","max-video-preview":"max-video-preview:-1"},"canonical":"https:\/\/www.villers-allerand.fr\/site\/elections-municipales-resultats\/","og_locale":"fr_FR","og_type":"article","og_title":"\u00c9LECTIONS MUNICIPALES  R\u00c9SULTATS - Mairie de Villers-Allerand - Montchenot","og_description":"Inscrits : 560 Votants : 301 Blancs : 2 Nuls : 9 Exprim\u00e9s : 292 Participation : 53,75 % Sont \u00e9lus au 1er tour, 15 candidats : COCQUELET Jean-Pierre CHAPPELLET Jean-Marie FLOCH Ga\u00eblle JEANTY St\u00e9phane BOUVIER Dimitri RONDET Julien WEILER Bernard COURTEIX Estelle DE AMORIN Didier GOELDEL Cl\u00e9ment DECARREAUX C\u00e9cile GIRARDIN \u00c9ric PATEIRON Dominique PATEIRON Laurent [&hellip;]","og_url":"https:\/\/www.villers-allerand.fr\/site\/elections-municipales-resultats\/","og_site_name":"Mairie de Villers-Allerand - Montchenot","article_published_time":"2020-03-16T07:18:55+00:00","article_modified_time":"2021-04-28T08:55:43+00:00","og_image":[{"width":906,"height":657,"url":"https:\/\/www.villers-allerand.fr\/site\/wp-content\/uploads\/2020\/03\/ELECTIONS1-e1584344191368.png","type":"image\/png"}],"author":"webmaster","twitter_card":"summary_large_image","twitter_misc":{"\u00c9crit par":"webmaster","Dur\u00e9e de lecture estim\u00e9e":"2 minutes"},"schema":{"@context":"https:\/\/schema.org","@graph":[{"@type":"Article","@id":"https:\/\/www.villers-allerand.fr\/site\/elections-municipales-resultats\/#article","isPartOf":{"@id":"https:\/\/www.villers-allerand.fr\/site\/elections-municipales-resultats\/"},"author":{"name":"webmaster","@id":"https:\/\/www.villers-allerand.fr\/site\/#\/schema\/person\/4688120b1fdf6f98803340b4cbc38e4b"},"headline":"\u00c9LECTIONS MUNICIPALES R\u00c9SULTATS","datePublished":"2020-03-16T07:18:55+00:00","dateModified":"2021-04-28T08:55:43+00:00","mainEntityOfPage":{"@id":"https:\/\/www.villers-allerand.fr\/site\/elections-municipales-resultats\/"},"wordCount":420,"image":{"@id":"https:\/\/www.villers-allerand.fr\/site\/elections-municipales-resultats\/#primaryimage"},"thumbnailUrl":"https:\/\/www.villers-allerand.fr\/site\/wp-content\/uploads\/2020\/03\/ELECTIONS1-e1584344191368.png","keywords":["elections","\u00e9lections municipales"],"articleSection":["R\u00e9trospectives 2020"],"inLanguage":"fr-FR"},{"@type":"WebPage","@id":"https:\/\/www.villers-allerand.fr\/site\/elections-municipales-resultats\/","url":"https:\/\/www.villers-allerand.fr\/site\/elections-municipales-resultats\/","name":"\u00c9LECTIONS MUNICIPALES R\u00c9SULTATS - Mairie de Villers-Allerand - Montchenot","isPartOf":{"@id":"https:\/\/www.villers-allerand.fr\/site\/#website"},"primaryImageOfPage":{"@id":"https:\/\/www.villers-allerand.fr\/site\/elections-municipales-resultats\/#primaryimage"},"image":{"@id":"https:\/\/www.villers-allerand.fr\/site\/elections-municipales-resultats\/#primaryimage"},"thumbnailUrl":"https:\/\/www.villers-allerand.fr\/site\/wp-content\/uploads\/2020\/03\/ELECTIONS1-e1584344191368.png","datePublished":"2020-03-16T07:18:55+00:00","dateModified":"2021-04-28T08:55:43+00:00","author":{"@id":"https:\/\/www.villers-allerand.fr\/site\/#\/schema\/person\/4688120b1fdf6f98803340b4cbc38e4b"},"breadcrumb":{"@id":"https:\/\/www.villers-allerand.fr\/site\/elections-municipales-resultats\/#breadcrumb"},"inLanguage":"fr-FR","potentialAction":[{"@type":"ReadAction","target":["https:\/\/www.villers-allerand.fr\/site\/elections-municipales-resultats\/"]}]},{"@type":"ImageObject","inLanguage":"fr-FR","@id":"https:\/\/www.villers-allerand.fr\/site\/elections-municipales-resultats\/#primaryimage","url":"https:\/\/www.villers-allerand.fr\/site\/wp-content\/uploads\/2020\/03\/ELECTIONS1-e1584344191368.png","contentUrl":"https:\/\/www.villers-allerand.fr\/site\/wp-content\/uploads\/2020\/03\/ELECTIONS1-e1584344191368.png","width":906,"height":657},{"@type":"BreadcrumbList","@id":"https:\/\/www.villers-allerand.fr\/site\/elections-municipales-resultats\/#breadcrumb","itemListElement":[{"@type":"ListItem","position":1,"name":"Accueil","item":"https:\/\/www.villers-allerand.fr\/site\/"},{"@type":"ListItem","position":2,"name":"\u00c9LECTIONS MUNICIPALES R\u00c9SULTATS"}]},{"@type":"WebSite","@id":"https:\/\/www.villers-allerand.fr\/site\/#website","url":"https:\/\/www.villers-allerand.fr\/site\/","name":"Mairie de Villers-Allerand - Montchenot","description":"Site Officiel de la Mairie","potentialAction":[{"@type":"SearchAction","target":{"@type":"EntryPoint","urlTemplate":"https:\/\/www.villers-allerand.fr\/site\/?s={search_term_string}"},"query-input":{"@type":"PropertyValueSpecification","valueRequired":true,"valueName":"search_term_string"}}],"inLanguage":"fr-FR"},{"@type":"Person","@id":"https:\/\/www.villers-allerand.fr\/site\/#\/schema\/person\/4688120b1fdf6f98803340b4cbc38e4b","name":"webmaster","image":{"@type":"ImageObject","inLanguage":"fr-FR","@id":"https:\/\/www.villers-allerand.fr\/site\/#\/schema\/person\/image\/","url":"https:\/\/secure.gravatar.com\/avatar\/7ae33595ea8568e0c28d34997e54608e?s=96&d=mm&r=g","contentUrl":"https:\/\/secure.gravatar.com\/avatar\/7ae33595ea8568e0c28d34997e54608e?s=96&d=mm&r=g","caption":"webmaster"}}]}},"publishpress_future_action":{"enabled":false,"date":"2026-05-09 14:55:41","action":"change-status","newStatus":"draft","terms":[],"taxonomy":"category","extraData":[]},"publishpress_future_workflow_manual_trigger":{"enabledWorkflows":[]},"_links":{"self":[{"href":"https:\/\/www.villers-allerand.fr\/site\/wp-json\/wp\/v2\/posts\/14676","targetHints":{"allow":["GET"]}}],"collection":[{"href":"https:\/\/www.villers-allerand.fr\/site\/wp-json\/wp\/v2\/posts"}],"about":[{"href":"https:\/\/www.villers-allerand.fr\/site\/wp-json\/wp\/v2\/types\/post"}],"author":[{"embeddable":true,"href":"https:\/\/www.villers-allerand.fr\/site\/wp-json\/wp\/v2\/users\/2"}],"replies":[{"embeddable":true,"href":"https:\/\/www.villers-allerand.fr\/site\/wp-json\/wp\/v2\/comments?post=14676"}],"version-history":[{"count":3,"href":"https:\/\/www.villers-allerand.fr\/site\/wp-json\/wp\/v2\/posts\/14676\/revisions"}],"predecessor-version":[{"id":14694,"href":"https:\/\/www.villers-allerand.fr\/site\/wp-json\/wp\/v2\/posts\/14676\/revisions\/14694"}],"wp:featuredmedia":[{"embeddable":true,"href":"https:\/\/www.villers-allerand.fr\/site\/wp-json\/wp\/v2\/media\/14681"}],"wp:attachment":[{"href":"https:\/\/www.villers-allerand.fr\/site\/wp-json\/wp\/v2\/media?parent=14676"}],"wp:term":[{"taxonomy":"category","embeddable":true,"href":"https:\/\/www.villers-allerand.fr\/site\/wp-json\/wp\/v2\/categories?post=14676"},{"taxonomy":"post_tag","embeddable":true,"href":"https:\/\/www.villers-allerand.fr\/site\/wp-json\/wp\/v2\/tags?post=14676"}],"curies":[{"name":"wp","href":"https:\/\/api.w.org\/{rel}","templated":true}]}}