{"id":14747,"date":"2020-05-26T10:13:53","date_gmt":"2020-05-26T08:13:53","guid":{"rendered":"http:\/\/www.villers-allerand.fr\/site\/?p=14747"},"modified":"2021-04-28T10:55:43","modified_gmt":"2021-04-28T08:55:43","slug":"installation-du-nouveau-conseil-municipal","status":"publish","type":"post","link":"https:\/\/www.villers-allerand.fr\/site\/installation-du-nouveau-conseil-municipal\/","title":{"rendered":"Installation du nouveau Conseil Municipal"},"content":{"rendered":"<p>Lundi 25 mai 2020, sur convocation du Maire sortant monsieur Wily Dubos, les conseillers nouvellement \u00e9lus de Villers-Allerand Montchenot se sont r\u00e9unis.<\/p>\n<p>Aux fins de lutter contre la propagation du covid-19, conform\u00e9ment \u00e0 l\u2019ordonnance des 13 mai 2020 prise en application de l&rsquo;article 11 de la loi d\u2019urgence du 23 mars 2020 pour faire face \u00e0 l&rsquo;\u00e9pid\u00e9mie de covid-19, la s\u00e9ance du conseil municipal se tenant au terrain de tennis, chemin de la petite barbarie. Le public \u00e9tait limit\u00e9 aux 20 premi\u00e8res personnes arriv\u00e9es.<\/p>\n<p>Masques, gestes barri\u00e8res, distanciation physique, cette s\u00e9ance n&rsquo;\u00e9tait pas ordinaire.<\/p>\n<p>Apr\u00e8s appel nominatif des membres pr\u00e9sents, le maire sortant a pass\u00e9 la main au doyen de l&rsquo;assembl\u00e9e, monsieur Bernard Weiler.<\/p>\n<p>Dans un premier temps, les conseillers ont proc\u00e9d\u00e9 \u00e0 l&rsquo;\u00e9lection du Maire, monsieur Bernard Weiler s&rsquo;\u00e9tant propos\u00e9 pour remplir la fonction, il est \u00e9lu avec 11 voix (4 vote blancs).<\/p>\n<p>Le conseil municipal, sous la pr\u00e9sidence du nouveau Maire Bernard Weiler a ensuite d\u00e9cid\u00e9 \u00e0 l&rsquo;unanimit\u00e9 de d\u00e9signer 4 adjoints. Messieurs Goeldel, Chappellet, Cocquelet et Madame Courteix se proposent et sont \u00e9lus.<\/p>\n<p>En date du 25 Mai 2020, apr\u00e8s cette p\u00e9riode de confinement qui a emp\u00each\u00e9 leur prise de fonction au 15 mars 2020, le nouveau Conseil Municipal de Villers-Allerand entre en fonction.<\/p>\n<p>Voici sa composition, Maire et Adjoints en t\u00eate suivi des conseillers municipaux par ordre du tableau (selon le nombre de voix obtenus lors des \u00e9lections du 15 mars 2020).<\/p>\n<ol>\n<li>Bernard WEILER \u00a0 \u00a0 \u00a0 \u00a0 \u00a0 \u00a0 \u00a0 \u00a0 \u00a0 \u00a0 \u00a0 \u00a0 \u00a0 Maire<\/li>\n<li>Cl\u00e9ment GOELDEL \u00a0 \u00a0 \u00a0 \u00a0 \u00a0 \u00a0 \u00a0 \u00a0 \u00a0 \u00a0 \u00a0 1er Adjoint<\/li>\n<li>Jean-Pierre COCQUELET \u00a0 \u00a0 \u00a0 \u00a0 \u00a0 \u00a02\u00e8me Adjoint<\/li>\n<li>Estelle COURTEIX \u00a0 \u00a0 \u00a0 \u00a0 \u00a0 \u00a0 \u00a0 \u00a0 \u00a0 \u00a0 \u00a0 \u00a03\u00e8me Adjoint<\/li>\n<li>Jean-Marie CHAPPELLET \u00a0 \u00a0 \u00a0 \u00a0 \u00a04\u00e8me Adjoint<\/li>\n<li>Ga\u00eblle FLOCH<\/li>\n<li>St\u00e9phane JEANTY<\/li>\n<li>Dimitri BOUVIER<\/li>\n<li>Julien RONDET<\/li>\n<li>Didier DE AMORIN<\/li>\n<li>C\u00e9cile DECARREAUX<\/li>\n<li>\u00c9ric GIRARDIN<\/li>\n<li>Dominique PATEIRON<\/li>\n<li>Laurent PATEIRON<\/li>\n<li>Paul-\u00c9douard LAROCHE<\/li>\n<\/ol>\n<p>-&gt; Discours prononc\u00e9 par le nouveau Mairie Bernard Weiler suite \u00e0 son \u00e9lection :\u00a0<a href=\"https:\/\/www.villers-allerand.fr\/site\/wp-content\/uploads\/2020\/05\/Maire-0520.pdf\">Discours Maire 25 Mai 2020<\/a><\/p>\n<p><img loading=\"lazy\" decoding=\"async\" class=\"aligncenter wp-image-14748 size-large\" src=\"https:\/\/www.villers-allerand.fr\/site\/wp-content\/uploads\/2020\/05\/IMG_2865-e1590480407582-1024x768.jpg\" alt=\"\" width=\"1024\" height=\"768\" srcset=\"https:\/\/www.villers-allerand.fr\/site\/wp-content\/uploads\/2020\/05\/IMG_2865-e1590480407582-200x150.jpg 200w, https:\/\/www.villers-allerand.fr\/site\/wp-content\/uploads\/2020\/05\/IMG_2865-e1590480407582-300x225.jpg 300w, https:\/\/www.villers-allerand.fr\/site\/wp-content\/uploads\/2020\/05\/IMG_2865-e1590480407582-400x300.jpg 400w, https:\/\/www.villers-allerand.fr\/site\/wp-content\/uploads\/2020\/05\/IMG_2865-e1590480407582-600x450.jpg 600w, https:\/\/www.villers-allerand.fr\/site\/wp-content\/uploads\/2020\/05\/IMG_2865-e1590480407582-768x576.jpg 768w, https:\/\/www.villers-allerand.fr\/site\/wp-content\/uploads\/2020\/05\/IMG_2865-e1590480407582-800x600.jpg 800w, https:\/\/www.villers-allerand.fr\/site\/wp-content\/uploads\/2020\/05\/IMG_2865-e1590480407582-1024x768.jpg 1024w, https:\/\/www.villers-allerand.fr\/site\/wp-content\/uploads\/2020\/05\/IMG_2865-e1590480407582-1200x900.jpg 1200w\" sizes=\"auto, (max-width: 1024px) 100vw, 1024px\" \/> <img loading=\"lazy\" decoding=\"async\" class=\"aligncenter wp-image-14749 size-large\" src=\"https:\/\/www.villers-allerand.fr\/site\/wp-content\/uploads\/2020\/05\/IMG_2866-768x1024.jpg\" alt=\"\" width=\"768\" height=\"1024\" srcset=\"https:\/\/www.villers-allerand.fr\/site\/wp-content\/uploads\/2020\/05\/IMG_2866-200x267.jpg 200w, https:\/\/www.villers-allerand.fr\/site\/wp-content\/uploads\/2020\/05\/IMG_2866-225x300.jpg 225w, https:\/\/www.villers-allerand.fr\/site\/wp-content\/uploads\/2020\/05\/IMG_2866-400x533.jpg 400w, https:\/\/www.villers-allerand.fr\/site\/wp-content\/uploads\/2020\/05\/IMG_2866-600x800.jpg 600w, https:\/\/www.villers-allerand.fr\/site\/wp-content\/uploads\/2020\/05\/IMG_2866-768x1024.jpg 768w, https:\/\/www.villers-allerand.fr\/site\/wp-content\/uploads\/2020\/05\/IMG_2866-800x1066.jpg 800w, https:\/\/www.villers-allerand.fr\/site\/wp-content\/uploads\/2020\/05\/IMG_2866-1200x1599.jpg 1200w, https:\/\/www.villers-allerand.fr\/site\/wp-content\/uploads\/2020\/05\/IMG_2866.jpg 1884w\" sizes=\"auto, (max-width: 768px) 100vw, 768px\" \/> <img loading=\"lazy\" decoding=\"async\" class=\"aligncenter wp-image-14750 size-large\" src=\"https:\/\/www.villers-allerand.fr\/site\/wp-content\/uploads\/2020\/05\/IMG_2869-1024x768.jpg\" alt=\"\" width=\"1024\" height=\"768\" srcset=\"https:\/\/www.villers-allerand.fr\/site\/wp-content\/uploads\/2020\/05\/IMG_2869-200x150.jpg 200w, https:\/\/www.villers-allerand.fr\/site\/wp-content\/uploads\/2020\/05\/IMG_2869-300x225.jpg 300w, https:\/\/www.villers-allerand.fr\/site\/wp-content\/uploads\/2020\/05\/IMG_2869-400x300.jpg 400w, https:\/\/www.villers-allerand.fr\/site\/wp-content\/uploads\/2020\/05\/IMG_2869-600x450.jpg 600w, https:\/\/www.villers-allerand.fr\/site\/wp-content\/uploads\/2020\/05\/IMG_2869-768x576.jpg 768w, https:\/\/www.villers-allerand.fr\/site\/wp-content\/uploads\/2020\/05\/IMG_2869-800x600.jpg 800w, https:\/\/www.villers-allerand.fr\/site\/wp-content\/uploads\/2020\/05\/IMG_2869-1024x768.jpg 1024w, https:\/\/www.villers-allerand.fr\/site\/wp-content\/uploads\/2020\/05\/IMG_2869-1200x900.jpg 1200w\" sizes=\"auto, (max-width: 1024px) 100vw, 1024px\" \/> <img loading=\"lazy\" decoding=\"async\" class=\"wp-image-14751 size-large aligncenter\" src=\"https:\/\/www.villers-allerand.fr\/site\/wp-content\/uploads\/2020\/05\/IMG_3990-e1590480487115-1024x768.jpg\" alt=\"\" width=\"1024\" height=\"768\" srcset=\"https:\/\/www.villers-allerand.fr\/site\/wp-content\/uploads\/2020\/05\/IMG_3990-e1590480487115-200x150.jpg 200w, https:\/\/www.villers-allerand.fr\/site\/wp-content\/uploads\/2020\/05\/IMG_3990-e1590480487115-300x225.jpg 300w, https:\/\/www.villers-allerand.fr\/site\/wp-content\/uploads\/2020\/05\/IMG_3990-e1590480487115-400x300.jpg 400w, https:\/\/www.villers-allerand.fr\/site\/wp-content\/uploads\/2020\/05\/IMG_3990-e1590480487115-600x450.jpg 600w, https:\/\/www.villers-allerand.fr\/site\/wp-content\/uploads\/2020\/05\/IMG_3990-e1590480487115-768x576.jpg 768w, https:\/\/www.villers-allerand.fr\/site\/wp-content\/uploads\/2020\/05\/IMG_3990-e1590480487115-800x600.jpg 800w, https:\/\/www.villers-allerand.fr\/site\/wp-content\/uploads\/2020\/05\/IMG_3990-e1590480487115-1024x768.jpg 1024w, https:\/\/www.villers-allerand.fr\/site\/wp-content\/uploads\/2020\/05\/IMG_3990-e1590480487115-1200x900.jpg 1200w\" sizes=\"auto, (max-width: 1024px) 100vw, 1024px\" \/><\/p>\n<p><img loading=\"lazy\" decoding=\"async\" class=\"aligncenter wp-image-14754 size-medium\" src=\"https:\/\/www.villers-allerand.fr\/site\/wp-content\/uploads\/2020\/05\/IMG_0565-225x300.jpg\" alt=\"\" width=\"225\" height=\"300\" srcset=\"https:\/\/www.villers-allerand.fr\/site\/wp-content\/uploads\/2020\/05\/IMG_0565-200x267.jpg 200w, https:\/\/www.villers-allerand.fr\/site\/wp-content\/uploads\/2020\/05\/IMG_0565-225x300.jpg 225w, https:\/\/www.villers-allerand.fr\/site\/wp-content\/uploads\/2020\/05\/IMG_0565-400x533.jpg 400w, https:\/\/www.villers-allerand.fr\/site\/wp-content\/uploads\/2020\/05\/IMG_0565-600x800.jpg 600w, https:\/\/www.villers-allerand.fr\/site\/wp-content\/uploads\/2020\/05\/IMG_0565-768x1024.jpg 768w, https:\/\/www.villers-allerand.fr\/site\/wp-content\/uploads\/2020\/05\/IMG_0565-800x1067.jpg 800w, https:\/\/www.villers-allerand.fr\/site\/wp-content\/uploads\/2020\/05\/IMG_0565-1200x1600.jpg 1200w\" sizes=\"auto, (max-width: 225px) 100vw, 225px\" \/><\/p>\n<h4 style=\"text-align: center;\">Bernard WEILER, maire de Villers-Allerand Montchenot<\/h4>\n","protected":false},"excerpt":{"rendered":"<p>Lundi 25 mai 2020, sur convocation du Maire sortant monsieur Wily Dubos, les conseillers nouvellement \u00e9lus de Villers-Allerand Montchenot se sont r\u00e9unis. Aux fins de lutter contre la propagation du covid-19, conform\u00e9ment \u00e0 l\u2019ordonnance des 13 mai 2020 prise en application de l&rsquo;article 11 de la loi d\u2019urgence du 23 mars 2020 pour faire face \u00e0 [&hellip;]<\/p>\n","protected":false},"author":2,"featured_media":14734,"comment_status":"closed","ping_status":"closed","sticky":false,"template":"","format":"standard","meta":{"footnotes":""},"categories":[289],"tags":[315],"class_list":["post-14747","post","type-post","status-publish","format-standard","has-post-thumbnail","hentry","category-retrospectives-2020","tag-conseil-municipal"],"yoast_head":"<!-- This site is optimized with the Yoast SEO plugin v26.8 - https:\/\/yoast.com\/product\/yoast-seo-wordpress\/ -->\n<title>Installation du nouveau Conseil Municipal - Mairie de Villers-Allerand - Montchenot<\/title>\n<meta name=\"robots\" content=\"index, follow, max-snippet:-1, max-image-preview:large, max-video-preview:-1\" \/>\n<link rel=\"canonical\" href=\"https:\/\/www.villers-allerand.fr\/site\/installation-du-nouveau-conseil-municipal\/\" \/>\n<meta property=\"og:locale\" content=\"fr_FR\" \/>\n<meta property=\"og:type\" content=\"article\" \/>\n<meta property=\"og:title\" content=\"Installation du nouveau Conseil Municipal - Mairie de Villers-Allerand - Montchenot\" \/>\n<meta property=\"og:description\" content=\"Lundi 25 mai 2020, sur convocation du Maire sortant monsieur Wily Dubos, les conseillers nouvellement \u00e9lus de Villers-Allerand Montchenot se sont r\u00e9unis. Aux fins de lutter contre la propagation du covid-19, conform\u00e9ment \u00e0 l\u2019ordonnance des 13 mai 2020 prise en application de l&rsquo;article 11 de la loi d\u2019urgence du 23 mars 2020 pour faire face \u00e0 [&hellip;]\" \/>\n<meta property=\"og:url\" content=\"https:\/\/www.villers-allerand.fr\/site\/installation-du-nouveau-conseil-municipal\/\" \/>\n<meta property=\"og:site_name\" content=\"Mairie de Villers-Allerand - Montchenot\" \/>\n<meta property=\"article:published_time\" content=\"2020-05-26T08:13:53+00:00\" \/>\n<meta property=\"article:modified_time\" content=\"2021-04-28T08:55:43+00:00\" \/>\n<meta property=\"og:image\" content=\"https:\/\/www.villers-allerand.fr\/site\/wp-content\/uploads\/2020\/05\/ae1fa699a294a3024e1786afdc254ecafe2a0207.jpeg\" \/>\n\t<meta property=\"og:image:width\" content=\"1065\" \/>\n\t<meta property=\"og:image:height\" content=\"710\" \/>\n\t<meta property=\"og:image:type\" content=\"image\/jpeg\" \/>\n<meta name=\"author\" content=\"webmaster\" \/>\n<meta name=\"twitter:card\" content=\"summary_large_image\" \/>\n<meta name=\"twitter:label1\" content=\"\u00c9crit par\" \/>\n\t<meta name=\"twitter:data1\" content=\"webmaster\" \/>\n\t<meta name=\"twitter:label2\" content=\"Dur\u00e9e de lecture estim\u00e9e\" \/>\n\t<meta name=\"twitter:data2\" content=\"2 minutes\" \/>\n<script type=\"application\/ld+json\" class=\"yoast-schema-graph\">{\"@context\":\"https:\/\/schema.org\",\"@graph\":[{\"@type\":\"Article\",\"@id\":\"https:\/\/www.villers-allerand.fr\/site\/installation-du-nouveau-conseil-municipal\/#article\",\"isPartOf\":{\"@id\":\"https:\/\/www.villers-allerand.fr\/site\/installation-du-nouveau-conseil-municipal\/\"},\"author\":{\"name\":\"webmaster\",\"@id\":\"https:\/\/www.villers-allerand.fr\/site\/#\/schema\/person\/4688120b1fdf6f98803340b4cbc38e4b\"},\"headline\":\"Installation du nouveau Conseil Municipal\",\"datePublished\":\"2020-05-26T08:13:53+00:00\",\"dateModified\":\"2021-04-28T08:55:43+00:00\",\"mainEntityOfPage\":{\"@id\":\"https:\/\/www.villers-allerand.fr\/site\/installation-du-nouveau-conseil-municipal\/\"},\"wordCount\":312,\"image\":{\"@id\":\"https:\/\/www.villers-allerand.fr\/site\/installation-du-nouveau-conseil-municipal\/#primaryimage\"},\"thumbnailUrl\":\"https:\/\/www.villers-allerand.fr\/site\/wp-content\/uploads\/2020\/05\/ae1fa699a294a3024e1786afdc254ecafe2a0207.jpeg\",\"keywords\":[\"conseil municipal\"],\"articleSection\":[\"R\u00e9trospectives 2020\"],\"inLanguage\":\"fr-FR\"},{\"@type\":\"WebPage\",\"@id\":\"https:\/\/www.villers-allerand.fr\/site\/installation-du-nouveau-conseil-municipal\/\",\"url\":\"https:\/\/www.villers-allerand.fr\/site\/installation-du-nouveau-conseil-municipal\/\",\"name\":\"Installation du nouveau Conseil Municipal - Mairie de Villers-Allerand - Montchenot\",\"isPartOf\":{\"@id\":\"https:\/\/www.villers-allerand.fr\/site\/#website\"},\"primaryImageOfPage\":{\"@id\":\"https:\/\/www.villers-allerand.fr\/site\/installation-du-nouveau-conseil-municipal\/#primaryimage\"},\"image\":{\"@id\":\"https:\/\/www.villers-allerand.fr\/site\/installation-du-nouveau-conseil-municipal\/#primaryimage\"},\"thumbnailUrl\":\"https:\/\/www.villers-allerand.fr\/site\/wp-content\/uploads\/2020\/05\/ae1fa699a294a3024e1786afdc254ecafe2a0207.jpeg\",\"datePublished\":\"2020-05-26T08:13:53+00:00\",\"dateModified\":\"2021-04-28T08:55:43+00:00\",\"author\":{\"@id\":\"https:\/\/www.villers-allerand.fr\/site\/#\/schema\/person\/4688120b1fdf6f98803340b4cbc38e4b\"},\"breadcrumb\":{\"@id\":\"https:\/\/www.villers-allerand.fr\/site\/installation-du-nouveau-conseil-municipal\/#breadcrumb\"},\"inLanguage\":\"fr-FR\",\"potentialAction\":[{\"@type\":\"ReadAction\",\"target\":[\"https:\/\/www.villers-allerand.fr\/site\/installation-du-nouveau-conseil-municipal\/\"]}]},{\"@type\":\"ImageObject\",\"inLanguage\":\"fr-FR\",\"@id\":\"https:\/\/www.villers-allerand.fr\/site\/installation-du-nouveau-conseil-municipal\/#primaryimage\",\"url\":\"https:\/\/www.villers-allerand.fr\/site\/wp-content\/uploads\/2020\/05\/ae1fa699a294a3024e1786afdc254ecafe2a0207.jpeg\",\"contentUrl\":\"https:\/\/www.villers-allerand.fr\/site\/wp-content\/uploads\/2020\/05\/ae1fa699a294a3024e1786afdc254ecafe2a0207.jpeg\",\"width\":1065,\"height\":710},{\"@type\":\"BreadcrumbList\",\"@id\":\"https:\/\/www.villers-allerand.fr\/site\/installation-du-nouveau-conseil-municipal\/#breadcrumb\",\"itemListElement\":[{\"@type\":\"ListItem\",\"position\":1,\"name\":\"Accueil\",\"item\":\"https:\/\/www.villers-allerand.fr\/site\/\"},{\"@type\":\"ListItem\",\"position\":2,\"name\":\"Installation du nouveau Conseil Municipal\"}]},{\"@type\":\"WebSite\",\"@id\":\"https:\/\/www.villers-allerand.fr\/site\/#website\",\"url\":\"https:\/\/www.villers-allerand.fr\/site\/\",\"name\":\"Mairie de Villers-Allerand - Montchenot\",\"description\":\"Site Officiel de la Mairie\",\"potentialAction\":[{\"@type\":\"SearchAction\",\"target\":{\"@type\":\"EntryPoint\",\"urlTemplate\":\"https:\/\/www.villers-allerand.fr\/site\/?s={search_term_string}\"},\"query-input\":{\"@type\":\"PropertyValueSpecification\",\"valueRequired\":true,\"valueName\":\"search_term_string\"}}],\"inLanguage\":\"fr-FR\"},{\"@type\":\"Person\",\"@id\":\"https:\/\/www.villers-allerand.fr\/site\/#\/schema\/person\/4688120b1fdf6f98803340b4cbc38e4b\",\"name\":\"webmaster\",\"image\":{\"@type\":\"ImageObject\",\"inLanguage\":\"fr-FR\",\"@id\":\"https:\/\/www.villers-allerand.fr\/site\/#\/schema\/person\/image\/\",\"url\":\"https:\/\/secure.gravatar.com\/avatar\/7ae33595ea8568e0c28d34997e54608e?s=96&d=mm&r=g\",\"contentUrl\":\"https:\/\/secure.gravatar.com\/avatar\/7ae33595ea8568e0c28d34997e54608e?s=96&d=mm&r=g\",\"caption\":\"webmaster\"}}]}<\/script>\n<!-- \/ Yoast SEO plugin. -->","yoast_head_json":{"title":"Installation du nouveau Conseil Municipal - Mairie de Villers-Allerand - Montchenot","robots":{"index":"index","follow":"follow","max-snippet":"max-snippet:-1","max-image-preview":"max-image-preview:large","max-video-preview":"max-video-preview:-1"},"canonical":"https:\/\/www.villers-allerand.fr\/site\/installation-du-nouveau-conseil-municipal\/","og_locale":"fr_FR","og_type":"article","og_title":"Installation du nouveau Conseil Municipal - Mairie de Villers-Allerand - Montchenot","og_description":"Lundi 25 mai 2020, sur convocation du Maire sortant monsieur Wily Dubos, les conseillers nouvellement \u00e9lus de Villers-Allerand Montchenot se sont r\u00e9unis. Aux fins de lutter contre la propagation du covid-19, conform\u00e9ment \u00e0 l\u2019ordonnance des 13 mai 2020 prise en application de l&rsquo;article 11 de la loi d\u2019urgence du 23 mars 2020 pour faire face \u00e0 [&hellip;]","og_url":"https:\/\/www.villers-allerand.fr\/site\/installation-du-nouveau-conseil-municipal\/","og_site_name":"Mairie de Villers-Allerand - Montchenot","article_published_time":"2020-05-26T08:13:53+00:00","article_modified_time":"2021-04-28T08:55:43+00:00","og_image":[{"width":1065,"height":710,"url":"https:\/\/www.villers-allerand.fr\/site\/wp-content\/uploads\/2020\/05\/ae1fa699a294a3024e1786afdc254ecafe2a0207.jpeg","type":"image\/jpeg"}],"author":"webmaster","twitter_card":"summary_large_image","twitter_misc":{"\u00c9crit par":"webmaster","Dur\u00e9e de lecture estim\u00e9e":"2 minutes"},"schema":{"@context":"https:\/\/schema.org","@graph":[{"@type":"Article","@id":"https:\/\/www.villers-allerand.fr\/site\/installation-du-nouveau-conseil-municipal\/#article","isPartOf":{"@id":"https:\/\/www.villers-allerand.fr\/site\/installation-du-nouveau-conseil-municipal\/"},"author":{"name":"webmaster","@id":"https:\/\/www.villers-allerand.fr\/site\/#\/schema\/person\/4688120b1fdf6f98803340b4cbc38e4b"},"headline":"Installation du nouveau Conseil Municipal","datePublished":"2020-05-26T08:13:53+00:00","dateModified":"2021-04-28T08:55:43+00:00","mainEntityOfPage":{"@id":"https:\/\/www.villers-allerand.fr\/site\/installation-du-nouveau-conseil-municipal\/"},"wordCount":312,"image":{"@id":"https:\/\/www.villers-allerand.fr\/site\/installation-du-nouveau-conseil-municipal\/#primaryimage"},"thumbnailUrl":"https:\/\/www.villers-allerand.fr\/site\/wp-content\/uploads\/2020\/05\/ae1fa699a294a3024e1786afdc254ecafe2a0207.jpeg","keywords":["conseil municipal"],"articleSection":["R\u00e9trospectives 2020"],"inLanguage":"fr-FR"},{"@type":"WebPage","@id":"https:\/\/www.villers-allerand.fr\/site\/installation-du-nouveau-conseil-municipal\/","url":"https:\/\/www.villers-allerand.fr\/site\/installation-du-nouveau-conseil-municipal\/","name":"Installation du nouveau Conseil Municipal - Mairie de Villers-Allerand - Montchenot","isPartOf":{"@id":"https:\/\/www.villers-allerand.fr\/site\/#website"},"primaryImageOfPage":{"@id":"https:\/\/www.villers-allerand.fr\/site\/installation-du-nouveau-conseil-municipal\/#primaryimage"},"image":{"@id":"https:\/\/www.villers-allerand.fr\/site\/installation-du-nouveau-conseil-municipal\/#primaryimage"},"thumbnailUrl":"https:\/\/www.villers-allerand.fr\/site\/wp-content\/uploads\/2020\/05\/ae1fa699a294a3024e1786afdc254ecafe2a0207.jpeg","datePublished":"2020-05-26T08:13:53+00:00","dateModified":"2021-04-28T08:55:43+00:00","author":{"@id":"https:\/\/www.villers-allerand.fr\/site\/#\/schema\/person\/4688120b1fdf6f98803340b4cbc38e4b"},"breadcrumb":{"@id":"https:\/\/www.villers-allerand.fr\/site\/installation-du-nouveau-conseil-municipal\/#breadcrumb"},"inLanguage":"fr-FR","potentialAction":[{"@type":"ReadAction","target":["https:\/\/www.villers-allerand.fr\/site\/installation-du-nouveau-conseil-municipal\/"]}]},{"@type":"ImageObject","inLanguage":"fr-FR","@id":"https:\/\/www.villers-allerand.fr\/site\/installation-du-nouveau-conseil-municipal\/#primaryimage","url":"https:\/\/www.villers-allerand.fr\/site\/wp-content\/uploads\/2020\/05\/ae1fa699a294a3024e1786afdc254ecafe2a0207.jpeg","contentUrl":"https:\/\/www.villers-allerand.fr\/site\/wp-content\/uploads\/2020\/05\/ae1fa699a294a3024e1786afdc254ecafe2a0207.jpeg","width":1065,"height":710},{"@type":"BreadcrumbList","@id":"https:\/\/www.villers-allerand.fr\/site\/installation-du-nouveau-conseil-municipal\/#breadcrumb","itemListElement":[{"@type":"ListItem","position":1,"name":"Accueil","item":"https:\/\/www.villers-allerand.fr\/site\/"},{"@type":"ListItem","position":2,"name":"Installation du nouveau Conseil Municipal"}]},{"@type":"WebSite","@id":"https:\/\/www.villers-allerand.fr\/site\/#website","url":"https:\/\/www.villers-allerand.fr\/site\/","name":"Mairie de Villers-Allerand - Montchenot","description":"Site Officiel de la Mairie","potentialAction":[{"@type":"SearchAction","target":{"@type":"EntryPoint","urlTemplate":"https:\/\/www.villers-allerand.fr\/site\/?s={search_term_string}"},"query-input":{"@type":"PropertyValueSpecification","valueRequired":true,"valueName":"search_term_string"}}],"inLanguage":"fr-FR"},{"@type":"Person","@id":"https:\/\/www.villers-allerand.fr\/site\/#\/schema\/person\/4688120b1fdf6f98803340b4cbc38e4b","name":"webmaster","image":{"@type":"ImageObject","inLanguage":"fr-FR","@id":"https:\/\/www.villers-allerand.fr\/site\/#\/schema\/person\/image\/","url":"https:\/\/secure.gravatar.com\/avatar\/7ae33595ea8568e0c28d34997e54608e?s=96&d=mm&r=g","contentUrl":"https:\/\/secure.gravatar.com\/avatar\/7ae33595ea8568e0c28d34997e54608e?s=96&d=mm&r=g","caption":"webmaster"}}]}},"publishpress_future_action":{"enabled":false,"date":"2026-05-09 14:50:04","action":"change-status","newStatus":"draft","terms":[],"taxonomy":"category","extraData":[]},"publishpress_future_workflow_manual_trigger":{"enabledWorkflows":[]},"_links":{"self":[{"href":"https:\/\/www.villers-allerand.fr\/site\/wp-json\/wp\/v2\/posts\/14747","targetHints":{"allow":["GET"]}}],"collection":[{"href":"https:\/\/www.villers-allerand.fr\/site\/wp-json\/wp\/v2\/posts"}],"about":[{"href":"https:\/\/www.villers-allerand.fr\/site\/wp-json\/wp\/v2\/types\/post"}],"author":[{"embeddable":true,"href":"https:\/\/www.villers-allerand.fr\/site\/wp-json\/wp\/v2\/users\/2"}],"replies":[{"embeddable":true,"href":"https:\/\/www.villers-allerand.fr\/site\/wp-json\/wp\/v2\/comments?post=14747"}],"version-history":[{"count":5,"href":"https:\/\/www.villers-allerand.fr\/site\/wp-json\/wp\/v2\/posts\/14747\/revisions"}],"predecessor-version":[{"id":14760,"href":"https:\/\/www.villers-allerand.fr\/site\/wp-json\/wp\/v2\/posts\/14747\/revisions\/14760"}],"wp:featuredmedia":[{"embeddable":true,"href":"https:\/\/www.villers-allerand.fr\/site\/wp-json\/wp\/v2\/media\/14734"}],"wp:attachment":[{"href":"https:\/\/www.villers-allerand.fr\/site\/wp-json\/wp\/v2\/media?parent=14747"}],"wp:term":[{"taxonomy":"category","embeddable":true,"href":"https:\/\/www.villers-allerand.fr\/site\/wp-json\/wp\/v2\/categories?post=14747"},{"taxonomy":"post_tag","embeddable":true,"href":"https:\/\/www.villers-allerand.fr\/site\/wp-json\/wp\/v2\/tags?post=14747"}],"curies":[{"name":"wp","href":"https:\/\/api.w.org\/{rel}","templated":true}]}}