{"id":14938,"date":"2020-10-12T08:22:45","date_gmt":"2020-10-12T06:22:45","guid":{"rendered":"http:\/\/www.villers-allerand.fr\/site\/?p=14938"},"modified":"2020-10-22T08:18:04","modified_gmt":"2020-10-22T06:18:04","slug":"villages-et-coteaux-propres-2020","status":"publish","type":"post","link":"https:\/\/www.villers-allerand.fr\/site\/villages-et-coteaux-propres-2020\/","title":{"rendered":"Villages et Coteaux Propres 2020"},"content":{"rendered":"<div class=\"kvgmc6g5 cxmmr5t8 oygrvhab hcukyx3x c1et5uql ii04i59q\">\n<div dir=\"auto\"><\/div>\n<\/div>\n<div class=\"o9v6fnle cxmmr5t8 oygrvhab hcukyx3x c1et5uql ii04i59q\"><\/div>\n<div dir=\"auto\">Plus d\u2019une vingtaine de b\u00e9n\u00e9voles, de tous \u00e2ges, ont particip\u00e9 ce samedi matin \u00e0 la collecte d\u2019ordures et d\u00e9tritus sur le territoire de la commune de Villers Allerand Montchenot, dans le cadre de l\u2019op\u00e9ration: \u201cVillages et Coteaux Propres\u201c organis\u00e9e par la Mission Unesco : Coteaux, Maisons et Caves de Champagne.<\/p>\n<div class=\"\">Cette op\u00e9ration a \u00e9t\u00e9 lanc\u00e9e en 2014 et la commune y participe activement depuis 2018.<\/div>\n<div class=\"\">Les b\u00e9n\u00e9voles se sont retrouv\u00e9s \u00e0 9 heures dans la cour de la Mairie et se sont r\u00e9partis en quatre groupes afin de parcourir les rues, les chemins et les sentiers.<\/div>\n<div class=\"\">Munis de masques et de gants ils ont ramass\u00e9 plusieurs dizaines de kilos de d\u00e9tritus de toute nature.<\/div>\n<div class=\"\">Les trois parkings bordant le RD 951 situ\u00e9s sur la commune font chaque ann\u00e9e l\u2019objet d\u2019une attention particuli\u00e8re car la fr\u00e9quentation routi\u00e8re sur cette importante route d\u00e9partementale a pour cons\u00e9quence de les transformer en v\u00e9ritable d\u00e9charge sauvage.<\/div>\n<div class=\"\">Nous pouvons constater que, malgr\u00e9 les campagnes de sensibilisation, la quantit\u00e9 de d\u00e9tritus ramass\u00e9s ne diminuent pas.<\/div>\n<div class=\"\"><\/div>\n<div class=\"\">Pourtant les participants \u00e0 cette matin\u00e9e citoyenne ont promis de se retrouver au printemps 2021 pour une nouvelle matin\u00e9e de nettoyage.<\/div>\n<div class=\"\"><\/div>\n<\/div>\n<div dir=\"auto\"><\/div>\n<div dir=\"auto\"><img loading=\"lazy\" decoding=\"async\" class=\"aligncenter wp-image-14984 size-large\" src=\"https:\/\/www.villers-allerand.fr\/site\/wp-content\/uploads\/2020\/09\/DSC_2355-1024x678.jpeg\" alt=\"\" width=\"1024\" height=\"678\" srcset=\"https:\/\/www.villers-allerand.fr\/site\/wp-content\/uploads\/2020\/09\/DSC_2355-200x133.jpeg 200w, https:\/\/www.villers-allerand.fr\/site\/wp-content\/uploads\/2020\/09\/DSC_2355-300x199.jpeg 300w, https:\/\/www.villers-allerand.fr\/site\/wp-content\/uploads\/2020\/09\/DSC_2355-400x265.jpeg 400w, https:\/\/www.villers-allerand.fr\/site\/wp-content\/uploads\/2020\/09\/DSC_2355-600x398.jpeg 600w, https:\/\/www.villers-allerand.fr\/site\/wp-content\/uploads\/2020\/09\/DSC_2355-768x509.jpeg 768w, https:\/\/www.villers-allerand.fr\/site\/wp-content\/uploads\/2020\/09\/DSC_2355-800x530.jpeg 800w, https:\/\/www.villers-allerand.fr\/site\/wp-content\/uploads\/2020\/09\/DSC_2355-1024x678.jpeg 1024w, https:\/\/www.villers-allerand.fr\/site\/wp-content\/uploads\/2020\/09\/DSC_2355-1200x795.jpeg 1200w, https:\/\/www.villers-allerand.fr\/site\/wp-content\/uploads\/2020\/09\/DSC_2355.jpeg 1280w\" sizes=\"auto, (max-width: 1024px) 100vw, 1024px\" \/><\/div>\n<div dir=\"auto\"><\/div>\n<div dir=\"auto\"><img loading=\"lazy\" decoding=\"async\" class=\"aligncenter wp-image-14985 size-large\" src=\"https:\/\/www.villers-allerand.fr\/site\/wp-content\/uploads\/2020\/09\/DSC_2345-1024x678.jpeg\" alt=\"\" width=\"1024\" height=\"678\" srcset=\"https:\/\/www.villers-allerand.fr\/site\/wp-content\/uploads\/2020\/09\/DSC_2345-200x133.jpeg 200w, https:\/\/www.villers-allerand.fr\/site\/wp-content\/uploads\/2020\/09\/DSC_2345-300x199.jpeg 300w, https:\/\/www.villers-allerand.fr\/site\/wp-content\/uploads\/2020\/09\/DSC_2345-400x265.jpeg 400w, https:\/\/www.villers-allerand.fr\/site\/wp-content\/uploads\/2020\/09\/DSC_2345-600x398.jpeg 600w, https:\/\/www.villers-allerand.fr\/site\/wp-content\/uploads\/2020\/09\/DSC_2345-768x509.jpeg 768w, https:\/\/www.villers-allerand.fr\/site\/wp-content\/uploads\/2020\/09\/DSC_2345-800x530.jpeg 800w, https:\/\/www.villers-allerand.fr\/site\/wp-content\/uploads\/2020\/09\/DSC_2345-1024x678.jpeg 1024w, https:\/\/www.villers-allerand.fr\/site\/wp-content\/uploads\/2020\/09\/DSC_2345-1200x795.jpeg 1200w, https:\/\/www.villers-allerand.fr\/site\/wp-content\/uploads\/2020\/09\/DSC_2345.jpeg 1280w\" sizes=\"auto, (max-width: 1024px) 100vw, 1024px\" \/><\/div>\n","protected":false},"excerpt":{"rendered":"<p>Plus d\u2019une vingtaine de b\u00e9n\u00e9voles, de tous \u00e2ges, ont particip\u00e9 ce samedi matin \u00e0 la collecte d\u2019ordures et d\u00e9tritus sur le territoire de la commune de Villers Allerand Montchenot, dans le cadre de l\u2019op\u00e9ration: \u201cVillages et Coteaux Propres\u201c organis\u00e9e par la Mission Unesco : Coteaux, Maisons et Caves de Champagne. Cette op\u00e9ration a \u00e9t\u00e9 lanc\u00e9e en [&hellip;]<\/p>\n","protected":false},"author":2,"featured_media":14939,"comment_status":"closed","ping_status":"closed","sticky":false,"template":"","format":"standard","meta":{"footnotes":""},"categories":[289],"tags":[184,138,253,280],"class_list":["post-14938","post","type-post","status-publish","format-standard","has-post-thumbnail","hentry","category-retrospectives-2020","tag-developpement-durable","tag-environnement","tag-nettoyage","tag-villages-et-coteaux-propres"],"yoast_head":"<!-- This site is optimized with the Yoast SEO plugin v26.8 - https:\/\/yoast.com\/product\/yoast-seo-wordpress\/ -->\n<title>Villages et Coteaux Propres 2020 - Mairie de Villers-Allerand - Montchenot<\/title>\n<meta name=\"robots\" content=\"index, follow, max-snippet:-1, max-image-preview:large, max-video-preview:-1\" \/>\n<link rel=\"canonical\" href=\"https:\/\/www.villers-allerand.fr\/site\/villages-et-coteaux-propres-2020\/\" \/>\n<meta property=\"og:locale\" content=\"fr_FR\" \/>\n<meta property=\"og:type\" content=\"article\" \/>\n<meta property=\"og:title\" content=\"Villages et Coteaux Propres 2020 - Mairie de Villers-Allerand - Montchenot\" \/>\n<meta property=\"og:description\" content=\"Plus d\u2019une vingtaine de b\u00e9n\u00e9voles, de tous \u00e2ges, ont particip\u00e9 ce samedi matin \u00e0 la collecte d\u2019ordures et d\u00e9tritus sur le territoire de la commune de Villers Allerand Montchenot, dans le cadre de l\u2019op\u00e9ration: \u201cVillages et Coteaux Propres\u201c organis\u00e9e par la Mission Unesco : Coteaux, Maisons et Caves de Champagne. Cette op\u00e9ration a \u00e9t\u00e9 lanc\u00e9e en [&hellip;]\" \/>\n<meta property=\"og:url\" content=\"https:\/\/www.villers-allerand.fr\/site\/villages-et-coteaux-propres-2020\/\" \/>\n<meta property=\"og:site_name\" content=\"Mairie de Villers-Allerand - Montchenot\" \/>\n<meta property=\"article:published_time\" content=\"2020-10-12T06:22:45+00:00\" \/>\n<meta property=\"article:modified_time\" content=\"2020-10-22T06:18:04+00:00\" \/>\n<meta property=\"og:image\" content=\"https:\/\/www.villers-allerand.fr\/site\/wp-content\/uploads\/2020\/09\/Villages-et-coteaux-propres-2020-e1600151080698.png\" \/>\n\t<meta property=\"og:image:width\" content=\"964\" \/>\n\t<meta property=\"og:image:height\" content=\"915\" \/>\n\t<meta property=\"og:image:type\" content=\"image\/png\" \/>\n<meta name=\"author\" content=\"webmaster\" \/>\n<meta name=\"twitter:card\" content=\"summary_large_image\" \/>\n<meta name=\"twitter:label1\" content=\"\u00c9crit par\" \/>\n\t<meta name=\"twitter:data1\" content=\"webmaster\" \/>\n\t<meta name=\"twitter:label2\" content=\"Dur\u00e9e de lecture estim\u00e9e\" \/>\n\t<meta name=\"twitter:data2\" content=\"1 minute\" \/>\n<script type=\"application\/ld+json\" class=\"yoast-schema-graph\">{\"@context\":\"https:\/\/schema.org\",\"@graph\":[{\"@type\":\"Article\",\"@id\":\"https:\/\/www.villers-allerand.fr\/site\/villages-et-coteaux-propres-2020\/#article\",\"isPartOf\":{\"@id\":\"https:\/\/www.villers-allerand.fr\/site\/villages-et-coteaux-propres-2020\/\"},\"author\":{\"name\":\"webmaster\",\"@id\":\"https:\/\/www.villers-allerand.fr\/site\/#\/schema\/person\/4688120b1fdf6f98803340b4cbc38e4b\"},\"headline\":\"Villages et Coteaux Propres 2020\",\"datePublished\":\"2020-10-12T06:22:45+00:00\",\"dateModified\":\"2020-10-22T06:18:04+00:00\",\"mainEntityOfPage\":{\"@id\":\"https:\/\/www.villers-allerand.fr\/site\/villages-et-coteaux-propres-2020\/\"},\"wordCount\":214,\"image\":{\"@id\":\"https:\/\/www.villers-allerand.fr\/site\/villages-et-coteaux-propres-2020\/#primaryimage\"},\"thumbnailUrl\":\"https:\/\/www.villers-allerand.fr\/site\/wp-content\/uploads\/2020\/09\/Villages-et-coteaux-propres-2020-e1600151080698.png\",\"keywords\":[\"d\u00e9veloppement durable\",\"environnement\",\"nettoyage\",\"villages et coteaux propres\"],\"articleSection\":[\"R\u00e9trospectives 2020\"],\"inLanguage\":\"fr-FR\"},{\"@type\":\"WebPage\",\"@id\":\"https:\/\/www.villers-allerand.fr\/site\/villages-et-coteaux-propres-2020\/\",\"url\":\"https:\/\/www.villers-allerand.fr\/site\/villages-et-coteaux-propres-2020\/\",\"name\":\"Villages et Coteaux Propres 2020 - Mairie de Villers-Allerand - Montchenot\",\"isPartOf\":{\"@id\":\"https:\/\/www.villers-allerand.fr\/site\/#website\"},\"primaryImageOfPage\":{\"@id\":\"https:\/\/www.villers-allerand.fr\/site\/villages-et-coteaux-propres-2020\/#primaryimage\"},\"image\":{\"@id\":\"https:\/\/www.villers-allerand.fr\/site\/villages-et-coteaux-propres-2020\/#primaryimage\"},\"thumbnailUrl\":\"https:\/\/www.villers-allerand.fr\/site\/wp-content\/uploads\/2020\/09\/Villages-et-coteaux-propres-2020-e1600151080698.png\",\"datePublished\":\"2020-10-12T06:22:45+00:00\",\"dateModified\":\"2020-10-22T06:18:04+00:00\",\"author\":{\"@id\":\"https:\/\/www.villers-allerand.fr\/site\/#\/schema\/person\/4688120b1fdf6f98803340b4cbc38e4b\"},\"breadcrumb\":{\"@id\":\"https:\/\/www.villers-allerand.fr\/site\/villages-et-coteaux-propres-2020\/#breadcrumb\"},\"inLanguage\":\"fr-FR\",\"potentialAction\":[{\"@type\":\"ReadAction\",\"target\":[\"https:\/\/www.villers-allerand.fr\/site\/villages-et-coteaux-propres-2020\/\"]}]},{\"@type\":\"ImageObject\",\"inLanguage\":\"fr-FR\",\"@id\":\"https:\/\/www.villers-allerand.fr\/site\/villages-et-coteaux-propres-2020\/#primaryimage\",\"url\":\"https:\/\/www.villers-allerand.fr\/site\/wp-content\/uploads\/2020\/09\/Villages-et-coteaux-propres-2020-e1600151080698.png\",\"contentUrl\":\"https:\/\/www.villers-allerand.fr\/site\/wp-content\/uploads\/2020\/09\/Villages-et-coteaux-propres-2020-e1600151080698.png\",\"width\":964,\"height\":915},{\"@type\":\"BreadcrumbList\",\"@id\":\"https:\/\/www.villers-allerand.fr\/site\/villages-et-coteaux-propres-2020\/#breadcrumb\",\"itemListElement\":[{\"@type\":\"ListItem\",\"position\":1,\"name\":\"Accueil\",\"item\":\"https:\/\/www.villers-allerand.fr\/site\/\"},{\"@type\":\"ListItem\",\"position\":2,\"name\":\"Villages et Coteaux Propres 2020\"}]},{\"@type\":\"WebSite\",\"@id\":\"https:\/\/www.villers-allerand.fr\/site\/#website\",\"url\":\"https:\/\/www.villers-allerand.fr\/site\/\",\"name\":\"Mairie de Villers-Allerand - Montchenot\",\"description\":\"Site Officiel de la Mairie\",\"potentialAction\":[{\"@type\":\"SearchAction\",\"target\":{\"@type\":\"EntryPoint\",\"urlTemplate\":\"https:\/\/www.villers-allerand.fr\/site\/?s={search_term_string}\"},\"query-input\":{\"@type\":\"PropertyValueSpecification\",\"valueRequired\":true,\"valueName\":\"search_term_string\"}}],\"inLanguage\":\"fr-FR\"},{\"@type\":\"Person\",\"@id\":\"https:\/\/www.villers-allerand.fr\/site\/#\/schema\/person\/4688120b1fdf6f98803340b4cbc38e4b\",\"name\":\"webmaster\",\"image\":{\"@type\":\"ImageObject\",\"inLanguage\":\"fr-FR\",\"@id\":\"https:\/\/www.villers-allerand.fr\/site\/#\/schema\/person\/image\/\",\"url\":\"https:\/\/secure.gravatar.com\/avatar\/7ae33595ea8568e0c28d34997e54608e?s=96&d=mm&r=g\",\"contentUrl\":\"https:\/\/secure.gravatar.com\/avatar\/7ae33595ea8568e0c28d34997e54608e?s=96&d=mm&r=g\",\"caption\":\"webmaster\"}}]}<\/script>\n<!-- \/ Yoast SEO plugin. -->","yoast_head_json":{"title":"Villages et Coteaux Propres 2020 - Mairie de Villers-Allerand - Montchenot","robots":{"index":"index","follow":"follow","max-snippet":"max-snippet:-1","max-image-preview":"max-image-preview:large","max-video-preview":"max-video-preview:-1"},"canonical":"https:\/\/www.villers-allerand.fr\/site\/villages-et-coteaux-propres-2020\/","og_locale":"fr_FR","og_type":"article","og_title":"Villages et Coteaux Propres 2020 - Mairie de Villers-Allerand - Montchenot","og_description":"Plus d\u2019une vingtaine de b\u00e9n\u00e9voles, de tous \u00e2ges, ont particip\u00e9 ce samedi matin \u00e0 la collecte d\u2019ordures et d\u00e9tritus sur le territoire de la commune de Villers Allerand Montchenot, dans le cadre de l\u2019op\u00e9ration: \u201cVillages et Coteaux Propres\u201c organis\u00e9e par la Mission Unesco : Coteaux, Maisons et Caves de Champagne. Cette op\u00e9ration a \u00e9t\u00e9 lanc\u00e9e en [&hellip;]","og_url":"https:\/\/www.villers-allerand.fr\/site\/villages-et-coteaux-propres-2020\/","og_site_name":"Mairie de Villers-Allerand - Montchenot","article_published_time":"2020-10-12T06:22:45+00:00","article_modified_time":"2020-10-22T06:18:04+00:00","og_image":[{"width":964,"height":915,"url":"https:\/\/www.villers-allerand.fr\/site\/wp-content\/uploads\/2020\/09\/Villages-et-coteaux-propres-2020-e1600151080698.png","type":"image\/png"}],"author":"webmaster","twitter_card":"summary_large_image","twitter_misc":{"\u00c9crit par":"webmaster","Dur\u00e9e de lecture estim\u00e9e":"1 minute"},"schema":{"@context":"https:\/\/schema.org","@graph":[{"@type":"Article","@id":"https:\/\/www.villers-allerand.fr\/site\/villages-et-coteaux-propres-2020\/#article","isPartOf":{"@id":"https:\/\/www.villers-allerand.fr\/site\/villages-et-coteaux-propres-2020\/"},"author":{"name":"webmaster","@id":"https:\/\/www.villers-allerand.fr\/site\/#\/schema\/person\/4688120b1fdf6f98803340b4cbc38e4b"},"headline":"Villages et Coteaux Propres 2020","datePublished":"2020-10-12T06:22:45+00:00","dateModified":"2020-10-22T06:18:04+00:00","mainEntityOfPage":{"@id":"https:\/\/www.villers-allerand.fr\/site\/villages-et-coteaux-propres-2020\/"},"wordCount":214,"image":{"@id":"https:\/\/www.villers-allerand.fr\/site\/villages-et-coteaux-propres-2020\/#primaryimage"},"thumbnailUrl":"https:\/\/www.villers-allerand.fr\/site\/wp-content\/uploads\/2020\/09\/Villages-et-coteaux-propres-2020-e1600151080698.png","keywords":["d\u00e9veloppement durable","environnement","nettoyage","villages et coteaux propres"],"articleSection":["R\u00e9trospectives 2020"],"inLanguage":"fr-FR"},{"@type":"WebPage","@id":"https:\/\/www.villers-allerand.fr\/site\/villages-et-coteaux-propres-2020\/","url":"https:\/\/www.villers-allerand.fr\/site\/villages-et-coteaux-propres-2020\/","name":"Villages et Coteaux Propres 2020 - Mairie de Villers-Allerand - Montchenot","isPartOf":{"@id":"https:\/\/www.villers-allerand.fr\/site\/#website"},"primaryImageOfPage":{"@id":"https:\/\/www.villers-allerand.fr\/site\/villages-et-coteaux-propres-2020\/#primaryimage"},"image":{"@id":"https:\/\/www.villers-allerand.fr\/site\/villages-et-coteaux-propres-2020\/#primaryimage"},"thumbnailUrl":"https:\/\/www.villers-allerand.fr\/site\/wp-content\/uploads\/2020\/09\/Villages-et-coteaux-propres-2020-e1600151080698.png","datePublished":"2020-10-12T06:22:45+00:00","dateModified":"2020-10-22T06:18:04+00:00","author":{"@id":"https:\/\/www.villers-allerand.fr\/site\/#\/schema\/person\/4688120b1fdf6f98803340b4cbc38e4b"},"breadcrumb":{"@id":"https:\/\/www.villers-allerand.fr\/site\/villages-et-coteaux-propres-2020\/#breadcrumb"},"inLanguage":"fr-FR","potentialAction":[{"@type":"ReadAction","target":["https:\/\/www.villers-allerand.fr\/site\/villages-et-coteaux-propres-2020\/"]}]},{"@type":"ImageObject","inLanguage":"fr-FR","@id":"https:\/\/www.villers-allerand.fr\/site\/villages-et-coteaux-propres-2020\/#primaryimage","url":"https:\/\/www.villers-allerand.fr\/site\/wp-content\/uploads\/2020\/09\/Villages-et-coteaux-propres-2020-e1600151080698.png","contentUrl":"https:\/\/www.villers-allerand.fr\/site\/wp-content\/uploads\/2020\/09\/Villages-et-coteaux-propres-2020-e1600151080698.png","width":964,"height":915},{"@type":"BreadcrumbList","@id":"https:\/\/www.villers-allerand.fr\/site\/villages-et-coteaux-propres-2020\/#breadcrumb","itemListElement":[{"@type":"ListItem","position":1,"name":"Accueil","item":"https:\/\/www.villers-allerand.fr\/site\/"},{"@type":"ListItem","position":2,"name":"Villages et Coteaux Propres 2020"}]},{"@type":"WebSite","@id":"https:\/\/www.villers-allerand.fr\/site\/#website","url":"https:\/\/www.villers-allerand.fr\/site\/","name":"Mairie de Villers-Allerand - Montchenot","description":"Site Officiel de la Mairie","potentialAction":[{"@type":"SearchAction","target":{"@type":"EntryPoint","urlTemplate":"https:\/\/www.villers-allerand.fr\/site\/?s={search_term_string}"},"query-input":{"@type":"PropertyValueSpecification","valueRequired":true,"valueName":"search_term_string"}}],"inLanguage":"fr-FR"},{"@type":"Person","@id":"https:\/\/www.villers-allerand.fr\/site\/#\/schema\/person\/4688120b1fdf6f98803340b4cbc38e4b","name":"webmaster","image":{"@type":"ImageObject","inLanguage":"fr-FR","@id":"https:\/\/www.villers-allerand.fr\/site\/#\/schema\/person\/image\/","url":"https:\/\/secure.gravatar.com\/avatar\/7ae33595ea8568e0c28d34997e54608e?s=96&d=mm&r=g","contentUrl":"https:\/\/secure.gravatar.com\/avatar\/7ae33595ea8568e0c28d34997e54608e?s=96&d=mm&r=g","caption":"webmaster"}}]}},"publishpress_future_action":{"enabled":false,"date":"2026-05-09 14:54:51","action":"change-status","newStatus":"draft","terms":[],"taxonomy":"category","extraData":[]},"publishpress_future_workflow_manual_trigger":{"enabledWorkflows":[]},"_links":{"self":[{"href":"https:\/\/www.villers-allerand.fr\/site\/wp-json\/wp\/v2\/posts\/14938","targetHints":{"allow":["GET"]}}],"collection":[{"href":"https:\/\/www.villers-allerand.fr\/site\/wp-json\/wp\/v2\/posts"}],"about":[{"href":"https:\/\/www.villers-allerand.fr\/site\/wp-json\/wp\/v2\/types\/post"}],"author":[{"embeddable":true,"href":"https:\/\/www.villers-allerand.fr\/site\/wp-json\/wp\/v2\/users\/2"}],"replies":[{"embeddable":true,"href":"https:\/\/www.villers-allerand.fr\/site\/wp-json\/wp\/v2\/comments?post=14938"}],"version-history":[{"count":4,"href":"https:\/\/www.villers-allerand.fr\/site\/wp-json\/wp\/v2\/posts\/14938\/revisions"}],"predecessor-version":[{"id":14988,"href":"https:\/\/www.villers-allerand.fr\/site\/wp-json\/wp\/v2\/posts\/14938\/revisions\/14988"}],"wp:featuredmedia":[{"embeddable":true,"href":"https:\/\/www.villers-allerand.fr\/site\/wp-json\/wp\/v2\/media\/14939"}],"wp:attachment":[{"href":"https:\/\/www.villers-allerand.fr\/site\/wp-json\/wp\/v2\/media?parent=14938"}],"wp:term":[{"taxonomy":"category","embeddable":true,"href":"https:\/\/www.villers-allerand.fr\/site\/wp-json\/wp\/v2\/categories?post=14938"},{"taxonomy":"post_tag","embeddable":true,"href":"https:\/\/www.villers-allerand.fr\/site\/wp-json\/wp\/v2\/tags?post=14938"}],"curies":[{"name":"wp","href":"https:\/\/api.w.org\/{rel}","templated":true}]}}