{"id":15023,"date":"2020-11-11T15:19:56","date_gmt":"2020-11-11T14:19:56","guid":{"rendered":"http:\/\/www.villers-allerand.fr\/site\/?p=15023"},"modified":"2021-04-28T10:55:43","modified_gmt":"2021-04-28T08:55:43","slug":"commemoration-du-11-novembre","status":"publish","type":"post","link":"https:\/\/www.villers-allerand.fr\/site\/commemoration-du-11-novembre\/","title":{"rendered":"Comm\u00e9moration du 11 Novembre"},"content":{"rendered":"<p>Ce mercredi 11 novembre 2020, dans le respect des consignes sanitaires, le Maire et les conseillers municipaux se sont retrouv\u00e9s devant le monument aux morts de Villers-Allerand Montchenot, Place des d\u00e9port\u00e9s, pour comm\u00e9morer le 102\u00e8me anniversaire de l&rsquo;armistice de 1918.<\/p>\n<p>Comme en Mai dernier, ce moment solennel s&rsquo;est d\u00e9roul\u00e9 en comit\u00e9 restreint du fait de la situation sanitaire. Le public ainsi que, malheureusement les anciens combattants y \u00e9taient absents.<\/p>\n<p>Apr\u00e8s une allocution du Maire Bernard Weiler, les conseillers pr\u00e9sents ont proc\u00e9d\u00e9 au d\u00e9p\u00f4t de gerbe et \u00e0 l&rsquo;appel aux morts.<\/p>\n<p><img loading=\"lazy\" decoding=\"async\" class=\"alignnone size-full wp-image-15045\" src=\"https:\/\/www.villers-allerand.fr\/site\/wp-content\/uploads\/2020\/11\/INFO-FLASH-BLEUET-DE-FRANCE-SITE-INTERNET.png\" alt=\"\" width=\"2000\" height=\"1125\" srcset=\"https:\/\/www.villers-allerand.fr\/site\/wp-content\/uploads\/2020\/11\/INFO-FLASH-BLEUET-DE-FRANCE-SITE-INTERNET-200x113.png 200w, https:\/\/www.villers-allerand.fr\/site\/wp-content\/uploads\/2020\/11\/INFO-FLASH-BLEUET-DE-FRANCE-SITE-INTERNET-300x169.png 300w, https:\/\/www.villers-allerand.fr\/site\/wp-content\/uploads\/2020\/11\/INFO-FLASH-BLEUET-DE-FRANCE-SITE-INTERNET-400x225.png 400w, https:\/\/www.villers-allerand.fr\/site\/wp-content\/uploads\/2020\/11\/INFO-FLASH-BLEUET-DE-FRANCE-SITE-INTERNET-600x338.png 600w, https:\/\/www.villers-allerand.fr\/site\/wp-content\/uploads\/2020\/11\/INFO-FLASH-BLEUET-DE-FRANCE-SITE-INTERNET-768x432.png 768w, https:\/\/www.villers-allerand.fr\/site\/wp-content\/uploads\/2020\/11\/INFO-FLASH-BLEUET-DE-FRANCE-SITE-INTERNET-800x450.png 800w, https:\/\/www.villers-allerand.fr\/site\/wp-content\/uploads\/2020\/11\/INFO-FLASH-BLEUET-DE-FRANCE-SITE-INTERNET-1024x576.png 1024w, https:\/\/www.villers-allerand.fr\/site\/wp-content\/uploads\/2020\/11\/INFO-FLASH-BLEUET-DE-FRANCE-SITE-INTERNET-1200x675.png 1200w, https:\/\/www.villers-allerand.fr\/site\/wp-content\/uploads\/2020\/11\/INFO-FLASH-BLEUET-DE-FRANCE-SITE-INTERNET-1536x864.png 1536w, https:\/\/www.villers-allerand.fr\/site\/wp-content\/uploads\/2020\/11\/INFO-FLASH-BLEUET-DE-FRANCE-SITE-INTERNET.png 2000w\" sizes=\"auto, (max-width: 2000px) 100vw, 2000px\" \/><\/p>\n<p>&nbsp;<\/p>\n<p>&nbsp;<\/p>\n<p style=\"text-align: center;\"><b>Allocution du Maire \u00e0 l\u2019occasion de la c\u00e9r\u00e9monie du 11 novembre 2020.<\/b><\/p>\n<p>Profitons de cette c\u00e9r\u00e9monie du 11 novembre 2020 pour se rem\u00e9morer celle du 11 novembre 1920, il y a un si\u00e8cle.<\/p>\n<p>Tout d\u2019abord, c\u2019est le 10 novembre 1920 que le soldat de 2\u00e8me classe Auguste Thin, pupille de la nation et plus jeune engag\u00e9 volontaire de son r\u00e9giment, a \u00e9t\u00e9 choisi pour d\u00e9signer l\u2019un des 8 cercueils dispos\u00e9s dans la citadelle souterraine de Verdun.<\/p>\n<p>Ces\u00a08 cercueils provenaient des principaux chants de bataille de la guerre de 14\/18\u00a0: Flandres, Artois, Somme, Ile de France, Chemin des Dames, Champagne, Verdun et Lorraine et contenaient un soldat fran\u00e7ais mort au combat et dont l\u2019identit\u00e9 \u00e9tait inconnue.<\/p>\n<p>La c\u00e9r\u00e9monie \u00e9tait pr\u00e9sid\u00e9e par M. Andr\u00e9 Maginot, Ministre des Pensions lui-m\u00eame bless\u00e9 de Guerre. Il tendit au 2<sup>\u00e8me<\/sup> classe un bouquet d\u2019\u0153illets et lui demanda de d\u00e9signer le cercueil qui allait reposer sous l\u2019Arc de Triomphe \u00e0 Paris et devenir la Tombe du Soldat Inconnu.<\/p>\n<p>Le cercueil choisi par le soldat Thin fut le sixi\u00e8me, en raison de son appartenance au 6<sup>\u00e8me<\/sup> Corps d\u2019Arm\u00e9e et au 132<sup>\u00e8me<\/sup> r\u00e9giment (la somme des chiffres fait \u00e9galement 6).<\/p>\n<p>Le cercueil rejoignit Paris par le train, accompagn\u00e9 par les autorit\u00e9s militaires. La s\u00e9pulture du Soldat Inconnu devint la symbolique du Souvenir de Devoir de M\u00e9moire. La mise en terre eut lieu quelques semaines plus tard, le 28 janvier 1921.<\/p>\n<p>Depuis le 11 novembre 1923, la flamme du souvenir, qui br\u00fble sous l\u2019Arc de Triomphe, est raviv\u00e9e \u00e0 18 h 30 tous les soirs.<\/p>\n<p><img loading=\"lazy\" decoding=\"async\" class=\"aligncenter wp-image-15042 size-large\" src=\"https:\/\/www.villers-allerand.fr\/site\/wp-content\/uploads\/2020\/11\/DSC_2461-1024x801.jpeg\" alt=\"\" width=\"1024\" height=\"801\" srcset=\"https:\/\/www.villers-allerand.fr\/site\/wp-content\/uploads\/2020\/11\/DSC_2461-200x156.jpeg 200w, https:\/\/www.villers-allerand.fr\/site\/wp-content\/uploads\/2020\/11\/DSC_2461-300x235.jpeg 300w, https:\/\/www.villers-allerand.fr\/site\/wp-content\/uploads\/2020\/11\/DSC_2461-400x313.jpeg 400w, https:\/\/www.villers-allerand.fr\/site\/wp-content\/uploads\/2020\/11\/DSC_2461-600x469.jpeg 600w, https:\/\/www.villers-allerand.fr\/site\/wp-content\/uploads\/2020\/11\/DSC_2461-768x600.jpeg 768w, https:\/\/www.villers-allerand.fr\/site\/wp-content\/uploads\/2020\/11\/DSC_2461-800x625.jpeg 800w, https:\/\/www.villers-allerand.fr\/site\/wp-content\/uploads\/2020\/11\/DSC_2461-1024x801.jpeg 1024w, https:\/\/www.villers-allerand.fr\/site\/wp-content\/uploads\/2020\/11\/DSC_2461-1200x938.jpeg 1200w, https:\/\/www.villers-allerand.fr\/site\/wp-content\/uploads\/2020\/11\/DSC_2461.jpeg 1228w\" sizes=\"auto, (max-width: 1024px) 100vw, 1024px\" \/> <img loading=\"lazy\" decoding=\"async\" class=\"aligncenter wp-image-15043 size-large\" src=\"https:\/\/www.villers-allerand.fr\/site\/wp-content\/uploads\/2020\/11\/DSC_2467-1-1024x742.jpeg\" alt=\"\" width=\"1024\" height=\"742\" srcset=\"https:\/\/www.villers-allerand.fr\/site\/wp-content\/uploads\/2020\/11\/DSC_2467-1-200x145.jpeg 200w, https:\/\/www.villers-allerand.fr\/site\/wp-content\/uploads\/2020\/11\/DSC_2467-1-300x217.jpeg 300w, https:\/\/www.villers-allerand.fr\/site\/wp-content\/uploads\/2020\/11\/DSC_2467-1-400x290.jpeg 400w, https:\/\/www.villers-allerand.fr\/site\/wp-content\/uploads\/2020\/11\/DSC_2467-1-600x435.jpeg 600w, https:\/\/www.villers-allerand.fr\/site\/wp-content\/uploads\/2020\/11\/DSC_2467-1-768x556.jpeg 768w, https:\/\/www.villers-allerand.fr\/site\/wp-content\/uploads\/2020\/11\/DSC_2467-1-800x579.jpeg 800w, https:\/\/www.villers-allerand.fr\/site\/wp-content\/uploads\/2020\/11\/DSC_2467-1-1024x742.jpeg 1024w, https:\/\/www.villers-allerand.fr\/site\/wp-content\/uploads\/2020\/11\/DSC_2467-1-1200x869.jpeg 1200w, https:\/\/www.villers-allerand.fr\/site\/wp-content\/uploads\/2020\/11\/DSC_2467-1.jpeg 1280w\" sizes=\"auto, (max-width: 1024px) 100vw, 1024px\" \/> <img loading=\"lazy\" decoding=\"async\" class=\"aligncenter wp-image-15044 size-large\" src=\"https:\/\/www.villers-allerand.fr\/site\/wp-content\/uploads\/2020\/11\/DSC_2468-1024x678.jpeg\" alt=\"\" width=\"1024\" height=\"678\" srcset=\"https:\/\/www.villers-allerand.fr\/site\/wp-content\/uploads\/2020\/11\/DSC_2468-200x133.jpeg 200w, https:\/\/www.villers-allerand.fr\/site\/wp-content\/uploads\/2020\/11\/DSC_2468-300x199.jpeg 300w, https:\/\/www.villers-allerand.fr\/site\/wp-content\/uploads\/2020\/11\/DSC_2468-400x265.jpeg 400w, https:\/\/www.villers-allerand.fr\/site\/wp-content\/uploads\/2020\/11\/DSC_2468-600x398.jpeg 600w, https:\/\/www.villers-allerand.fr\/site\/wp-content\/uploads\/2020\/11\/DSC_2468-768x509.jpeg 768w, https:\/\/www.villers-allerand.fr\/site\/wp-content\/uploads\/2020\/11\/DSC_2468-800x530.jpeg 800w, https:\/\/www.villers-allerand.fr\/site\/wp-content\/uploads\/2020\/11\/DSC_2468-1024x678.jpeg 1024w, https:\/\/www.villers-allerand.fr\/site\/wp-content\/uploads\/2020\/11\/DSC_2468-1200x795.jpeg 1200w, https:\/\/www.villers-allerand.fr\/site\/wp-content\/uploads\/2020\/11\/DSC_2468.jpeg 1280w\" sizes=\"auto, (max-width: 1024px) 100vw, 1024px\" \/> <img loading=\"lazy\" decoding=\"async\" class=\"aligncenter wp-image-15041 size-large\" src=\"https:\/\/www.villers-allerand.fr\/site\/wp-content\/uploads\/2020\/11\/DSC_2457-2-1024x541.jpeg\" alt=\"\" width=\"1024\" height=\"541\" srcset=\"https:\/\/www.villers-allerand.fr\/site\/wp-content\/uploads\/2020\/11\/DSC_2457-2-200x106.jpeg 200w, https:\/\/www.villers-allerand.fr\/site\/wp-content\/uploads\/2020\/11\/DSC_2457-2-300x158.jpeg 300w, https:\/\/www.villers-allerand.fr\/site\/wp-content\/uploads\/2020\/11\/DSC_2457-2-400x211.jpeg 400w, https:\/\/www.villers-allerand.fr\/site\/wp-content\/uploads\/2020\/11\/DSC_2457-2-600x317.jpeg 600w, https:\/\/www.villers-allerand.fr\/site\/wp-content\/uploads\/2020\/11\/DSC_2457-2-768x406.jpeg 768w, https:\/\/www.villers-allerand.fr\/site\/wp-content\/uploads\/2020\/11\/DSC_2457-2-800x423.jpeg 800w, https:\/\/www.villers-allerand.fr\/site\/wp-content\/uploads\/2020\/11\/DSC_2457-2-1024x541.jpeg 1024w, https:\/\/www.villers-allerand.fr\/site\/wp-content\/uploads\/2020\/11\/DSC_2457-2-1200x634.jpeg 1200w, https:\/\/www.villers-allerand.fr\/site\/wp-content\/uploads\/2020\/11\/DSC_2457-2.jpeg 1280w\" sizes=\"auto, (max-width: 1024px) 100vw, 1024px\" \/><\/p>\n<p>&nbsp;<\/p>\n","protected":false},"excerpt":{"rendered":"<p>Ce mercredi 11 novembre 2020, dans le respect des consignes sanitaires, le Maire et les conseillers municipaux se sont retrouv\u00e9s devant le monument aux morts de Villers-Allerand Montchenot, Place des d\u00e9port\u00e9s, pour comm\u00e9morer le 102\u00e8me anniversaire de l&rsquo;armistice de 1918. Comme en Mai dernier, ce moment solennel s&rsquo;est d\u00e9roul\u00e9 en comit\u00e9 restreint du fait de la [&hellip;]<\/p>\n","protected":false},"author":2,"featured_media":15047,"comment_status":"closed","ping_status":"closed","sticky":false,"template":"","format":"standard","meta":{"footnotes":""},"categories":[289],"tags":[166,57],"class_list":["post-15023","post","type-post","status-publish","format-standard","has-post-thumbnail","hentry","category-retrospectives-2020","tag-11-novembre","tag-commemoration"],"yoast_head":"<!-- This site is optimized with the Yoast SEO plugin v26.8 - https:\/\/yoast.com\/product\/yoast-seo-wordpress\/ -->\n<title>Comm\u00e9moration du 11 Novembre - Mairie de Villers-Allerand - Montchenot<\/title>\n<meta name=\"robots\" content=\"index, follow, max-snippet:-1, max-image-preview:large, max-video-preview:-1\" \/>\n<link rel=\"canonical\" href=\"https:\/\/www.villers-allerand.fr\/site\/commemoration-du-11-novembre\/\" \/>\n<meta property=\"og:locale\" content=\"fr_FR\" \/>\n<meta property=\"og:type\" content=\"article\" \/>\n<meta property=\"og:title\" content=\"Comm\u00e9moration du 11 Novembre - Mairie de Villers-Allerand - Montchenot\" \/>\n<meta property=\"og:description\" content=\"Ce mercredi 11 novembre 2020, dans le respect des consignes sanitaires, le Maire et les conseillers municipaux se sont retrouv\u00e9s devant le monument aux morts de Villers-Allerand Montchenot, Place des d\u00e9port\u00e9s, pour comm\u00e9morer le 102\u00e8me anniversaire de l&rsquo;armistice de 1918. Comme en Mai dernier, ce moment solennel s&rsquo;est d\u00e9roul\u00e9 en comit\u00e9 restreint du fait de la [&hellip;]\" \/>\n<meta property=\"og:url\" content=\"https:\/\/www.villers-allerand.fr\/site\/commemoration-du-11-novembre\/\" \/>\n<meta property=\"og:site_name\" content=\"Mairie de Villers-Allerand - Montchenot\" \/>\n<meta property=\"article:published_time\" content=\"2020-11-11T14:19:56+00:00\" \/>\n<meta property=\"article:modified_time\" content=\"2021-04-28T08:55:43+00:00\" \/>\n<meta property=\"og:image\" content=\"https:\/\/www.villers-allerand.fr\/site\/wp-content\/uploads\/2020\/11\/IMG_4023-copie.jpg\" \/>\n\t<meta property=\"og:image:width\" content=\"800\" \/>\n\t<meta property=\"og:image:height\" content=\"600\" \/>\n\t<meta property=\"og:image:type\" content=\"image\/jpeg\" \/>\n<meta name=\"author\" content=\"webmaster\" \/>\n<meta name=\"twitter:card\" content=\"summary_large_image\" \/>\n<meta name=\"twitter:label1\" content=\"\u00c9crit par\" \/>\n\t<meta name=\"twitter:data1\" content=\"webmaster\" \/>\n\t<meta name=\"twitter:label2\" content=\"Dur\u00e9e de lecture estim\u00e9e\" \/>\n\t<meta name=\"twitter:data2\" content=\"2 minutes\" \/>\n<script type=\"application\/ld+json\" class=\"yoast-schema-graph\">{\"@context\":\"https:\/\/schema.org\",\"@graph\":[{\"@type\":\"Article\",\"@id\":\"https:\/\/www.villers-allerand.fr\/site\/commemoration-du-11-novembre\/#article\",\"isPartOf\":{\"@id\":\"https:\/\/www.villers-allerand.fr\/site\/commemoration-du-11-novembre\/\"},\"author\":{\"name\":\"webmaster\",\"@id\":\"https:\/\/www.villers-allerand.fr\/site\/#\/schema\/person\/4688120b1fdf6f98803340b4cbc38e4b\"},\"headline\":\"Comm\u00e9moration du 11 Novembre\",\"datePublished\":\"2020-11-11T14:19:56+00:00\",\"dateModified\":\"2021-04-28T08:55:43+00:00\",\"mainEntityOfPage\":{\"@id\":\"https:\/\/www.villers-allerand.fr\/site\/commemoration-du-11-novembre\/\"},\"wordCount\":371,\"image\":{\"@id\":\"https:\/\/www.villers-allerand.fr\/site\/commemoration-du-11-novembre\/#primaryimage\"},\"thumbnailUrl\":\"https:\/\/www.villers-allerand.fr\/site\/wp-content\/uploads\/2020\/11\/IMG_4023-copie.jpg\",\"keywords\":[\"11 novembre\",\"Commemoration\"],\"articleSection\":[\"R\u00e9trospectives 2020\"],\"inLanguage\":\"fr-FR\"},{\"@type\":\"WebPage\",\"@id\":\"https:\/\/www.villers-allerand.fr\/site\/commemoration-du-11-novembre\/\",\"url\":\"https:\/\/www.villers-allerand.fr\/site\/commemoration-du-11-novembre\/\",\"name\":\"Comm\u00e9moration du 11 Novembre - Mairie de Villers-Allerand - Montchenot\",\"isPartOf\":{\"@id\":\"https:\/\/www.villers-allerand.fr\/site\/#website\"},\"primaryImageOfPage\":{\"@id\":\"https:\/\/www.villers-allerand.fr\/site\/commemoration-du-11-novembre\/#primaryimage\"},\"image\":{\"@id\":\"https:\/\/www.villers-allerand.fr\/site\/commemoration-du-11-novembre\/#primaryimage\"},\"thumbnailUrl\":\"https:\/\/www.villers-allerand.fr\/site\/wp-content\/uploads\/2020\/11\/IMG_4023-copie.jpg\",\"datePublished\":\"2020-11-11T14:19:56+00:00\",\"dateModified\":\"2021-04-28T08:55:43+00:00\",\"author\":{\"@id\":\"https:\/\/www.villers-allerand.fr\/site\/#\/schema\/person\/4688120b1fdf6f98803340b4cbc38e4b\"},\"breadcrumb\":{\"@id\":\"https:\/\/www.villers-allerand.fr\/site\/commemoration-du-11-novembre\/#breadcrumb\"},\"inLanguage\":\"fr-FR\",\"potentialAction\":[{\"@type\":\"ReadAction\",\"target\":[\"https:\/\/www.villers-allerand.fr\/site\/commemoration-du-11-novembre\/\"]}]},{\"@type\":\"ImageObject\",\"inLanguage\":\"fr-FR\",\"@id\":\"https:\/\/www.villers-allerand.fr\/site\/commemoration-du-11-novembre\/#primaryimage\",\"url\":\"https:\/\/www.villers-allerand.fr\/site\/wp-content\/uploads\/2020\/11\/IMG_4023-copie.jpg\",\"contentUrl\":\"https:\/\/www.villers-allerand.fr\/site\/wp-content\/uploads\/2020\/11\/IMG_4023-copie.jpg\",\"width\":800,\"height\":600},{\"@type\":\"BreadcrumbList\",\"@id\":\"https:\/\/www.villers-allerand.fr\/site\/commemoration-du-11-novembre\/#breadcrumb\",\"itemListElement\":[{\"@type\":\"ListItem\",\"position\":1,\"name\":\"Accueil\",\"item\":\"https:\/\/www.villers-allerand.fr\/site\/\"},{\"@type\":\"ListItem\",\"position\":2,\"name\":\"Comm\u00e9moration du 11 Novembre\"}]},{\"@type\":\"WebSite\",\"@id\":\"https:\/\/www.villers-allerand.fr\/site\/#website\",\"url\":\"https:\/\/www.villers-allerand.fr\/site\/\",\"name\":\"Mairie de Villers-Allerand - Montchenot\",\"description\":\"Site Officiel de la Mairie\",\"potentialAction\":[{\"@type\":\"SearchAction\",\"target\":{\"@type\":\"EntryPoint\",\"urlTemplate\":\"https:\/\/www.villers-allerand.fr\/site\/?s={search_term_string}\"},\"query-input\":{\"@type\":\"PropertyValueSpecification\",\"valueRequired\":true,\"valueName\":\"search_term_string\"}}],\"inLanguage\":\"fr-FR\"},{\"@type\":\"Person\",\"@id\":\"https:\/\/www.villers-allerand.fr\/site\/#\/schema\/person\/4688120b1fdf6f98803340b4cbc38e4b\",\"name\":\"webmaster\",\"image\":{\"@type\":\"ImageObject\",\"inLanguage\":\"fr-FR\",\"@id\":\"https:\/\/www.villers-allerand.fr\/site\/#\/schema\/person\/image\/\",\"url\":\"https:\/\/secure.gravatar.com\/avatar\/7ae33595ea8568e0c28d34997e54608e?s=96&d=mm&r=g\",\"contentUrl\":\"https:\/\/secure.gravatar.com\/avatar\/7ae33595ea8568e0c28d34997e54608e?s=96&d=mm&r=g\",\"caption\":\"webmaster\"}}]}<\/script>\n<!-- \/ Yoast SEO plugin. -->","yoast_head_json":{"title":"Comm\u00e9moration du 11 Novembre - Mairie de Villers-Allerand - Montchenot","robots":{"index":"index","follow":"follow","max-snippet":"max-snippet:-1","max-image-preview":"max-image-preview:large","max-video-preview":"max-video-preview:-1"},"canonical":"https:\/\/www.villers-allerand.fr\/site\/commemoration-du-11-novembre\/","og_locale":"fr_FR","og_type":"article","og_title":"Comm\u00e9moration du 11 Novembre - Mairie de Villers-Allerand - Montchenot","og_description":"Ce mercredi 11 novembre 2020, dans le respect des consignes sanitaires, le Maire et les conseillers municipaux se sont retrouv\u00e9s devant le monument aux morts de Villers-Allerand Montchenot, Place des d\u00e9port\u00e9s, pour comm\u00e9morer le 102\u00e8me anniversaire de l&rsquo;armistice de 1918. Comme en Mai dernier, ce moment solennel s&rsquo;est d\u00e9roul\u00e9 en comit\u00e9 restreint du fait de la [&hellip;]","og_url":"https:\/\/www.villers-allerand.fr\/site\/commemoration-du-11-novembre\/","og_site_name":"Mairie de Villers-Allerand - Montchenot","article_published_time":"2020-11-11T14:19:56+00:00","article_modified_time":"2021-04-28T08:55:43+00:00","og_image":[{"width":800,"height":600,"url":"https:\/\/www.villers-allerand.fr\/site\/wp-content\/uploads\/2020\/11\/IMG_4023-copie.jpg","type":"image\/jpeg"}],"author":"webmaster","twitter_card":"summary_large_image","twitter_misc":{"\u00c9crit par":"webmaster","Dur\u00e9e de lecture estim\u00e9e":"2 minutes"},"schema":{"@context":"https:\/\/schema.org","@graph":[{"@type":"Article","@id":"https:\/\/www.villers-allerand.fr\/site\/commemoration-du-11-novembre\/#article","isPartOf":{"@id":"https:\/\/www.villers-allerand.fr\/site\/commemoration-du-11-novembre\/"},"author":{"name":"webmaster","@id":"https:\/\/www.villers-allerand.fr\/site\/#\/schema\/person\/4688120b1fdf6f98803340b4cbc38e4b"},"headline":"Comm\u00e9moration du 11 Novembre","datePublished":"2020-11-11T14:19:56+00:00","dateModified":"2021-04-28T08:55:43+00:00","mainEntityOfPage":{"@id":"https:\/\/www.villers-allerand.fr\/site\/commemoration-du-11-novembre\/"},"wordCount":371,"image":{"@id":"https:\/\/www.villers-allerand.fr\/site\/commemoration-du-11-novembre\/#primaryimage"},"thumbnailUrl":"https:\/\/www.villers-allerand.fr\/site\/wp-content\/uploads\/2020\/11\/IMG_4023-copie.jpg","keywords":["11 novembre","Commemoration"],"articleSection":["R\u00e9trospectives 2020"],"inLanguage":"fr-FR"},{"@type":"WebPage","@id":"https:\/\/www.villers-allerand.fr\/site\/commemoration-du-11-novembre\/","url":"https:\/\/www.villers-allerand.fr\/site\/commemoration-du-11-novembre\/","name":"Comm\u00e9moration du 11 Novembre - Mairie de Villers-Allerand - Montchenot","isPartOf":{"@id":"https:\/\/www.villers-allerand.fr\/site\/#website"},"primaryImageOfPage":{"@id":"https:\/\/www.villers-allerand.fr\/site\/commemoration-du-11-novembre\/#primaryimage"},"image":{"@id":"https:\/\/www.villers-allerand.fr\/site\/commemoration-du-11-novembre\/#primaryimage"},"thumbnailUrl":"https:\/\/www.villers-allerand.fr\/site\/wp-content\/uploads\/2020\/11\/IMG_4023-copie.jpg","datePublished":"2020-11-11T14:19:56+00:00","dateModified":"2021-04-28T08:55:43+00:00","author":{"@id":"https:\/\/www.villers-allerand.fr\/site\/#\/schema\/person\/4688120b1fdf6f98803340b4cbc38e4b"},"breadcrumb":{"@id":"https:\/\/www.villers-allerand.fr\/site\/commemoration-du-11-novembre\/#breadcrumb"},"inLanguage":"fr-FR","potentialAction":[{"@type":"ReadAction","target":["https:\/\/www.villers-allerand.fr\/site\/commemoration-du-11-novembre\/"]}]},{"@type":"ImageObject","inLanguage":"fr-FR","@id":"https:\/\/www.villers-allerand.fr\/site\/commemoration-du-11-novembre\/#primaryimage","url":"https:\/\/www.villers-allerand.fr\/site\/wp-content\/uploads\/2020\/11\/IMG_4023-copie.jpg","contentUrl":"https:\/\/www.villers-allerand.fr\/site\/wp-content\/uploads\/2020\/11\/IMG_4023-copie.jpg","width":800,"height":600},{"@type":"BreadcrumbList","@id":"https:\/\/www.villers-allerand.fr\/site\/commemoration-du-11-novembre\/#breadcrumb","itemListElement":[{"@type":"ListItem","position":1,"name":"Accueil","item":"https:\/\/www.villers-allerand.fr\/site\/"},{"@type":"ListItem","position":2,"name":"Comm\u00e9moration du 11 Novembre"}]},{"@type":"WebSite","@id":"https:\/\/www.villers-allerand.fr\/site\/#website","url":"https:\/\/www.villers-allerand.fr\/site\/","name":"Mairie de Villers-Allerand - Montchenot","description":"Site Officiel de la Mairie","potentialAction":[{"@type":"SearchAction","target":{"@type":"EntryPoint","urlTemplate":"https:\/\/www.villers-allerand.fr\/site\/?s={search_term_string}"},"query-input":{"@type":"PropertyValueSpecification","valueRequired":true,"valueName":"search_term_string"}}],"inLanguage":"fr-FR"},{"@type":"Person","@id":"https:\/\/www.villers-allerand.fr\/site\/#\/schema\/person\/4688120b1fdf6f98803340b4cbc38e4b","name":"webmaster","image":{"@type":"ImageObject","inLanguage":"fr-FR","@id":"https:\/\/www.villers-allerand.fr\/site\/#\/schema\/person\/image\/","url":"https:\/\/secure.gravatar.com\/avatar\/7ae33595ea8568e0c28d34997e54608e?s=96&d=mm&r=g","contentUrl":"https:\/\/secure.gravatar.com\/avatar\/7ae33595ea8568e0c28d34997e54608e?s=96&d=mm&r=g","caption":"webmaster"}}]}},"publishpress_future_action":{"enabled":false,"date":"2026-05-09 14:41:30","action":"change-status","newStatus":"draft","terms":[],"taxonomy":"category","extraData":[]},"publishpress_future_workflow_manual_trigger":{"enabledWorkflows":[]},"_links":{"self":[{"href":"https:\/\/www.villers-allerand.fr\/site\/wp-json\/wp\/v2\/posts\/15023","targetHints":{"allow":["GET"]}}],"collection":[{"href":"https:\/\/www.villers-allerand.fr\/site\/wp-json\/wp\/v2\/posts"}],"about":[{"href":"https:\/\/www.villers-allerand.fr\/site\/wp-json\/wp\/v2\/types\/post"}],"author":[{"embeddable":true,"href":"https:\/\/www.villers-allerand.fr\/site\/wp-json\/wp\/v2\/users\/2"}],"replies":[{"embeddable":true,"href":"https:\/\/www.villers-allerand.fr\/site\/wp-json\/wp\/v2\/comments?post=15023"}],"version-history":[{"count":3,"href":"https:\/\/www.villers-allerand.fr\/site\/wp-json\/wp\/v2\/posts\/15023\/revisions"}],"predecessor-version":[{"id":15048,"href":"https:\/\/www.villers-allerand.fr\/site\/wp-json\/wp\/v2\/posts\/15023\/revisions\/15048"}],"wp:featuredmedia":[{"embeddable":true,"href":"https:\/\/www.villers-allerand.fr\/site\/wp-json\/wp\/v2\/media\/15047"}],"wp:attachment":[{"href":"https:\/\/www.villers-allerand.fr\/site\/wp-json\/wp\/v2\/media?parent=15023"}],"wp:term":[{"taxonomy":"category","embeddable":true,"href":"https:\/\/www.villers-allerand.fr\/site\/wp-json\/wp\/v2\/categories?post=15023"},{"taxonomy":"post_tag","embeddable":true,"href":"https:\/\/www.villers-allerand.fr\/site\/wp-json\/wp\/v2\/tags?post=15023"}],"curies":[{"name":"wp","href":"https:\/\/api.w.org\/{rel}","templated":true}]}}