{"id":15102,"date":"2020-11-27T11:06:13","date_gmt":"2020-11-27T10:06:13","guid":{"rendered":"http:\/\/www.villers-allerand.fr\/site\/?p=15102"},"modified":"2021-04-28T10:55:43","modified_gmt":"2021-04-28T08:55:43","slug":"un-mois-de-novembre-actif","status":"publish","type":"post","link":"https:\/\/www.villers-allerand.fr\/site\/un-mois-de-novembre-actif\/","title":{"rendered":"Un mois de novembre actif !"},"content":{"rendered":"<div>Quelques nouvelles du travail de la municipalit\u00e9 de Villers-Allerand Montchenot en cette fin de mois de novembre :<\/div>\n<div><\/div>\n<div class=\"\">&#8211; Espace Plein Air : la premi\u00e8re tonte a \u00e9t\u00e9 effectu\u00e9e cette semaine mais nos footballeurs devront patienter jusqu\u2019au printemps pour prendre possession du terrain de foot !<\/div>\n<div class=\"\">&#8211; Chemin de la petite Barbarie : les travaux vont bon train . Tout devrait \u00eatre termin\u00e9 le 10 d\u00e9cembre.<\/div>\n<div class=\"\">&#8211; les rues de Villers ont \u00e9t\u00e9 nettoy\u00e9es ce jeudi 26 novembre par une entreprise sp\u00e9cialis\u00e9e.<\/div>\n<div><\/div>\n<div><img loading=\"lazy\" decoding=\"async\" class=\"aligncenter wp-image-15103 size-large\" src=\"https:\/\/www.villers-allerand.fr\/site\/wp-content\/uploads\/2020\/11\/DSC_2499-1024x678.jpeg\" alt=\"\" width=\"1024\" height=\"678\" srcset=\"https:\/\/www.villers-allerand.fr\/site\/wp-content\/uploads\/2020\/11\/DSC_2499-200x132.jpeg 200w, https:\/\/www.villers-allerand.fr\/site\/wp-content\/uploads\/2020\/11\/DSC_2499-300x199.jpeg 300w, https:\/\/www.villers-allerand.fr\/site\/wp-content\/uploads\/2020\/11\/DSC_2499-400x265.jpeg 400w, https:\/\/www.villers-allerand.fr\/site\/wp-content\/uploads\/2020\/11\/DSC_2499-600x397.jpeg 600w, https:\/\/www.villers-allerand.fr\/site\/wp-content\/uploads\/2020\/11\/DSC_2499-768x509.jpeg 768w, https:\/\/www.villers-allerand.fr\/site\/wp-content\/uploads\/2020\/11\/DSC_2499-800x530.jpeg 800w, https:\/\/www.villers-allerand.fr\/site\/wp-content\/uploads\/2020\/11\/DSC_2499-1024x678.jpeg 1024w, https:\/\/www.villers-allerand.fr\/site\/wp-content\/uploads\/2020\/11\/DSC_2499-1200x795.jpeg 1200w, https:\/\/www.villers-allerand.fr\/site\/wp-content\/uploads\/2020\/11\/DSC_2499-1536x1017.jpeg 1536w\" sizes=\"auto, (max-width: 1024px) 100vw, 1024px\" \/><\/div>\n<div><\/div>\n<div><img loading=\"lazy\" decoding=\"async\" class=\"aligncenter wp-image-15104 size-large\" src=\"https:\/\/www.villers-allerand.fr\/site\/wp-content\/uploads\/2020\/11\/DSC_2504-1024x678.jpeg\" alt=\"\" width=\"1024\" height=\"678\" srcset=\"https:\/\/www.villers-allerand.fr\/site\/wp-content\/uploads\/2020\/11\/DSC_2504-200x132.jpeg 200w, https:\/\/www.villers-allerand.fr\/site\/wp-content\/uploads\/2020\/11\/DSC_2504-300x199.jpeg 300w, https:\/\/www.villers-allerand.fr\/site\/wp-content\/uploads\/2020\/11\/DSC_2504-400x265.jpeg 400w, https:\/\/www.villers-allerand.fr\/site\/wp-content\/uploads\/2020\/11\/DSC_2504-600x397.jpeg 600w, https:\/\/www.villers-allerand.fr\/site\/wp-content\/uploads\/2020\/11\/DSC_2504-768x509.jpeg 768w, https:\/\/www.villers-allerand.fr\/site\/wp-content\/uploads\/2020\/11\/DSC_2504-800x530.jpeg 800w, https:\/\/www.villers-allerand.fr\/site\/wp-content\/uploads\/2020\/11\/DSC_2504-1024x678.jpeg 1024w, https:\/\/www.villers-allerand.fr\/site\/wp-content\/uploads\/2020\/11\/DSC_2504-1200x795.jpeg 1200w, https:\/\/www.villers-allerand.fr\/site\/wp-content\/uploads\/2020\/11\/DSC_2504-1536x1017.jpeg 1536w\" sizes=\"auto, (max-width: 1024px) 100vw, 1024px\" \/><\/div>\n<div><\/div>\n<div><img loading=\"lazy\" decoding=\"async\" class=\"aligncenter wp-image-15105 size-large\" src=\"https:\/\/www.villers-allerand.fr\/site\/wp-content\/uploads\/2020\/11\/DSC_2500-1024x678.jpeg\" alt=\"\" width=\"1024\" height=\"678\" srcset=\"https:\/\/www.villers-allerand.fr\/site\/wp-content\/uploads\/2020\/11\/DSC_2500-200x132.jpeg 200w, https:\/\/www.villers-allerand.fr\/site\/wp-content\/uploads\/2020\/11\/DSC_2500-300x199.jpeg 300w, https:\/\/www.villers-allerand.fr\/site\/wp-content\/uploads\/2020\/11\/DSC_2500-400x265.jpeg 400w, https:\/\/www.villers-allerand.fr\/site\/wp-content\/uploads\/2020\/11\/DSC_2500-600x397.jpeg 600w, https:\/\/www.villers-allerand.fr\/site\/wp-content\/uploads\/2020\/11\/DSC_2500-768x509.jpeg 768w, https:\/\/www.villers-allerand.fr\/site\/wp-content\/uploads\/2020\/11\/DSC_2500-800x530.jpeg 800w, https:\/\/www.villers-allerand.fr\/site\/wp-content\/uploads\/2020\/11\/DSC_2500-1024x678.jpeg 1024w, https:\/\/www.villers-allerand.fr\/site\/wp-content\/uploads\/2020\/11\/DSC_2500-1200x795.jpeg 1200w, https:\/\/www.villers-allerand.fr\/site\/wp-content\/uploads\/2020\/11\/DSC_2500-1536x1017.jpeg 1536w\" sizes=\"auto, (max-width: 1024px) 100vw, 1024px\" \/><\/div>\n","protected":false},"excerpt":{"rendered":"<p>Quelques nouvelles du travail de la municipalit\u00e9 de Villers-Allerand Montchenot en cette fin de mois de novembre : &#8211; Espace Plein Air : la premi\u00e8re tonte a \u00e9t\u00e9 effectu\u00e9e cette semaine mais nos footballeurs devront patienter jusqu\u2019au printemps pour prendre possession du terrain de foot ! &#8211; Chemin de la petite Barbarie : les travaux vont [&hellip;]<\/p>\n","protected":false},"author":2,"featured_media":14889,"comment_status":"closed","ping_status":"closed","sticky":false,"template":"","format":"standard","meta":{"footnotes":""},"categories":[289],"tags":[344,109],"class_list":["post-15102","post","type-post","status-publish","format-standard","has-post-thumbnail","hentry","category-retrospectives-2020","tag-espace-plein-air","tag-travaux"],"yoast_head":"<!-- This site is optimized with the Yoast SEO plugin v26.8 - https:\/\/yoast.com\/product\/yoast-seo-wordpress\/ -->\n<title>Un mois de novembre actif ! - Mairie de Villers-Allerand - Montchenot<\/title>\n<meta name=\"robots\" content=\"index, follow, max-snippet:-1, max-image-preview:large, max-video-preview:-1\" \/>\n<link rel=\"canonical\" href=\"https:\/\/www.villers-allerand.fr\/site\/un-mois-de-novembre-actif\/\" \/>\n<meta property=\"og:locale\" content=\"fr_FR\" \/>\n<meta property=\"og:type\" content=\"article\" \/>\n<meta property=\"og:title\" content=\"Un mois de novembre actif ! - Mairie de Villers-Allerand - Montchenot\" \/>\n<meta property=\"og:description\" content=\"Quelques nouvelles du travail de la municipalit\u00e9 de Villers-Allerand Montchenot en cette fin de mois de novembre : &#8211; Espace Plein Air : la premi\u00e8re tonte a \u00e9t\u00e9 effectu\u00e9e cette semaine mais nos footballeurs devront patienter jusqu\u2019au printemps pour prendre possession du terrain de foot ! &#8211; Chemin de la petite Barbarie : les travaux vont [&hellip;]\" \/>\n<meta property=\"og:url\" content=\"https:\/\/www.villers-allerand.fr\/site\/un-mois-de-novembre-actif\/\" \/>\n<meta property=\"og:site_name\" content=\"Mairie de Villers-Allerand - Montchenot\" \/>\n<meta property=\"article:published_time\" content=\"2020-11-27T10:06:13+00:00\" \/>\n<meta property=\"article:modified_time\" content=\"2021-04-28T08:55:43+00:00\" \/>\n<meta property=\"og:image\" content=\"https:\/\/www.villers-allerand.fr\/site\/wp-content\/uploads\/2020\/08\/construction-work-147759_640.png\" \/>\n\t<meta property=\"og:image:width\" content=\"640\" \/>\n\t<meta property=\"og:image:height\" content=\"564\" \/>\n\t<meta property=\"og:image:type\" content=\"image\/png\" \/>\n<meta name=\"author\" content=\"webmaster\" \/>\n<meta name=\"twitter:card\" content=\"summary_large_image\" \/>\n<meta name=\"twitter:label1\" content=\"\u00c9crit par\" \/>\n\t<meta name=\"twitter:data1\" content=\"webmaster\" \/>\n<script type=\"application\/ld+json\" class=\"yoast-schema-graph\">{\"@context\":\"https:\/\/schema.org\",\"@graph\":[{\"@type\":\"Article\",\"@id\":\"https:\/\/www.villers-allerand.fr\/site\/un-mois-de-novembre-actif\/#article\",\"isPartOf\":{\"@id\":\"https:\/\/www.villers-allerand.fr\/site\/un-mois-de-novembre-actif\/\"},\"author\":{\"name\":\"webmaster\",\"@id\":\"https:\/\/www.villers-allerand.fr\/site\/#\/schema\/person\/4688120b1fdf6f98803340b4cbc38e4b\"},\"headline\":\"Un mois de novembre actif !\",\"datePublished\":\"2020-11-27T10:06:13+00:00\",\"dateModified\":\"2021-04-28T08:55:43+00:00\",\"mainEntityOfPage\":{\"@id\":\"https:\/\/www.villers-allerand.fr\/site\/un-mois-de-novembre-actif\/\"},\"wordCount\":87,\"image\":{\"@id\":\"https:\/\/www.villers-allerand.fr\/site\/un-mois-de-novembre-actif\/#primaryimage\"},\"thumbnailUrl\":\"https:\/\/www.villers-allerand.fr\/site\/wp-content\/uploads\/2020\/08\/construction-work-147759_640.png\",\"keywords\":[\"espace plein air\",\"travaux\"],\"articleSection\":[\"R\u00e9trospectives 2020\"],\"inLanguage\":\"fr-FR\"},{\"@type\":\"WebPage\",\"@id\":\"https:\/\/www.villers-allerand.fr\/site\/un-mois-de-novembre-actif\/\",\"url\":\"https:\/\/www.villers-allerand.fr\/site\/un-mois-de-novembre-actif\/\",\"name\":\"Un mois de novembre actif ! - Mairie de Villers-Allerand - Montchenot\",\"isPartOf\":{\"@id\":\"https:\/\/www.villers-allerand.fr\/site\/#website\"},\"primaryImageOfPage\":{\"@id\":\"https:\/\/www.villers-allerand.fr\/site\/un-mois-de-novembre-actif\/#primaryimage\"},\"image\":{\"@id\":\"https:\/\/www.villers-allerand.fr\/site\/un-mois-de-novembre-actif\/#primaryimage\"},\"thumbnailUrl\":\"https:\/\/www.villers-allerand.fr\/site\/wp-content\/uploads\/2020\/08\/construction-work-147759_640.png\",\"datePublished\":\"2020-11-27T10:06:13+00:00\",\"dateModified\":\"2021-04-28T08:55:43+00:00\",\"author\":{\"@id\":\"https:\/\/www.villers-allerand.fr\/site\/#\/schema\/person\/4688120b1fdf6f98803340b4cbc38e4b\"},\"breadcrumb\":{\"@id\":\"https:\/\/www.villers-allerand.fr\/site\/un-mois-de-novembre-actif\/#breadcrumb\"},\"inLanguage\":\"fr-FR\",\"potentialAction\":[{\"@type\":\"ReadAction\",\"target\":[\"https:\/\/www.villers-allerand.fr\/site\/un-mois-de-novembre-actif\/\"]}]},{\"@type\":\"ImageObject\",\"inLanguage\":\"fr-FR\",\"@id\":\"https:\/\/www.villers-allerand.fr\/site\/un-mois-de-novembre-actif\/#primaryimage\",\"url\":\"https:\/\/www.villers-allerand.fr\/site\/wp-content\/uploads\/2020\/08\/construction-work-147759_640.png\",\"contentUrl\":\"https:\/\/www.villers-allerand.fr\/site\/wp-content\/uploads\/2020\/08\/construction-work-147759_640.png\",\"width\":640,\"height\":564,\"caption\":\"travaux\"},{\"@type\":\"BreadcrumbList\",\"@id\":\"https:\/\/www.villers-allerand.fr\/site\/un-mois-de-novembre-actif\/#breadcrumb\",\"itemListElement\":[{\"@type\":\"ListItem\",\"position\":1,\"name\":\"Accueil\",\"item\":\"https:\/\/www.villers-allerand.fr\/site\/\"},{\"@type\":\"ListItem\",\"position\":2,\"name\":\"Un mois de novembre actif !\"}]},{\"@type\":\"WebSite\",\"@id\":\"https:\/\/www.villers-allerand.fr\/site\/#website\",\"url\":\"https:\/\/www.villers-allerand.fr\/site\/\",\"name\":\"Mairie de Villers-Allerand - Montchenot\",\"description\":\"Site Officiel de la Mairie\",\"potentialAction\":[{\"@type\":\"SearchAction\",\"target\":{\"@type\":\"EntryPoint\",\"urlTemplate\":\"https:\/\/www.villers-allerand.fr\/site\/?s={search_term_string}\"},\"query-input\":{\"@type\":\"PropertyValueSpecification\",\"valueRequired\":true,\"valueName\":\"search_term_string\"}}],\"inLanguage\":\"fr-FR\"},{\"@type\":\"Person\",\"@id\":\"https:\/\/www.villers-allerand.fr\/site\/#\/schema\/person\/4688120b1fdf6f98803340b4cbc38e4b\",\"name\":\"webmaster\",\"image\":{\"@type\":\"ImageObject\",\"inLanguage\":\"fr-FR\",\"@id\":\"https:\/\/www.villers-allerand.fr\/site\/#\/schema\/person\/image\/\",\"url\":\"https:\/\/secure.gravatar.com\/avatar\/7ae33595ea8568e0c28d34997e54608e?s=96&d=mm&r=g\",\"contentUrl\":\"https:\/\/secure.gravatar.com\/avatar\/7ae33595ea8568e0c28d34997e54608e?s=96&d=mm&r=g\",\"caption\":\"webmaster\"}}]}<\/script>\n<!-- \/ Yoast SEO plugin. -->","yoast_head_json":{"title":"Un mois de novembre actif ! - Mairie de Villers-Allerand - Montchenot","robots":{"index":"index","follow":"follow","max-snippet":"max-snippet:-1","max-image-preview":"max-image-preview:large","max-video-preview":"max-video-preview:-1"},"canonical":"https:\/\/www.villers-allerand.fr\/site\/un-mois-de-novembre-actif\/","og_locale":"fr_FR","og_type":"article","og_title":"Un mois de novembre actif ! - Mairie de Villers-Allerand - Montchenot","og_description":"Quelques nouvelles du travail de la municipalit\u00e9 de Villers-Allerand Montchenot en cette fin de mois de novembre : &#8211; Espace Plein Air : la premi\u00e8re tonte a \u00e9t\u00e9 effectu\u00e9e cette semaine mais nos footballeurs devront patienter jusqu\u2019au printemps pour prendre possession du terrain de foot ! &#8211; Chemin de la petite Barbarie : les travaux vont [&hellip;]","og_url":"https:\/\/www.villers-allerand.fr\/site\/un-mois-de-novembre-actif\/","og_site_name":"Mairie de Villers-Allerand - Montchenot","article_published_time":"2020-11-27T10:06:13+00:00","article_modified_time":"2021-04-28T08:55:43+00:00","og_image":[{"width":640,"height":564,"url":"https:\/\/www.villers-allerand.fr\/site\/wp-content\/uploads\/2020\/08\/construction-work-147759_640.png","type":"image\/png"}],"author":"webmaster","twitter_card":"summary_large_image","twitter_misc":{"\u00c9crit par":"webmaster"},"schema":{"@context":"https:\/\/schema.org","@graph":[{"@type":"Article","@id":"https:\/\/www.villers-allerand.fr\/site\/un-mois-de-novembre-actif\/#article","isPartOf":{"@id":"https:\/\/www.villers-allerand.fr\/site\/un-mois-de-novembre-actif\/"},"author":{"name":"webmaster","@id":"https:\/\/www.villers-allerand.fr\/site\/#\/schema\/person\/4688120b1fdf6f98803340b4cbc38e4b"},"headline":"Un mois de novembre actif !","datePublished":"2020-11-27T10:06:13+00:00","dateModified":"2021-04-28T08:55:43+00:00","mainEntityOfPage":{"@id":"https:\/\/www.villers-allerand.fr\/site\/un-mois-de-novembre-actif\/"},"wordCount":87,"image":{"@id":"https:\/\/www.villers-allerand.fr\/site\/un-mois-de-novembre-actif\/#primaryimage"},"thumbnailUrl":"https:\/\/www.villers-allerand.fr\/site\/wp-content\/uploads\/2020\/08\/construction-work-147759_640.png","keywords":["espace plein air","travaux"],"articleSection":["R\u00e9trospectives 2020"],"inLanguage":"fr-FR"},{"@type":"WebPage","@id":"https:\/\/www.villers-allerand.fr\/site\/un-mois-de-novembre-actif\/","url":"https:\/\/www.villers-allerand.fr\/site\/un-mois-de-novembre-actif\/","name":"Un mois de novembre actif ! - Mairie de Villers-Allerand - Montchenot","isPartOf":{"@id":"https:\/\/www.villers-allerand.fr\/site\/#website"},"primaryImageOfPage":{"@id":"https:\/\/www.villers-allerand.fr\/site\/un-mois-de-novembre-actif\/#primaryimage"},"image":{"@id":"https:\/\/www.villers-allerand.fr\/site\/un-mois-de-novembre-actif\/#primaryimage"},"thumbnailUrl":"https:\/\/www.villers-allerand.fr\/site\/wp-content\/uploads\/2020\/08\/construction-work-147759_640.png","datePublished":"2020-11-27T10:06:13+00:00","dateModified":"2021-04-28T08:55:43+00:00","author":{"@id":"https:\/\/www.villers-allerand.fr\/site\/#\/schema\/person\/4688120b1fdf6f98803340b4cbc38e4b"},"breadcrumb":{"@id":"https:\/\/www.villers-allerand.fr\/site\/un-mois-de-novembre-actif\/#breadcrumb"},"inLanguage":"fr-FR","potentialAction":[{"@type":"ReadAction","target":["https:\/\/www.villers-allerand.fr\/site\/un-mois-de-novembre-actif\/"]}]},{"@type":"ImageObject","inLanguage":"fr-FR","@id":"https:\/\/www.villers-allerand.fr\/site\/un-mois-de-novembre-actif\/#primaryimage","url":"https:\/\/www.villers-allerand.fr\/site\/wp-content\/uploads\/2020\/08\/construction-work-147759_640.png","contentUrl":"https:\/\/www.villers-allerand.fr\/site\/wp-content\/uploads\/2020\/08\/construction-work-147759_640.png","width":640,"height":564,"caption":"travaux"},{"@type":"BreadcrumbList","@id":"https:\/\/www.villers-allerand.fr\/site\/un-mois-de-novembre-actif\/#breadcrumb","itemListElement":[{"@type":"ListItem","position":1,"name":"Accueil","item":"https:\/\/www.villers-allerand.fr\/site\/"},{"@type":"ListItem","position":2,"name":"Un mois de novembre actif !"}]},{"@type":"WebSite","@id":"https:\/\/www.villers-allerand.fr\/site\/#website","url":"https:\/\/www.villers-allerand.fr\/site\/","name":"Mairie de Villers-Allerand - Montchenot","description":"Site Officiel de la Mairie","potentialAction":[{"@type":"SearchAction","target":{"@type":"EntryPoint","urlTemplate":"https:\/\/www.villers-allerand.fr\/site\/?s={search_term_string}"},"query-input":{"@type":"PropertyValueSpecification","valueRequired":true,"valueName":"search_term_string"}}],"inLanguage":"fr-FR"},{"@type":"Person","@id":"https:\/\/www.villers-allerand.fr\/site\/#\/schema\/person\/4688120b1fdf6f98803340b4cbc38e4b","name":"webmaster","image":{"@type":"ImageObject","inLanguage":"fr-FR","@id":"https:\/\/www.villers-allerand.fr\/site\/#\/schema\/person\/image\/","url":"https:\/\/secure.gravatar.com\/avatar\/7ae33595ea8568e0c28d34997e54608e?s=96&d=mm&r=g","contentUrl":"https:\/\/secure.gravatar.com\/avatar\/7ae33595ea8568e0c28d34997e54608e?s=96&d=mm&r=g","caption":"webmaster"}}]}},"publishpress_future_action":{"enabled":false,"date":"2026-05-09 14:42:05","action":"change-status","newStatus":"draft","terms":[],"taxonomy":"category","extraData":[]},"publishpress_future_workflow_manual_trigger":{"enabledWorkflows":[]},"_links":{"self":[{"href":"https:\/\/www.villers-allerand.fr\/site\/wp-json\/wp\/v2\/posts\/15102","targetHints":{"allow":["GET"]}}],"collection":[{"href":"https:\/\/www.villers-allerand.fr\/site\/wp-json\/wp\/v2\/posts"}],"about":[{"href":"https:\/\/www.villers-allerand.fr\/site\/wp-json\/wp\/v2\/types\/post"}],"author":[{"embeddable":true,"href":"https:\/\/www.villers-allerand.fr\/site\/wp-json\/wp\/v2\/users\/2"}],"replies":[{"embeddable":true,"href":"https:\/\/www.villers-allerand.fr\/site\/wp-json\/wp\/v2\/comments?post=15102"}],"version-history":[{"count":1,"href":"https:\/\/www.villers-allerand.fr\/site\/wp-json\/wp\/v2\/posts\/15102\/revisions"}],"predecessor-version":[{"id":15106,"href":"https:\/\/www.villers-allerand.fr\/site\/wp-json\/wp\/v2\/posts\/15102\/revisions\/15106"}],"wp:featuredmedia":[{"embeddable":true,"href":"https:\/\/www.villers-allerand.fr\/site\/wp-json\/wp\/v2\/media\/14889"}],"wp:attachment":[{"href":"https:\/\/www.villers-allerand.fr\/site\/wp-json\/wp\/v2\/media?parent=15102"}],"wp:term":[{"taxonomy":"category","embeddable":true,"href":"https:\/\/www.villers-allerand.fr\/site\/wp-json\/wp\/v2\/categories?post=15102"},{"taxonomy":"post_tag","embeddable":true,"href":"https:\/\/www.villers-allerand.fr\/site\/wp-json\/wp\/v2\/tags?post=15102"}],"curies":[{"name":"wp","href":"https:\/\/api.w.org\/{rel}","templated":true}]}}