{"id":15196,"date":"2021-07-03T15:56:24","date_gmt":"2021-07-03T13:56:24","guid":{"rendered":"http:\/\/www.villers-allerand.fr\/site\/?p=15196"},"modified":"2021-07-06T10:32:11","modified_gmt":"2021-07-06T08:32:11","slug":"une-nouvelle-association-a-villers-allerand-montchenot-les-jardins-de-villers","status":"publish","type":"post","link":"https:\/\/www.villers-allerand.fr\/site\/une-nouvelle-association-a-villers-allerand-montchenot-les-jardins-de-villers\/","title":{"rendered":"Une nouvelle association \u00e0 Villers-Allerand Montchenot : Les Jardins de Villers"},"content":{"rendered":"<p>Les nouveaux jardiniers s\u2019activent pour am\u00e9nager le terrain mis \u00e0 disposition par la commune au sein du nouvel espace plein air. Ces jardins partag\u00e9s accueilleront les premi\u00e8res cultures au printemps prochain.<\/p>\n<p>Cela vous tente de d\u00e9couvrir de nouvelles pratiques de permaculture\u00a0? De passer de bons moments en plein air\u00a0? De faire la connaissance d\u2019autres villageois\u00a0? Alors, venez prendre part \u00e0 cette nouvelle aventure !<\/p>\n<p>Contactez Olivier Ban ou Ga\u00eblle Floch<\/p>\n<p>Par t\u00e9l\u00e9phone\u00a0: 06.64.40.54.30<\/p>\n<p>Par email\u00a0: jardinsdevillers@gmail.com<\/p>\n<p>Site internet :\u00a0<a href=\"https:\/\/jardinsdevillers.wixsite.com\/accueil\">https:\/\/jardinsdevillers.wixsite.com\/accueil<\/a><\/p>\n<p>&nbsp;<\/p>\n<p><img loading=\"lazy\" decoding=\"async\" class=\"wp-image-15210 size-medium alignleft\" src=\"https:\/\/www.villers-allerand.fr\/site\/wp-content\/uploads\/2021\/03\/tempImagewSeWo8-300x225.jpg\" alt=\"\" width=\"300\" height=\"225\" srcset=\"https:\/\/www.villers-allerand.fr\/site\/wp-content\/uploads\/2021\/03\/tempImagewSeWo8-200x150.jpg 200w, https:\/\/www.villers-allerand.fr\/site\/wp-content\/uploads\/2021\/03\/tempImagewSeWo8-300x225.jpg 300w, https:\/\/www.villers-allerand.fr\/site\/wp-content\/uploads\/2021\/03\/tempImagewSeWo8-400x300.jpg 400w, https:\/\/www.villers-allerand.fr\/site\/wp-content\/uploads\/2021\/03\/tempImagewSeWo8-600x450.jpg 600w, https:\/\/www.villers-allerand.fr\/site\/wp-content\/uploads\/2021\/03\/tempImagewSeWo8-768x576.jpg 768w, https:\/\/www.villers-allerand.fr\/site\/wp-content\/uploads\/2021\/03\/tempImagewSeWo8-800x600.jpg 800w, https:\/\/www.villers-allerand.fr\/site\/wp-content\/uploads\/2021\/03\/tempImagewSeWo8-1024x768.jpg 1024w, https:\/\/www.villers-allerand.fr\/site\/wp-content\/uploads\/2021\/03\/tempImagewSeWo8-1200x900.jpg 1200w, https:\/\/www.villers-allerand.fr\/site\/wp-content\/uploads\/2021\/03\/tempImagewSeWo8-1536x1152.jpg 1536w\" sizes=\"auto, (max-width: 300px) 100vw, 300px\" \/> <img loading=\"lazy\" decoding=\"async\" class=\"aligncenter wp-image-15211 size-medium\" src=\"https:\/\/www.villers-allerand.fr\/site\/wp-content\/uploads\/2021\/03\/tempImage2qeucS-300x225.jpg\" alt=\"\" width=\"300\" height=\"225\" srcset=\"https:\/\/www.villers-allerand.fr\/site\/wp-content\/uploads\/2021\/03\/tempImage2qeucS-200x150.jpg 200w, https:\/\/www.villers-allerand.fr\/site\/wp-content\/uploads\/2021\/03\/tempImage2qeucS-300x225.jpg 300w, https:\/\/www.villers-allerand.fr\/site\/wp-content\/uploads\/2021\/03\/tempImage2qeucS-400x300.jpg 400w, https:\/\/www.villers-allerand.fr\/site\/wp-content\/uploads\/2021\/03\/tempImage2qeucS-600x450.jpg 600w, https:\/\/www.villers-allerand.fr\/site\/wp-content\/uploads\/2021\/03\/tempImage2qeucS-768x576.jpg 768w, https:\/\/www.villers-allerand.fr\/site\/wp-content\/uploads\/2021\/03\/tempImage2qeucS-800x600.jpg 800w, https:\/\/www.villers-allerand.fr\/site\/wp-content\/uploads\/2021\/03\/tempImage2qeucS-1024x768.jpg 1024w, https:\/\/www.villers-allerand.fr\/site\/wp-content\/uploads\/2021\/03\/tempImage2qeucS-1200x900.jpg 1200w, https:\/\/www.villers-allerand.fr\/site\/wp-content\/uploads\/2021\/03\/tempImage2qeucS-1536x1152.jpg 1536w\" sizes=\"auto, (max-width: 300px) 100vw, 300px\" \/> <img loading=\"lazy\" decoding=\"async\" class=\"alignnone size-full wp-image-15213\" src=\"https:\/\/www.villers-allerand.fr\/site\/wp-content\/uploads\/2021\/03\/tempImageu9F13X-scaled.jpg\" alt=\"\" width=\"2560\" height=\"1920\" srcset=\"https:\/\/www.villers-allerand.fr\/site\/wp-content\/uploads\/2021\/03\/tempImageu9F13X-200x150.jpg 200w, https:\/\/www.villers-allerand.fr\/site\/wp-content\/uploads\/2021\/03\/tempImageu9F13X-300x225.jpg 300w, https:\/\/www.villers-allerand.fr\/site\/wp-content\/uploads\/2021\/03\/tempImageu9F13X-400x300.jpg 400w, https:\/\/www.villers-allerand.fr\/site\/wp-content\/uploads\/2021\/03\/tempImageu9F13X-600x450.jpg 600w, https:\/\/www.villers-allerand.fr\/site\/wp-content\/uploads\/2021\/03\/tempImageu9F13X-768x576.jpg 768w, https:\/\/www.villers-allerand.fr\/site\/wp-content\/uploads\/2021\/03\/tempImageu9F13X-800x600.jpg 800w, https:\/\/www.villers-allerand.fr\/site\/wp-content\/uploads\/2021\/03\/tempImageu9F13X-1024x768.jpg 1024w, https:\/\/www.villers-allerand.fr\/site\/wp-content\/uploads\/2021\/03\/tempImageu9F13X-1200x900.jpg 1200w, https:\/\/www.villers-allerand.fr\/site\/wp-content\/uploads\/2021\/03\/tempImageu9F13X-1536x1152.jpg 1536w, https:\/\/www.villers-allerand.fr\/site\/wp-content\/uploads\/2021\/03\/tempImageu9F13X-scaled.jpg 2560w\" sizes=\"auto, (max-width: 2560px) 100vw, 2560px\" \/> <img loading=\"lazy\" decoding=\"async\" class=\"alignleft wp-image-15214 size-medium\" src=\"https:\/\/www.villers-allerand.fr\/site\/wp-content\/uploads\/2021\/03\/tempImageAfCUOJ-300x225.jpg\" alt=\"\" width=\"300\" height=\"225\" srcset=\"https:\/\/www.villers-allerand.fr\/site\/wp-content\/uploads\/2021\/03\/tempImageAfCUOJ-200x150.jpg 200w, https:\/\/www.villers-allerand.fr\/site\/wp-content\/uploads\/2021\/03\/tempImageAfCUOJ-300x225.jpg 300w, https:\/\/www.villers-allerand.fr\/site\/wp-content\/uploads\/2021\/03\/tempImageAfCUOJ-400x300.jpg 400w, https:\/\/www.villers-allerand.fr\/site\/wp-content\/uploads\/2021\/03\/tempImageAfCUOJ-600x450.jpg 600w, https:\/\/www.villers-allerand.fr\/site\/wp-content\/uploads\/2021\/03\/tempImageAfCUOJ-768x576.jpg 768w, https:\/\/www.villers-allerand.fr\/site\/wp-content\/uploads\/2021\/03\/tempImageAfCUOJ-800x600.jpg 800w, https:\/\/www.villers-allerand.fr\/site\/wp-content\/uploads\/2021\/03\/tempImageAfCUOJ-1024x768.jpg 1024w, https:\/\/www.villers-allerand.fr\/site\/wp-content\/uploads\/2021\/03\/tempImageAfCUOJ-1200x900.jpg 1200w, https:\/\/www.villers-allerand.fr\/site\/wp-content\/uploads\/2021\/03\/tempImageAfCUOJ-1536x1152.jpg 1536w\" sizes=\"auto, (max-width: 300px) 100vw, 300px\" \/><\/p>\n","protected":false},"excerpt":{"rendered":"<p>Les nouveaux jardiniers s\u2019activent pour am\u00e9nager le terrain mis \u00e0 disposition par la commune au sein du nouvel espace plein air. Ces jardins partag\u00e9s accueilleront les premi\u00e8res cultures au printemps prochain. Cela vous tente de d\u00e9couvrir de nouvelles pratiques de permaculture\u00a0? De passer de bons moments en plein air\u00a0? De faire la connaissance d\u2019autres villageois\u00a0? Alors, [&hellip;]<\/p>\n","protected":false},"author":2,"featured_media":15018,"comment_status":"closed","ping_status":"closed","sticky":false,"template":"","format":"standard","meta":{"footnotes":""},"categories":[39,367],"tags":[128,340],"class_list":["post-15196","post","type-post","status-publish","format-standard","has-post-thumbnail","hentry","category-news","category-retrospectives-2021","tag-jardins","tag-jardins-participatifs"],"yoast_head":"<!-- This site is optimized with the Yoast SEO plugin v26.8 - https:\/\/yoast.com\/product\/yoast-seo-wordpress\/ -->\n<title>Une nouvelle association \u00e0 Villers-Allerand Montchenot : Les Jardins de Villers - Mairie de Villers-Allerand - Montchenot<\/title>\n<meta name=\"robots\" content=\"index, follow, max-snippet:-1, max-image-preview:large, max-video-preview:-1\" \/>\n<link rel=\"canonical\" href=\"https:\/\/www.villers-allerand.fr\/site\/une-nouvelle-association-a-villers-allerand-montchenot-les-jardins-de-villers\/\" \/>\n<meta property=\"og:locale\" content=\"fr_FR\" \/>\n<meta property=\"og:type\" content=\"article\" \/>\n<meta property=\"og:title\" content=\"Une nouvelle association \u00e0 Villers-Allerand Montchenot : Les Jardins de Villers - Mairie de Villers-Allerand - Montchenot\" \/>\n<meta property=\"og:description\" content=\"Les nouveaux jardiniers s\u2019activent pour am\u00e9nager le terrain mis \u00e0 disposition par la commune au sein du nouvel espace plein air. Ces jardins partag\u00e9s accueilleront les premi\u00e8res cultures au printemps prochain. Cela vous tente de d\u00e9couvrir de nouvelles pratiques de permaculture\u00a0? De passer de bons moments en plein air\u00a0? De faire la connaissance d\u2019autres villageois\u00a0? Alors, [&hellip;]\" \/>\n<meta property=\"og:url\" content=\"https:\/\/www.villers-allerand.fr\/site\/une-nouvelle-association-a-villers-allerand-montchenot-les-jardins-de-villers\/\" \/>\n<meta property=\"og:site_name\" content=\"Mairie de Villers-Allerand - Montchenot\" \/>\n<meta property=\"article:published_time\" content=\"2021-07-03T13:56:24+00:00\" \/>\n<meta property=\"article:modified_time\" content=\"2021-07-06T08:32:11+00:00\" \/>\n<meta property=\"og:image\" content=\"https:\/\/www.villers-allerand.fr\/site\/wp-content\/uploads\/2020\/11\/Dessin_Jardincollectif-copie.png\" \/>\n\t<meta property=\"og:image:width\" content=\"627\" \/>\n\t<meta property=\"og:image:height\" content=\"841\" \/>\n\t<meta property=\"og:image:type\" content=\"image\/png\" \/>\n<meta name=\"author\" content=\"webmaster\" \/>\n<meta name=\"twitter:card\" content=\"summary_large_image\" \/>\n<meta name=\"twitter:label1\" content=\"\u00c9crit par\" \/>\n\t<meta name=\"twitter:data1\" content=\"webmaster\" \/>\n<script type=\"application\/ld+json\" class=\"yoast-schema-graph\">{\"@context\":\"https:\/\/schema.org\",\"@graph\":[{\"@type\":\"Article\",\"@id\":\"https:\/\/www.villers-allerand.fr\/site\/une-nouvelle-association-a-villers-allerand-montchenot-les-jardins-de-villers\/#article\",\"isPartOf\":{\"@id\":\"https:\/\/www.villers-allerand.fr\/site\/une-nouvelle-association-a-villers-allerand-montchenot-les-jardins-de-villers\/\"},\"author\":{\"name\":\"webmaster\",\"@id\":\"https:\/\/www.villers-allerand.fr\/site\/#\/schema\/person\/4688120b1fdf6f98803340b4cbc38e4b\"},\"headline\":\"Une nouvelle association \u00e0 Villers-Allerand Montchenot : Les Jardins de Villers\",\"datePublished\":\"2021-07-03T13:56:24+00:00\",\"dateModified\":\"2021-07-06T08:32:11+00:00\",\"mainEntityOfPage\":{\"@id\":\"https:\/\/www.villers-allerand.fr\/site\/une-nouvelle-association-a-villers-allerand-montchenot-les-jardins-de-villers\/\"},\"wordCount\":100,\"image\":{\"@id\":\"https:\/\/www.villers-allerand.fr\/site\/une-nouvelle-association-a-villers-allerand-montchenot-les-jardins-de-villers\/#primaryimage\"},\"thumbnailUrl\":\"https:\/\/www.villers-allerand.fr\/site\/wp-content\/uploads\/2020\/11\/Dessin_Jardincollectif-copie.png\",\"keywords\":[\"jardins\",\"jardins participatifs\"],\"articleSection\":[\"Actualit\u00e9s\",\"R\u00e9trospectives 2021\"],\"inLanguage\":\"fr-FR\"},{\"@type\":\"WebPage\",\"@id\":\"https:\/\/www.villers-allerand.fr\/site\/une-nouvelle-association-a-villers-allerand-montchenot-les-jardins-de-villers\/\",\"url\":\"https:\/\/www.villers-allerand.fr\/site\/une-nouvelle-association-a-villers-allerand-montchenot-les-jardins-de-villers\/\",\"name\":\"Une nouvelle association \u00e0 Villers-Allerand Montchenot : Les Jardins de Villers - Mairie de Villers-Allerand - Montchenot\",\"isPartOf\":{\"@id\":\"https:\/\/www.villers-allerand.fr\/site\/#website\"},\"primaryImageOfPage\":{\"@id\":\"https:\/\/www.villers-allerand.fr\/site\/une-nouvelle-association-a-villers-allerand-montchenot-les-jardins-de-villers\/#primaryimage\"},\"image\":{\"@id\":\"https:\/\/www.villers-allerand.fr\/site\/une-nouvelle-association-a-villers-allerand-montchenot-les-jardins-de-villers\/#primaryimage\"},\"thumbnailUrl\":\"https:\/\/www.villers-allerand.fr\/site\/wp-content\/uploads\/2020\/11\/Dessin_Jardincollectif-copie.png\",\"datePublished\":\"2021-07-03T13:56:24+00:00\",\"dateModified\":\"2021-07-06T08:32:11+00:00\",\"author\":{\"@id\":\"https:\/\/www.villers-allerand.fr\/site\/#\/schema\/person\/4688120b1fdf6f98803340b4cbc38e4b\"},\"breadcrumb\":{\"@id\":\"https:\/\/www.villers-allerand.fr\/site\/une-nouvelle-association-a-villers-allerand-montchenot-les-jardins-de-villers\/#breadcrumb\"},\"inLanguage\":\"fr-FR\",\"potentialAction\":[{\"@type\":\"ReadAction\",\"target\":[\"https:\/\/www.villers-allerand.fr\/site\/une-nouvelle-association-a-villers-allerand-montchenot-les-jardins-de-villers\/\"]}]},{\"@type\":\"ImageObject\",\"inLanguage\":\"fr-FR\",\"@id\":\"https:\/\/www.villers-allerand.fr\/site\/une-nouvelle-association-a-villers-allerand-montchenot-les-jardins-de-villers\/#primaryimage\",\"url\":\"https:\/\/www.villers-allerand.fr\/site\/wp-content\/uploads\/2020\/11\/Dessin_Jardincollectif-copie.png\",\"contentUrl\":\"https:\/\/www.villers-allerand.fr\/site\/wp-content\/uploads\/2020\/11\/Dessin_Jardincollectif-copie.png\",\"width\":627,\"height\":841},{\"@type\":\"BreadcrumbList\",\"@id\":\"https:\/\/www.villers-allerand.fr\/site\/une-nouvelle-association-a-villers-allerand-montchenot-les-jardins-de-villers\/#breadcrumb\",\"itemListElement\":[{\"@type\":\"ListItem\",\"position\":1,\"name\":\"Accueil\",\"item\":\"https:\/\/www.villers-allerand.fr\/site\/\"},{\"@type\":\"ListItem\",\"position\":2,\"name\":\"Une nouvelle association \u00e0 Villers-Allerand Montchenot : Les Jardins de Villers\"}]},{\"@type\":\"WebSite\",\"@id\":\"https:\/\/www.villers-allerand.fr\/site\/#website\",\"url\":\"https:\/\/www.villers-allerand.fr\/site\/\",\"name\":\"Mairie de Villers-Allerand - Montchenot\",\"description\":\"Site Officiel de la Mairie\",\"potentialAction\":[{\"@type\":\"SearchAction\",\"target\":{\"@type\":\"EntryPoint\",\"urlTemplate\":\"https:\/\/www.villers-allerand.fr\/site\/?s={search_term_string}\"},\"query-input\":{\"@type\":\"PropertyValueSpecification\",\"valueRequired\":true,\"valueName\":\"search_term_string\"}}],\"inLanguage\":\"fr-FR\"},{\"@type\":\"Person\",\"@id\":\"https:\/\/www.villers-allerand.fr\/site\/#\/schema\/person\/4688120b1fdf6f98803340b4cbc38e4b\",\"name\":\"webmaster\",\"image\":{\"@type\":\"ImageObject\",\"inLanguage\":\"fr-FR\",\"@id\":\"https:\/\/www.villers-allerand.fr\/site\/#\/schema\/person\/image\/\",\"url\":\"https:\/\/secure.gravatar.com\/avatar\/7ae33595ea8568e0c28d34997e54608e?s=96&d=mm&r=g\",\"contentUrl\":\"https:\/\/secure.gravatar.com\/avatar\/7ae33595ea8568e0c28d34997e54608e?s=96&d=mm&r=g\",\"caption\":\"webmaster\"}}]}<\/script>\n<!-- \/ Yoast SEO plugin. -->","yoast_head_json":{"title":"Une nouvelle association \u00e0 Villers-Allerand Montchenot : Les Jardins de Villers - Mairie de Villers-Allerand - Montchenot","robots":{"index":"index","follow":"follow","max-snippet":"max-snippet:-1","max-image-preview":"max-image-preview:large","max-video-preview":"max-video-preview:-1"},"canonical":"https:\/\/www.villers-allerand.fr\/site\/une-nouvelle-association-a-villers-allerand-montchenot-les-jardins-de-villers\/","og_locale":"fr_FR","og_type":"article","og_title":"Une nouvelle association \u00e0 Villers-Allerand Montchenot : Les Jardins de Villers - Mairie de Villers-Allerand - Montchenot","og_description":"Les nouveaux jardiniers s\u2019activent pour am\u00e9nager le terrain mis \u00e0 disposition par la commune au sein du nouvel espace plein air. Ces jardins partag\u00e9s accueilleront les premi\u00e8res cultures au printemps prochain. Cela vous tente de d\u00e9couvrir de nouvelles pratiques de permaculture\u00a0? De passer de bons moments en plein air\u00a0? De faire la connaissance d\u2019autres villageois\u00a0? Alors, [&hellip;]","og_url":"https:\/\/www.villers-allerand.fr\/site\/une-nouvelle-association-a-villers-allerand-montchenot-les-jardins-de-villers\/","og_site_name":"Mairie de Villers-Allerand - Montchenot","article_published_time":"2021-07-03T13:56:24+00:00","article_modified_time":"2021-07-06T08:32:11+00:00","og_image":[{"width":627,"height":841,"url":"https:\/\/www.villers-allerand.fr\/site\/wp-content\/uploads\/2020\/11\/Dessin_Jardincollectif-copie.png","type":"image\/png"}],"author":"webmaster","twitter_card":"summary_large_image","twitter_misc":{"\u00c9crit par":"webmaster"},"schema":{"@context":"https:\/\/schema.org","@graph":[{"@type":"Article","@id":"https:\/\/www.villers-allerand.fr\/site\/une-nouvelle-association-a-villers-allerand-montchenot-les-jardins-de-villers\/#article","isPartOf":{"@id":"https:\/\/www.villers-allerand.fr\/site\/une-nouvelle-association-a-villers-allerand-montchenot-les-jardins-de-villers\/"},"author":{"name":"webmaster","@id":"https:\/\/www.villers-allerand.fr\/site\/#\/schema\/person\/4688120b1fdf6f98803340b4cbc38e4b"},"headline":"Une nouvelle association \u00e0 Villers-Allerand Montchenot : Les Jardins de Villers","datePublished":"2021-07-03T13:56:24+00:00","dateModified":"2021-07-06T08:32:11+00:00","mainEntityOfPage":{"@id":"https:\/\/www.villers-allerand.fr\/site\/une-nouvelle-association-a-villers-allerand-montchenot-les-jardins-de-villers\/"},"wordCount":100,"image":{"@id":"https:\/\/www.villers-allerand.fr\/site\/une-nouvelle-association-a-villers-allerand-montchenot-les-jardins-de-villers\/#primaryimage"},"thumbnailUrl":"https:\/\/www.villers-allerand.fr\/site\/wp-content\/uploads\/2020\/11\/Dessin_Jardincollectif-copie.png","keywords":["jardins","jardins participatifs"],"articleSection":["Actualit\u00e9s","R\u00e9trospectives 2021"],"inLanguage":"fr-FR"},{"@type":"WebPage","@id":"https:\/\/www.villers-allerand.fr\/site\/une-nouvelle-association-a-villers-allerand-montchenot-les-jardins-de-villers\/","url":"https:\/\/www.villers-allerand.fr\/site\/une-nouvelle-association-a-villers-allerand-montchenot-les-jardins-de-villers\/","name":"Une nouvelle association \u00e0 Villers-Allerand Montchenot : Les Jardins de Villers - Mairie de Villers-Allerand - Montchenot","isPartOf":{"@id":"https:\/\/www.villers-allerand.fr\/site\/#website"},"primaryImageOfPage":{"@id":"https:\/\/www.villers-allerand.fr\/site\/une-nouvelle-association-a-villers-allerand-montchenot-les-jardins-de-villers\/#primaryimage"},"image":{"@id":"https:\/\/www.villers-allerand.fr\/site\/une-nouvelle-association-a-villers-allerand-montchenot-les-jardins-de-villers\/#primaryimage"},"thumbnailUrl":"https:\/\/www.villers-allerand.fr\/site\/wp-content\/uploads\/2020\/11\/Dessin_Jardincollectif-copie.png","datePublished":"2021-07-03T13:56:24+00:00","dateModified":"2021-07-06T08:32:11+00:00","author":{"@id":"https:\/\/www.villers-allerand.fr\/site\/#\/schema\/person\/4688120b1fdf6f98803340b4cbc38e4b"},"breadcrumb":{"@id":"https:\/\/www.villers-allerand.fr\/site\/une-nouvelle-association-a-villers-allerand-montchenot-les-jardins-de-villers\/#breadcrumb"},"inLanguage":"fr-FR","potentialAction":[{"@type":"ReadAction","target":["https:\/\/www.villers-allerand.fr\/site\/une-nouvelle-association-a-villers-allerand-montchenot-les-jardins-de-villers\/"]}]},{"@type":"ImageObject","inLanguage":"fr-FR","@id":"https:\/\/www.villers-allerand.fr\/site\/une-nouvelle-association-a-villers-allerand-montchenot-les-jardins-de-villers\/#primaryimage","url":"https:\/\/www.villers-allerand.fr\/site\/wp-content\/uploads\/2020\/11\/Dessin_Jardincollectif-copie.png","contentUrl":"https:\/\/www.villers-allerand.fr\/site\/wp-content\/uploads\/2020\/11\/Dessin_Jardincollectif-copie.png","width":627,"height":841},{"@type":"BreadcrumbList","@id":"https:\/\/www.villers-allerand.fr\/site\/une-nouvelle-association-a-villers-allerand-montchenot-les-jardins-de-villers\/#breadcrumb","itemListElement":[{"@type":"ListItem","position":1,"name":"Accueil","item":"https:\/\/www.villers-allerand.fr\/site\/"},{"@type":"ListItem","position":2,"name":"Une nouvelle association \u00e0 Villers-Allerand Montchenot : Les Jardins de Villers"}]},{"@type":"WebSite","@id":"https:\/\/www.villers-allerand.fr\/site\/#website","url":"https:\/\/www.villers-allerand.fr\/site\/","name":"Mairie de Villers-Allerand - Montchenot","description":"Site Officiel de la Mairie","potentialAction":[{"@type":"SearchAction","target":{"@type":"EntryPoint","urlTemplate":"https:\/\/www.villers-allerand.fr\/site\/?s={search_term_string}"},"query-input":{"@type":"PropertyValueSpecification","valueRequired":true,"valueName":"search_term_string"}}],"inLanguage":"fr-FR"},{"@type":"Person","@id":"https:\/\/www.villers-allerand.fr\/site\/#\/schema\/person\/4688120b1fdf6f98803340b4cbc38e4b","name":"webmaster","image":{"@type":"ImageObject","inLanguage":"fr-FR","@id":"https:\/\/www.villers-allerand.fr\/site\/#\/schema\/person\/image\/","url":"https:\/\/secure.gravatar.com\/avatar\/7ae33595ea8568e0c28d34997e54608e?s=96&d=mm&r=g","contentUrl":"https:\/\/secure.gravatar.com\/avatar\/7ae33595ea8568e0c28d34997e54608e?s=96&d=mm&r=g","caption":"webmaster"}}]}},"publishpress_future_action":{"enabled":false,"date":"2026-05-09 14:55:41","action":"change-status","newStatus":"draft","terms":[],"taxonomy":"category","extraData":[]},"publishpress_future_workflow_manual_trigger":{"enabledWorkflows":[]},"_links":{"self":[{"href":"https:\/\/www.villers-allerand.fr\/site\/wp-json\/wp\/v2\/posts\/15196","targetHints":{"allow":["GET"]}}],"collection":[{"href":"https:\/\/www.villers-allerand.fr\/site\/wp-json\/wp\/v2\/posts"}],"about":[{"href":"https:\/\/www.villers-allerand.fr\/site\/wp-json\/wp\/v2\/types\/post"}],"author":[{"embeddable":true,"href":"https:\/\/www.villers-allerand.fr\/site\/wp-json\/wp\/v2\/users\/2"}],"replies":[{"embeddable":true,"href":"https:\/\/www.villers-allerand.fr\/site\/wp-json\/wp\/v2\/comments?post=15196"}],"version-history":[{"count":4,"href":"https:\/\/www.villers-allerand.fr\/site\/wp-json\/wp\/v2\/posts\/15196\/revisions"}],"predecessor-version":[{"id":15464,"href":"https:\/\/www.villers-allerand.fr\/site\/wp-json\/wp\/v2\/posts\/15196\/revisions\/15464"}],"wp:featuredmedia":[{"embeddable":true,"href":"https:\/\/www.villers-allerand.fr\/site\/wp-json\/wp\/v2\/media\/15018"}],"wp:attachment":[{"href":"https:\/\/www.villers-allerand.fr\/site\/wp-json\/wp\/v2\/media?parent=15196"}],"wp:term":[{"taxonomy":"category","embeddable":true,"href":"https:\/\/www.villers-allerand.fr\/site\/wp-json\/wp\/v2\/categories?post=15196"},{"taxonomy":"post_tag","embeddable":true,"href":"https:\/\/www.villers-allerand.fr\/site\/wp-json\/wp\/v2\/tags?post=15196"}],"curies":[{"name":"wp","href":"https:\/\/api.w.org\/{rel}","templated":true}]}}