{"id":15620,"date":"2021-11-17T17:32:30","date_gmt":"2021-11-17T16:32:30","guid":{"rendered":"http:\/\/www.villers-allerand.fr\/site\/?p=15620"},"modified":"2021-12-10T17:25:08","modified_gmt":"2021-12-10T16:25:08","slug":"le-ccas-en-visite-a-paris","status":"publish","type":"post","link":"https:\/\/www.villers-allerand.fr\/site\/le-ccas-en-visite-a-paris\/","title":{"rendered":"Le CCAS en visite \u00e0 Paris"},"content":{"rendered":"<h4 style=\"text-align: center;\"><span style=\"color: #800000;\">Retour sur la sortie du CCAS de Villers-Allerand Montchenot le mercredi 10 novembre 2021<\/span><\/h4>\n<p><span style=\"color: #000000;\">Le CCAS<span class=\"Apple-converted-space\">\u00a0 <\/span>nous proposait de partir une journ\u00e9e \u00e0 Paris. 34 d\u2019entre nous ont r\u00e9pondu \u00e0 l\u2019appel. Mais Paris<span class=\"Apple-converted-space\">\u00a0 <\/span>ne se conquiert pas facilement\u00a0!! Nous \u00e9tions le 10 novembre en plein proc\u00e8s des terroristes de l\u2019attentat du Bataclan. La circulation<span class=\"Apple-converted-space\">\u00a0 <\/span>s\u2019en est trouv\u00e9e perturb\u00e9e. C\u2019est peu dire. Le flot de voitures dans les art\u00e8res<span class=\"Apple-converted-space\">\u00a0 <\/span>nous a toutes et tous interpell\u00e9.<span class=\"Apple-converted-space\">\u00a0 <\/span>Avec de la patience nous sommes arriv\u00e9s \u00e0 notre premi\u00e8re halte<span class=\"Apple-converted-space\">\u00a0<\/span>au lieudit de l\u2019\u00c9toile pour une visite guid\u00e9e de l\u2019Arc de Triomphe.<span class=\"Apple-converted-space\">\u00a0<\/span>La place \u00e9tait encombr\u00e9e par les installations<span class=\"Apple-converted-space\">\u00a0 <\/span>du 11 novembre en particulier pour le juste hommage rendu \u00e0 Hubert Germain, dernier compagnon de la Lib\u00e9ration.<span class=\"Apple-converted-space\">\u00a0<\/span>Que ceux et celles qui n\u2019ont pas encore escalad\u00e9 les 280 marches qui m\u00e8nent \u00e0 la terrasse de l\u2019Arc, n\u2019h\u00e9sitent plus \u00e0 faire l\u2019effort<span class=\"Apple-converted-space\">\u00a0<\/span>de venir<span class=\"Apple-converted-space\">\u00a0 <\/span>rencontrer notre impressionnant pass\u00e9 o\u00f9 se m\u00ealent et se c\u00f4toient<span class=\"Apple-converted-space\">\u00a0<\/span>les pr\u00e9sences napol\u00e9oniennes, monarchiques, r\u00e9publicaines<span class=\"Apple-converted-space\">\u00a0 <\/span>et m\u00e9morielles des derni\u00e8res grandes<span class=\"Apple-converted-space\">\u00a0 <\/span>guerres.<\/span><\/p>\n<p><span style=\"color: #000000;\">Apr\u00e8s un repas au Carr\u00e9 des Invalides o\u00f9 Dominique Cocquelet nous accueillait, l\u2019apr\u00e8s midi<span class=\"Apple-converted-space\">\u00a0 <\/span>nous a conduit soit \u00e0 l\u2019Assembl\u00e9e Nationale soit au Mus\u00e9e des Arm\u00e9es, section 14-18.<span class=\"Apple-converted-space\">\u00a0<\/span><\/span><\/p>\n<p><span style=\"color: #000000;\">L\u2019administration de l\u2019Assembl\u00e9e avait inform\u00e9 notre d\u00e9put\u00e9 \u00c9ric Girardin qu\u2019une trentaine de Vilers-Allerandais seraient autoris\u00e9s pour cette promenade guid\u00e9e dans ces prestigieuses salles. Ce fut un magnifique moment<span class=\"Apple-converted-space\">\u00a0 <\/span>o\u00f9 la guide de l\u2019Assembl\u00e9e nous a fait visiter la palais Bourbon et ses pi\u00e8ces les plus c\u00e9l\u00e8bres\u00a0: salle des pas perdus, salle des colonnes, entr\u00e9e de l\u2019 H\u00f4tel de Lassay r\u00e9sidence du Pr\u00e9sident , biblioth\u00e8que et \u00e9galement les jardins qui jouxtent le minist\u00e8re des Affaires \u00e9trang\u00e8res \u201c le quai d\u2019Orsay\u201c. Notre d\u00e9put\u00e9 nous a accompagn\u00e9s au cours de la visite et au moment o\u00f9 nous avons p\u00e9n\u00e9tr\u00e9 dans l\u2019h\u00e9micycle , dans la corniche qui accueille les visiteurs, il est all\u00e9 prendre place \u00e0 son si\u00e8ge de d\u00e9put\u00e9. Visite pleine de symbole puisque le palais Bourbon est le palais des repr\u00e9sentants du peuple \u00e9lus au suffrage universel direct.<\/span><\/p>\n<p><span style=\"color: #000000;\">Le Mus\u00e9e des Arm\u00e9es renferme une tr\u00e8s riche collection<span class=\"Apple-converted-space\">\u00a0 <\/span>sur la guerre 14-18. Dans les salles nous avons retrouv\u00e9<span class=\"Apple-converted-space\">\u00a0 <\/span>avec \u00e9motion, un taxi de la Marne, des collections d\u2019objets, la forte pr\u00e9sence des hommes venus de nos colonies, des photos, des films, des armes, des uniformes color\u00e9s, de multiples casques, des lieux de combat , qui nous ont parl\u00e9 sachant que nous sommes confront\u00e9s dans notre R\u00e9gion<span class=\"Apple-converted-space\">\u00a0 <\/span>en permanence avec cette guerre.<span class=\"Apple-converted-space\">\u00a0 <\/span>Merci \u00e0 l\u2019historien Patrick Le Barzic d\u2019avoir tenu la fonction de guide b\u00e9n\u00e9vole.<\/span><\/p>\n<p><span style=\"color: #000000;\">Ce fut une journ\u00e9e conviviale et bien remplie sur un<span class=\"Apple-converted-space\">\u00a0 <\/span>th\u00e8me de mois de novembre alliant pour notre plaisir, m\u00e9moire et d\u00e9mocratie. La route du retour fut toute aussi encombr\u00e9e que celle de l\u2019aller mais la satisfaction des participants \u00e0 la descente de<span class=\"Apple-converted-space\">\u00a0 <\/span>l\u2019autobus<span class=\"Apple-converted-space\">\u00a0 <\/span>faisait oublier ces quelques d\u00e9sagr\u00e9ments.<\/span><\/p>\n\n\t\t<style type=\"text\/css\">\n\t\t\t#gallery-1 {\n\t\t\t\tmargin: auto;\n\t\t\t}\n\t\t\t#gallery-1 .gallery-item {\n\t\t\t\tfloat: left;\n\t\t\t\tmargin-top: 10px;\n\t\t\t\ttext-align: center;\n\t\t\t\twidth: 33%;\n\t\t\t}\n\t\t\t#gallery-1 img {\n\t\t\t\tborder: 2px solid #cfcfcf;\n\t\t\t}\n\t\t\t#gallery-1 .gallery-caption {\n\t\t\t\tmargin-left: 0;\n\t\t\t}\n\t\t\t\/* see gallery_shortcode() in wp-includes\/media.php *\/\n\t\t<\/style>\n\t\t<div id='gallery-1' class='gallery galleryid-15620 gallery-columns-3 gallery-size-medium'><dl class='gallery-item'>\n\t\t\t<dt class='gallery-icon landscape'>\n\t\t\t\t<a data-rel=\"iLightbox[postimages]\" data-title=\"DSC_3616\" data-caption=\"\" href='https:\/\/www.villers-allerand.fr\/site\/le-ccas-en-visite-a-paris\/dsc_3616\/'><img loading=\"lazy\" decoding=\"async\" width=\"300\" height=\"199\" src=\"https:\/\/www.villers-allerand.fr\/site\/wp-content\/uploads\/2021\/11\/DSC_3616-300x199.jpeg\" class=\"attachment-medium size-medium\" alt=\"\" srcset=\"https:\/\/www.villers-allerand.fr\/site\/wp-content\/uploads\/2021\/11\/DSC_3616-200x133.jpeg 200w, https:\/\/www.villers-allerand.fr\/site\/wp-content\/uploads\/2021\/11\/DSC_3616-300x199.jpeg 300w, https:\/\/www.villers-allerand.fr\/site\/wp-content\/uploads\/2021\/11\/DSC_3616-400x265.jpeg 400w, https:\/\/www.villers-allerand.fr\/site\/wp-content\/uploads\/2021\/11\/DSC_3616-600x398.jpeg 600w, https:\/\/www.villers-allerand.fr\/site\/wp-content\/uploads\/2021\/11\/DSC_3616-768x509.jpeg 768w, https:\/\/www.villers-allerand.fr\/site\/wp-content\/uploads\/2021\/11\/DSC_3616-800x530.jpeg 800w, https:\/\/www.villers-allerand.fr\/site\/wp-content\/uploads\/2021\/11\/DSC_3616-1024x678.jpeg 1024w, https:\/\/www.villers-allerand.fr\/site\/wp-content\/uploads\/2021\/11\/DSC_3616-1200x795.jpeg 1200w, https:\/\/www.villers-allerand.fr\/site\/wp-content\/uploads\/2021\/11\/DSC_3616.jpeg 1280w\" sizes=\"auto, (max-width: 300px) 100vw, 300px\" \/><\/a>\n\t\t\t<\/dt><\/dl><dl class='gallery-item'>\n\t\t\t<dt class='gallery-icon landscape'>\n\t\t\t\t<a data-rel=\"iLightbox[postimages]\" data-title=\"DSC_3605\" data-caption=\"\" href='https:\/\/www.villers-allerand.fr\/site\/le-ccas-en-visite-a-paris\/dsc_3605\/'><img loading=\"lazy\" decoding=\"async\" width=\"300\" height=\"199\" src=\"https:\/\/www.villers-allerand.fr\/site\/wp-content\/uploads\/2021\/11\/DSC_3605-300x199.jpeg\" class=\"attachment-medium size-medium\" alt=\"\" srcset=\"https:\/\/www.villers-allerand.fr\/site\/wp-content\/uploads\/2021\/11\/DSC_3605-200x133.jpeg 200w, https:\/\/www.villers-allerand.fr\/site\/wp-content\/uploads\/2021\/11\/DSC_3605-300x199.jpeg 300w, https:\/\/www.villers-allerand.fr\/site\/wp-content\/uploads\/2021\/11\/DSC_3605-400x265.jpeg 400w, https:\/\/www.villers-allerand.fr\/site\/wp-content\/uploads\/2021\/11\/DSC_3605-600x398.jpeg 600w, https:\/\/www.villers-allerand.fr\/site\/wp-content\/uploads\/2021\/11\/DSC_3605-768x509.jpeg 768w, https:\/\/www.villers-allerand.fr\/site\/wp-content\/uploads\/2021\/11\/DSC_3605-800x530.jpeg 800w, https:\/\/www.villers-allerand.fr\/site\/wp-content\/uploads\/2021\/11\/DSC_3605-1024x678.jpeg 1024w, https:\/\/www.villers-allerand.fr\/site\/wp-content\/uploads\/2021\/11\/DSC_3605-1200x795.jpeg 1200w, https:\/\/www.villers-allerand.fr\/site\/wp-content\/uploads\/2021\/11\/DSC_3605.jpeg 1280w\" sizes=\"auto, (max-width: 300px) 100vw, 300px\" \/><\/a>\n\t\t\t<\/dt><\/dl><dl class='gallery-item'>\n\t\t\t<dt class='gallery-icon landscape'>\n\t\t\t\t<a data-rel=\"iLightbox[postimages]\" data-title=\"DSC_3609 (1)\" data-caption=\"\" href='https:\/\/www.villers-allerand.fr\/site\/le-ccas-en-visite-a-paris\/dsc_3609-1\/'><img loading=\"lazy\" decoding=\"async\" width=\"300\" height=\"199\" src=\"https:\/\/www.villers-allerand.fr\/site\/wp-content\/uploads\/2021\/11\/DSC_3609-1-300x199.jpeg\" class=\"attachment-medium size-medium\" alt=\"\" srcset=\"https:\/\/www.villers-allerand.fr\/site\/wp-content\/uploads\/2021\/11\/DSC_3609-1-200x133.jpeg 200w, https:\/\/www.villers-allerand.fr\/site\/wp-content\/uploads\/2021\/11\/DSC_3609-1-300x199.jpeg 300w, https:\/\/www.villers-allerand.fr\/site\/wp-content\/uploads\/2021\/11\/DSC_3609-1-400x265.jpeg 400w, https:\/\/www.villers-allerand.fr\/site\/wp-content\/uploads\/2021\/11\/DSC_3609-1-600x398.jpeg 600w, https:\/\/www.villers-allerand.fr\/site\/wp-content\/uploads\/2021\/11\/DSC_3609-1-768x509.jpeg 768w, https:\/\/www.villers-allerand.fr\/site\/wp-content\/uploads\/2021\/11\/DSC_3609-1-800x530.jpeg 800w, https:\/\/www.villers-allerand.fr\/site\/wp-content\/uploads\/2021\/11\/DSC_3609-1-1024x678.jpeg 1024w, https:\/\/www.villers-allerand.fr\/site\/wp-content\/uploads\/2021\/11\/DSC_3609-1-1200x795.jpeg 1200w, https:\/\/www.villers-allerand.fr\/site\/wp-content\/uploads\/2021\/11\/DSC_3609-1.jpeg 1280w\" sizes=\"auto, (max-width: 300px) 100vw, 300px\" \/><\/a>\n\t\t\t<\/dt><\/dl><br style=\"clear: both\" \/><dl class='gallery-item'>\n\t\t\t<dt class='gallery-icon landscape'>\n\t\t\t\t<a data-rel=\"iLightbox[postimages]\" data-title=\"DSC_3617\" data-caption=\"\" href='https:\/\/www.villers-allerand.fr\/site\/le-ccas-en-visite-a-paris\/dsc_3617\/'><img loading=\"lazy\" decoding=\"async\" width=\"300\" height=\"199\" src=\"https:\/\/www.villers-allerand.fr\/site\/wp-content\/uploads\/2021\/11\/DSC_3617-300x199.jpeg\" class=\"attachment-medium size-medium\" alt=\"\" srcset=\"https:\/\/www.villers-allerand.fr\/site\/wp-content\/uploads\/2021\/11\/DSC_3617-200x133.jpeg 200w, https:\/\/www.villers-allerand.fr\/site\/wp-content\/uploads\/2021\/11\/DSC_3617-300x199.jpeg 300w, https:\/\/www.villers-allerand.fr\/site\/wp-content\/uploads\/2021\/11\/DSC_3617-400x265.jpeg 400w, https:\/\/www.villers-allerand.fr\/site\/wp-content\/uploads\/2021\/11\/DSC_3617-600x398.jpeg 600w, https:\/\/www.villers-allerand.fr\/site\/wp-content\/uploads\/2021\/11\/DSC_3617-768x509.jpeg 768w, https:\/\/www.villers-allerand.fr\/site\/wp-content\/uploads\/2021\/11\/DSC_3617-800x530.jpeg 800w, https:\/\/www.villers-allerand.fr\/site\/wp-content\/uploads\/2021\/11\/DSC_3617-1024x678.jpeg 1024w, https:\/\/www.villers-allerand.fr\/site\/wp-content\/uploads\/2021\/11\/DSC_3617-1200x795.jpeg 1200w, https:\/\/www.villers-allerand.fr\/site\/wp-content\/uploads\/2021\/11\/DSC_3617.jpeg 1280w\" sizes=\"auto, (max-width: 300px) 100vw, 300px\" \/><\/a>\n\t\t\t<\/dt><\/dl><dl class='gallery-item'>\n\t\t\t<dt class='gallery-icon landscape'>\n\t\t\t\t<a data-rel=\"iLightbox[postimages]\" data-title=\"DSC_3619 (1)\" data-caption=\"\" href='https:\/\/www.villers-allerand.fr\/site\/le-ccas-en-visite-a-paris\/dsc_3619-1\/'><img loading=\"lazy\" decoding=\"async\" width=\"300\" height=\"199\" src=\"https:\/\/www.villers-allerand.fr\/site\/wp-content\/uploads\/2021\/11\/DSC_3619-1-300x199.jpeg\" class=\"attachment-medium size-medium\" alt=\"\" srcset=\"https:\/\/www.villers-allerand.fr\/site\/wp-content\/uploads\/2021\/11\/DSC_3619-1-200x133.jpeg 200w, https:\/\/www.villers-allerand.fr\/site\/wp-content\/uploads\/2021\/11\/DSC_3619-1-300x199.jpeg 300w, https:\/\/www.villers-allerand.fr\/site\/wp-content\/uploads\/2021\/11\/DSC_3619-1-400x265.jpeg 400w, https:\/\/www.villers-allerand.fr\/site\/wp-content\/uploads\/2021\/11\/DSC_3619-1-600x398.jpeg 600w, https:\/\/www.villers-allerand.fr\/site\/wp-content\/uploads\/2021\/11\/DSC_3619-1-768x509.jpeg 768w, https:\/\/www.villers-allerand.fr\/site\/wp-content\/uploads\/2021\/11\/DSC_3619-1-800x530.jpeg 800w, https:\/\/www.villers-allerand.fr\/site\/wp-content\/uploads\/2021\/11\/DSC_3619-1-1024x678.jpeg 1024w, https:\/\/www.villers-allerand.fr\/site\/wp-content\/uploads\/2021\/11\/DSC_3619-1-1200x795.jpeg 1200w, https:\/\/www.villers-allerand.fr\/site\/wp-content\/uploads\/2021\/11\/DSC_3619-1.jpeg 1280w\" sizes=\"auto, (max-width: 300px) 100vw, 300px\" \/><\/a>\n\t\t\t<\/dt><\/dl><dl class='gallery-item'>\n\t\t\t<dt class='gallery-icon landscape'>\n\t\t\t\t<a data-rel=\"iLightbox[postimages]\" data-title=\"DSC_3623 (2)\" data-caption=\"\" href='https:\/\/www.villers-allerand.fr\/site\/le-ccas-en-visite-a-paris\/dsc_3623-2\/'><img loading=\"lazy\" decoding=\"async\" width=\"300\" height=\"199\" src=\"https:\/\/www.villers-allerand.fr\/site\/wp-content\/uploads\/2021\/11\/DSC_3623-2-300x199.jpeg\" class=\"attachment-medium size-medium\" alt=\"\" srcset=\"https:\/\/www.villers-allerand.fr\/site\/wp-content\/uploads\/2021\/11\/DSC_3623-2-200x133.jpeg 200w, https:\/\/www.villers-allerand.fr\/site\/wp-content\/uploads\/2021\/11\/DSC_3623-2-300x199.jpeg 300w, https:\/\/www.villers-allerand.fr\/site\/wp-content\/uploads\/2021\/11\/DSC_3623-2-400x265.jpeg 400w, https:\/\/www.villers-allerand.fr\/site\/wp-content\/uploads\/2021\/11\/DSC_3623-2-600x398.jpeg 600w, https:\/\/www.villers-allerand.fr\/site\/wp-content\/uploads\/2021\/11\/DSC_3623-2-768x509.jpeg 768w, https:\/\/www.villers-allerand.fr\/site\/wp-content\/uploads\/2021\/11\/DSC_3623-2-800x530.jpeg 800w, https:\/\/www.villers-allerand.fr\/site\/wp-content\/uploads\/2021\/11\/DSC_3623-2-1024x678.jpeg 1024w, https:\/\/www.villers-allerand.fr\/site\/wp-content\/uploads\/2021\/11\/DSC_3623-2-1200x795.jpeg 1200w, https:\/\/www.villers-allerand.fr\/site\/wp-content\/uploads\/2021\/11\/DSC_3623-2.jpeg 1280w\" sizes=\"auto, (max-width: 300px) 100vw, 300px\" \/><\/a>\n\t\t\t<\/dt><\/dl><br style=\"clear: both\" \/><dl class='gallery-item'>\n\t\t\t<dt class='gallery-icon landscape'>\n\t\t\t\t<a data-rel=\"iLightbox[postimages]\" data-title=\"DSC_3629\" data-caption=\"\" href='https:\/\/www.villers-allerand.fr\/site\/le-ccas-en-visite-a-paris\/dsc_3629\/'><img loading=\"lazy\" decoding=\"async\" width=\"300\" height=\"199\" src=\"https:\/\/www.villers-allerand.fr\/site\/wp-content\/uploads\/2021\/11\/DSC_3629-300x199.jpeg\" class=\"attachment-medium size-medium\" alt=\"\" srcset=\"https:\/\/www.villers-allerand.fr\/site\/wp-content\/uploads\/2021\/11\/DSC_3629-200x133.jpeg 200w, https:\/\/www.villers-allerand.fr\/site\/wp-content\/uploads\/2021\/11\/DSC_3629-300x199.jpeg 300w, https:\/\/www.villers-allerand.fr\/site\/wp-content\/uploads\/2021\/11\/DSC_3629-400x265.jpeg 400w, https:\/\/www.villers-allerand.fr\/site\/wp-content\/uploads\/2021\/11\/DSC_3629-600x398.jpeg 600w, https:\/\/www.villers-allerand.fr\/site\/wp-content\/uploads\/2021\/11\/DSC_3629-768x509.jpeg 768w, https:\/\/www.villers-allerand.fr\/site\/wp-content\/uploads\/2021\/11\/DSC_3629-800x530.jpeg 800w, https:\/\/www.villers-allerand.fr\/site\/wp-content\/uploads\/2021\/11\/DSC_3629-1024x678.jpeg 1024w, https:\/\/www.villers-allerand.fr\/site\/wp-content\/uploads\/2021\/11\/DSC_3629-1200x795.jpeg 1200w, https:\/\/www.villers-allerand.fr\/site\/wp-content\/uploads\/2021\/11\/DSC_3629.jpeg 1280w\" sizes=\"auto, (max-width: 300px) 100vw, 300px\" \/><\/a>\n\t\t\t<\/dt><\/dl><dl class='gallery-item'>\n\t\t\t<dt class='gallery-icon landscape'>\n\t\t\t\t<a data-rel=\"iLightbox[postimages]\" data-title=\"DSC_3632 (3)\" data-caption=\"\" href='https:\/\/www.villers-allerand.fr\/site\/le-ccas-en-visite-a-paris\/dsc_3632-3\/'><img loading=\"lazy\" decoding=\"async\" width=\"300\" height=\"164\" src=\"https:\/\/www.villers-allerand.fr\/site\/wp-content\/uploads\/2021\/11\/DSC_3632-3-300x164.jpeg\" class=\"attachment-medium size-medium\" alt=\"\" srcset=\"https:\/\/www.villers-allerand.fr\/site\/wp-content\/uploads\/2021\/11\/DSC_3632-3-200x109.jpeg 200w, https:\/\/www.villers-allerand.fr\/site\/wp-content\/uploads\/2021\/11\/DSC_3632-3-300x164.jpeg 300w, https:\/\/www.villers-allerand.fr\/site\/wp-content\/uploads\/2021\/11\/DSC_3632-3-400x219.jpeg 400w, https:\/\/www.villers-allerand.fr\/site\/wp-content\/uploads\/2021\/11\/DSC_3632-3-600x328.jpeg 600w, https:\/\/www.villers-allerand.fr\/site\/wp-content\/uploads\/2021\/11\/DSC_3632-3-768x420.jpeg 768w, https:\/\/www.villers-allerand.fr\/site\/wp-content\/uploads\/2021\/11\/DSC_3632-3-800x438.jpeg 800w, https:\/\/www.villers-allerand.fr\/site\/wp-content\/uploads\/2021\/11\/DSC_3632-3-1024x560.jpeg 1024w, https:\/\/www.villers-allerand.fr\/site\/wp-content\/uploads\/2021\/11\/DSC_3632-3-1200x656.jpeg 1200w, https:\/\/www.villers-allerand.fr\/site\/wp-content\/uploads\/2021\/11\/DSC_3632-3.jpeg 1280w\" sizes=\"auto, (max-width: 300px) 100vw, 300px\" \/><\/a>\n\t\t\t<\/dt><\/dl><dl class='gallery-item'>\n\t\t\t<dt class='gallery-icon landscape'>\n\t\t\t\t<a data-rel=\"iLightbox[postimages]\" data-title=\"DSC_3644 (2)\" data-caption=\"\" href='https:\/\/www.villers-allerand.fr\/site\/le-ccas-en-visite-a-paris\/dsc_3644-2\/'><img loading=\"lazy\" decoding=\"async\" width=\"300\" height=\"199\" src=\"https:\/\/www.villers-allerand.fr\/site\/wp-content\/uploads\/2021\/11\/DSC_3644-2-300x199.jpeg\" class=\"attachment-medium size-medium\" alt=\"\" srcset=\"https:\/\/www.villers-allerand.fr\/site\/wp-content\/uploads\/2021\/11\/DSC_3644-2-200x133.jpeg 200w, https:\/\/www.villers-allerand.fr\/site\/wp-content\/uploads\/2021\/11\/DSC_3644-2-300x199.jpeg 300w, https:\/\/www.villers-allerand.fr\/site\/wp-content\/uploads\/2021\/11\/DSC_3644-2-400x265.jpeg 400w, https:\/\/www.villers-allerand.fr\/site\/wp-content\/uploads\/2021\/11\/DSC_3644-2-600x398.jpeg 600w, https:\/\/www.villers-allerand.fr\/site\/wp-content\/uploads\/2021\/11\/DSC_3644-2-768x509.jpeg 768w, https:\/\/www.villers-allerand.fr\/site\/wp-content\/uploads\/2021\/11\/DSC_3644-2-800x530.jpeg 800w, https:\/\/www.villers-allerand.fr\/site\/wp-content\/uploads\/2021\/11\/DSC_3644-2-1024x678.jpeg 1024w, https:\/\/www.villers-allerand.fr\/site\/wp-content\/uploads\/2021\/11\/DSC_3644-2-1200x795.jpeg 1200w, https:\/\/www.villers-allerand.fr\/site\/wp-content\/uploads\/2021\/11\/DSC_3644-2.jpeg 1280w\" sizes=\"auto, (max-width: 300px) 100vw, 300px\" \/><\/a>\n\t\t\t<\/dt><\/dl><br style=\"clear: both\" \/><dl class='gallery-item'>\n\t\t\t<dt class='gallery-icon portrait'>\n\t\t\t\t<a data-rel=\"iLightbox[postimages]\" data-title=\"DSC_3648\" data-caption=\"\" href='https:\/\/www.villers-allerand.fr\/site\/le-ccas-en-visite-a-paris\/dsc_3648\/'><img loading=\"lazy\" decoding=\"async\" width=\"200\" height=\"300\" src=\"https:\/\/www.villers-allerand.fr\/site\/wp-content\/uploads\/2021\/11\/DSC_3648-200x300.jpeg\" class=\"attachment-medium size-medium\" alt=\"\" srcset=\"https:\/\/www.villers-allerand.fr\/site\/wp-content\/uploads\/2021\/11\/DSC_3648-200x300.jpeg 200w, https:\/\/www.villers-allerand.fr\/site\/wp-content\/uploads\/2021\/11\/DSC_3648-400x601.jpeg 400w, https:\/\/www.villers-allerand.fr\/site\/wp-content\/uploads\/2021\/11\/DSC_3648-600x901.jpeg 600w, https:\/\/www.villers-allerand.fr\/site\/wp-content\/uploads\/2021\/11\/DSC_3648-682x1024.jpeg 682w, https:\/\/www.villers-allerand.fr\/site\/wp-content\/uploads\/2021\/11\/DSC_3648-768x1154.jpeg 768w, https:\/\/www.villers-allerand.fr\/site\/wp-content\/uploads\/2021\/11\/DSC_3648-800x1202.jpeg 800w, https:\/\/www.villers-allerand.fr\/site\/wp-content\/uploads\/2021\/11\/DSC_3648.jpeg 852w\" sizes=\"auto, (max-width: 200px) 100vw, 200px\" \/><\/a>\n\t\t\t<\/dt><\/dl>\n\t\t\t<br style='clear: both' \/>\n\t\t<\/div>\n\n<p><span class=\"Apple-converted-space\" style=\"color: #000000;\">\u00a0<\/span><\/p>\n","protected":false},"excerpt":{"rendered":"<p>Retour sur la sortie du CCAS de Villers-Allerand Montchenot le mercredi 10 novembre 2021 Le CCAS\u00a0 nous proposait de partir une journ\u00e9e \u00e0 Paris. 34 d\u2019entre nous ont r\u00e9pondu \u00e0 l\u2019appel. Mais Paris\u00a0 ne se conquiert pas facilement\u00a0!! Nous \u00e9tions le 10 novembre en plein proc\u00e8s des terroristes de l\u2019attentat du Bataclan. La circulation\u00a0 s\u2019en est [&hellip;]<\/p>\n","protected":false},"author":2,"featured_media":15622,"comment_status":"closed","ping_status":"closed","sticky":false,"template":"","format":"standard","meta":{"footnotes":""},"categories":[367],"tags":[140],"class_list":["post-15620","post","type-post","status-publish","format-standard","has-post-thumbnail","hentry","category-retrospectives-2021","tag-ccas"],"yoast_head":"<!-- This site is optimized with the Yoast SEO plugin v26.8 - https:\/\/yoast.com\/product\/yoast-seo-wordpress\/ -->\n<title>Le CCAS en visite \u00e0 Paris - Mairie de Villers-Allerand - Montchenot<\/title>\n<meta name=\"robots\" content=\"index, follow, max-snippet:-1, max-image-preview:large, max-video-preview:-1\" \/>\n<link rel=\"canonical\" href=\"https:\/\/www.villers-allerand.fr\/site\/le-ccas-en-visite-a-paris\/\" \/>\n<meta property=\"og:locale\" content=\"fr_FR\" \/>\n<meta property=\"og:type\" content=\"article\" \/>\n<meta property=\"og:title\" content=\"Le CCAS en visite \u00e0 Paris - Mairie de Villers-Allerand - Montchenot\" \/>\n<meta property=\"og:description\" content=\"Retour sur la sortie du CCAS de Villers-Allerand Montchenot le mercredi 10 novembre 2021 Le CCAS\u00a0 nous proposait de partir une journ\u00e9e \u00e0 Paris. 34 d\u2019entre nous ont r\u00e9pondu \u00e0 l\u2019appel. Mais Paris\u00a0 ne se conquiert pas facilement\u00a0!! Nous \u00e9tions le 10 novembre en plein proc\u00e8s des terroristes de l\u2019attentat du Bataclan. La circulation\u00a0 s\u2019en est [&hellip;]\" \/>\n<meta property=\"og:url\" content=\"https:\/\/www.villers-allerand.fr\/site\/le-ccas-en-visite-a-paris\/\" \/>\n<meta property=\"og:site_name\" content=\"Mairie de Villers-Allerand - Montchenot\" \/>\n<meta property=\"article:published_time\" content=\"2021-11-17T16:32:30+00:00\" \/>\n<meta property=\"article:modified_time\" content=\"2021-12-10T16:25:08+00:00\" \/>\n<meta property=\"og:image\" content=\"https:\/\/www.villers-allerand.fr\/site\/wp-content\/uploads\/2021\/11\/DSC_3609-1.jpeg\" \/>\n\t<meta property=\"og:image:width\" content=\"1280\" \/>\n\t<meta property=\"og:image:height\" content=\"848\" \/>\n\t<meta property=\"og:image:type\" content=\"image\/jpeg\" \/>\n<meta name=\"author\" content=\"webmaster\" \/>\n<meta name=\"twitter:card\" content=\"summary_large_image\" \/>\n<meta name=\"twitter:label1\" content=\"\u00c9crit par\" \/>\n\t<meta name=\"twitter:data1\" content=\"webmaster\" \/>\n\t<meta name=\"twitter:label2\" content=\"Dur\u00e9e de lecture estim\u00e9e\" \/>\n\t<meta name=\"twitter:data2\" content=\"3 minutes\" \/>\n<script type=\"application\/ld+json\" class=\"yoast-schema-graph\">{\"@context\":\"https:\/\/schema.org\",\"@graph\":[{\"@type\":\"Article\",\"@id\":\"https:\/\/www.villers-allerand.fr\/site\/le-ccas-en-visite-a-paris\/#article\",\"isPartOf\":{\"@id\":\"https:\/\/www.villers-allerand.fr\/site\/le-ccas-en-visite-a-paris\/\"},\"author\":{\"name\":\"webmaster\",\"@id\":\"https:\/\/www.villers-allerand.fr\/site\/#\/schema\/person\/4688120b1fdf6f98803340b4cbc38e4b\"},\"headline\":\"Le CCAS en visite \u00e0 Paris\",\"datePublished\":\"2021-11-17T16:32:30+00:00\",\"dateModified\":\"2021-12-10T16:25:08+00:00\",\"mainEntityOfPage\":{\"@id\":\"https:\/\/www.villers-allerand.fr\/site\/le-ccas-en-visite-a-paris\/\"},\"wordCount\":544,\"image\":{\"@id\":\"https:\/\/www.villers-allerand.fr\/site\/le-ccas-en-visite-a-paris\/#primaryimage\"},\"thumbnailUrl\":\"https:\/\/www.villers-allerand.fr\/site\/wp-content\/uploads\/2021\/11\/DSC_3609-1.jpeg\",\"keywords\":[\"CCAS\"],\"articleSection\":[\"R\u00e9trospectives 2021\"],\"inLanguage\":\"fr-FR\"},{\"@type\":\"WebPage\",\"@id\":\"https:\/\/www.villers-allerand.fr\/site\/le-ccas-en-visite-a-paris\/\",\"url\":\"https:\/\/www.villers-allerand.fr\/site\/le-ccas-en-visite-a-paris\/\",\"name\":\"Le CCAS en visite \u00e0 Paris - Mairie de Villers-Allerand - Montchenot\",\"isPartOf\":{\"@id\":\"https:\/\/www.villers-allerand.fr\/site\/#website\"},\"primaryImageOfPage\":{\"@id\":\"https:\/\/www.villers-allerand.fr\/site\/le-ccas-en-visite-a-paris\/#primaryimage\"},\"image\":{\"@id\":\"https:\/\/www.villers-allerand.fr\/site\/le-ccas-en-visite-a-paris\/#primaryimage\"},\"thumbnailUrl\":\"https:\/\/www.villers-allerand.fr\/site\/wp-content\/uploads\/2021\/11\/DSC_3609-1.jpeg\",\"datePublished\":\"2021-11-17T16:32:30+00:00\",\"dateModified\":\"2021-12-10T16:25:08+00:00\",\"author\":{\"@id\":\"https:\/\/www.villers-allerand.fr\/site\/#\/schema\/person\/4688120b1fdf6f98803340b4cbc38e4b\"},\"breadcrumb\":{\"@id\":\"https:\/\/www.villers-allerand.fr\/site\/le-ccas-en-visite-a-paris\/#breadcrumb\"},\"inLanguage\":\"fr-FR\",\"potentialAction\":[{\"@type\":\"ReadAction\",\"target\":[\"https:\/\/www.villers-allerand.fr\/site\/le-ccas-en-visite-a-paris\/\"]}]},{\"@type\":\"ImageObject\",\"inLanguage\":\"fr-FR\",\"@id\":\"https:\/\/www.villers-allerand.fr\/site\/le-ccas-en-visite-a-paris\/#primaryimage\",\"url\":\"https:\/\/www.villers-allerand.fr\/site\/wp-content\/uploads\/2021\/11\/DSC_3609-1.jpeg\",\"contentUrl\":\"https:\/\/www.villers-allerand.fr\/site\/wp-content\/uploads\/2021\/11\/DSC_3609-1.jpeg\",\"width\":1280,\"height\":848},{\"@type\":\"BreadcrumbList\",\"@id\":\"https:\/\/www.villers-allerand.fr\/site\/le-ccas-en-visite-a-paris\/#breadcrumb\",\"itemListElement\":[{\"@type\":\"ListItem\",\"position\":1,\"name\":\"Accueil\",\"item\":\"https:\/\/www.villers-allerand.fr\/site\/\"},{\"@type\":\"ListItem\",\"position\":2,\"name\":\"Le CCAS en visite \u00e0 Paris\"}]},{\"@type\":\"WebSite\",\"@id\":\"https:\/\/www.villers-allerand.fr\/site\/#website\",\"url\":\"https:\/\/www.villers-allerand.fr\/site\/\",\"name\":\"Mairie de Villers-Allerand - Montchenot\",\"description\":\"Site Officiel de la Mairie\",\"potentialAction\":[{\"@type\":\"SearchAction\",\"target\":{\"@type\":\"EntryPoint\",\"urlTemplate\":\"https:\/\/www.villers-allerand.fr\/site\/?s={search_term_string}\"},\"query-input\":{\"@type\":\"PropertyValueSpecification\",\"valueRequired\":true,\"valueName\":\"search_term_string\"}}],\"inLanguage\":\"fr-FR\"},{\"@type\":\"Person\",\"@id\":\"https:\/\/www.villers-allerand.fr\/site\/#\/schema\/person\/4688120b1fdf6f98803340b4cbc38e4b\",\"name\":\"webmaster\",\"image\":{\"@type\":\"ImageObject\",\"inLanguage\":\"fr-FR\",\"@id\":\"https:\/\/www.villers-allerand.fr\/site\/#\/schema\/person\/image\/\",\"url\":\"https:\/\/secure.gravatar.com\/avatar\/7ae33595ea8568e0c28d34997e54608e?s=96&d=mm&r=g\",\"contentUrl\":\"https:\/\/secure.gravatar.com\/avatar\/7ae33595ea8568e0c28d34997e54608e?s=96&d=mm&r=g\",\"caption\":\"webmaster\"}}]}<\/script>\n<!-- \/ Yoast SEO plugin. -->","yoast_head_json":{"title":"Le CCAS en visite \u00e0 Paris - Mairie de Villers-Allerand - Montchenot","robots":{"index":"index","follow":"follow","max-snippet":"max-snippet:-1","max-image-preview":"max-image-preview:large","max-video-preview":"max-video-preview:-1"},"canonical":"https:\/\/www.villers-allerand.fr\/site\/le-ccas-en-visite-a-paris\/","og_locale":"fr_FR","og_type":"article","og_title":"Le CCAS en visite \u00e0 Paris - Mairie de Villers-Allerand - Montchenot","og_description":"Retour sur la sortie du CCAS de Villers-Allerand Montchenot le mercredi 10 novembre 2021 Le CCAS\u00a0 nous proposait de partir une journ\u00e9e \u00e0 Paris. 34 d\u2019entre nous ont r\u00e9pondu \u00e0 l\u2019appel. Mais Paris\u00a0 ne se conquiert pas facilement\u00a0!! Nous \u00e9tions le 10 novembre en plein proc\u00e8s des terroristes de l\u2019attentat du Bataclan. La circulation\u00a0 s\u2019en est [&hellip;]","og_url":"https:\/\/www.villers-allerand.fr\/site\/le-ccas-en-visite-a-paris\/","og_site_name":"Mairie de Villers-Allerand - Montchenot","article_published_time":"2021-11-17T16:32:30+00:00","article_modified_time":"2021-12-10T16:25:08+00:00","og_image":[{"width":1280,"height":848,"url":"https:\/\/www.villers-allerand.fr\/site\/wp-content\/uploads\/2021\/11\/DSC_3609-1.jpeg","type":"image\/jpeg"}],"author":"webmaster","twitter_card":"summary_large_image","twitter_misc":{"\u00c9crit par":"webmaster","Dur\u00e9e de lecture estim\u00e9e":"3 minutes"},"schema":{"@context":"https:\/\/schema.org","@graph":[{"@type":"Article","@id":"https:\/\/www.villers-allerand.fr\/site\/le-ccas-en-visite-a-paris\/#article","isPartOf":{"@id":"https:\/\/www.villers-allerand.fr\/site\/le-ccas-en-visite-a-paris\/"},"author":{"name":"webmaster","@id":"https:\/\/www.villers-allerand.fr\/site\/#\/schema\/person\/4688120b1fdf6f98803340b4cbc38e4b"},"headline":"Le CCAS en visite \u00e0 Paris","datePublished":"2021-11-17T16:32:30+00:00","dateModified":"2021-12-10T16:25:08+00:00","mainEntityOfPage":{"@id":"https:\/\/www.villers-allerand.fr\/site\/le-ccas-en-visite-a-paris\/"},"wordCount":544,"image":{"@id":"https:\/\/www.villers-allerand.fr\/site\/le-ccas-en-visite-a-paris\/#primaryimage"},"thumbnailUrl":"https:\/\/www.villers-allerand.fr\/site\/wp-content\/uploads\/2021\/11\/DSC_3609-1.jpeg","keywords":["CCAS"],"articleSection":["R\u00e9trospectives 2021"],"inLanguage":"fr-FR"},{"@type":"WebPage","@id":"https:\/\/www.villers-allerand.fr\/site\/le-ccas-en-visite-a-paris\/","url":"https:\/\/www.villers-allerand.fr\/site\/le-ccas-en-visite-a-paris\/","name":"Le CCAS en visite \u00e0 Paris - Mairie de Villers-Allerand - Montchenot","isPartOf":{"@id":"https:\/\/www.villers-allerand.fr\/site\/#website"},"primaryImageOfPage":{"@id":"https:\/\/www.villers-allerand.fr\/site\/le-ccas-en-visite-a-paris\/#primaryimage"},"image":{"@id":"https:\/\/www.villers-allerand.fr\/site\/le-ccas-en-visite-a-paris\/#primaryimage"},"thumbnailUrl":"https:\/\/www.villers-allerand.fr\/site\/wp-content\/uploads\/2021\/11\/DSC_3609-1.jpeg","datePublished":"2021-11-17T16:32:30+00:00","dateModified":"2021-12-10T16:25:08+00:00","author":{"@id":"https:\/\/www.villers-allerand.fr\/site\/#\/schema\/person\/4688120b1fdf6f98803340b4cbc38e4b"},"breadcrumb":{"@id":"https:\/\/www.villers-allerand.fr\/site\/le-ccas-en-visite-a-paris\/#breadcrumb"},"inLanguage":"fr-FR","potentialAction":[{"@type":"ReadAction","target":["https:\/\/www.villers-allerand.fr\/site\/le-ccas-en-visite-a-paris\/"]}]},{"@type":"ImageObject","inLanguage":"fr-FR","@id":"https:\/\/www.villers-allerand.fr\/site\/le-ccas-en-visite-a-paris\/#primaryimage","url":"https:\/\/www.villers-allerand.fr\/site\/wp-content\/uploads\/2021\/11\/DSC_3609-1.jpeg","contentUrl":"https:\/\/www.villers-allerand.fr\/site\/wp-content\/uploads\/2021\/11\/DSC_3609-1.jpeg","width":1280,"height":848},{"@type":"BreadcrumbList","@id":"https:\/\/www.villers-allerand.fr\/site\/le-ccas-en-visite-a-paris\/#breadcrumb","itemListElement":[{"@type":"ListItem","position":1,"name":"Accueil","item":"https:\/\/www.villers-allerand.fr\/site\/"},{"@type":"ListItem","position":2,"name":"Le CCAS en visite \u00e0 Paris"}]},{"@type":"WebSite","@id":"https:\/\/www.villers-allerand.fr\/site\/#website","url":"https:\/\/www.villers-allerand.fr\/site\/","name":"Mairie de Villers-Allerand - Montchenot","description":"Site Officiel de la Mairie","potentialAction":[{"@type":"SearchAction","target":{"@type":"EntryPoint","urlTemplate":"https:\/\/www.villers-allerand.fr\/site\/?s={search_term_string}"},"query-input":{"@type":"PropertyValueSpecification","valueRequired":true,"valueName":"search_term_string"}}],"inLanguage":"fr-FR"},{"@type":"Person","@id":"https:\/\/www.villers-allerand.fr\/site\/#\/schema\/person\/4688120b1fdf6f98803340b4cbc38e4b","name":"webmaster","image":{"@type":"ImageObject","inLanguage":"fr-FR","@id":"https:\/\/www.villers-allerand.fr\/site\/#\/schema\/person\/image\/","url":"https:\/\/secure.gravatar.com\/avatar\/7ae33595ea8568e0c28d34997e54608e?s=96&d=mm&r=g","contentUrl":"https:\/\/secure.gravatar.com\/avatar\/7ae33595ea8568e0c28d34997e54608e?s=96&d=mm&r=g","caption":"webmaster"}}]}},"publishpress_future_action":{"enabled":false,"date":"2026-05-09 14:42:17","action":"change-status","newStatus":"draft","terms":[],"taxonomy":"category","extraData":[]},"publishpress_future_workflow_manual_trigger":{"enabledWorkflows":[]},"_links":{"self":[{"href":"https:\/\/www.villers-allerand.fr\/site\/wp-json\/wp\/v2\/posts\/15620","targetHints":{"allow":["GET"]}}],"collection":[{"href":"https:\/\/www.villers-allerand.fr\/site\/wp-json\/wp\/v2\/posts"}],"about":[{"href":"https:\/\/www.villers-allerand.fr\/site\/wp-json\/wp\/v2\/types\/post"}],"author":[{"embeddable":true,"href":"https:\/\/www.villers-allerand.fr\/site\/wp-json\/wp\/v2\/users\/2"}],"replies":[{"embeddable":true,"href":"https:\/\/www.villers-allerand.fr\/site\/wp-json\/wp\/v2\/comments?post=15620"}],"version-history":[{"count":1,"href":"https:\/\/www.villers-allerand.fr\/site\/wp-json\/wp\/v2\/posts\/15620\/revisions"}],"predecessor-version":[{"id":15631,"href":"https:\/\/www.villers-allerand.fr\/site\/wp-json\/wp\/v2\/posts\/15620\/revisions\/15631"}],"wp:featuredmedia":[{"embeddable":true,"href":"https:\/\/www.villers-allerand.fr\/site\/wp-json\/wp\/v2\/media\/15622"}],"wp:attachment":[{"href":"https:\/\/www.villers-allerand.fr\/site\/wp-json\/wp\/v2\/media?parent=15620"}],"wp:term":[{"taxonomy":"category","embeddable":true,"href":"https:\/\/www.villers-allerand.fr\/site\/wp-json\/wp\/v2\/categories?post=15620"},{"taxonomy":"post_tag","embeddable":true,"href":"https:\/\/www.villers-allerand.fr\/site\/wp-json\/wp\/v2\/tags?post=15620"}],"curies":[{"name":"wp","href":"https:\/\/api.w.org\/{rel}","templated":true}]}}