{"id":16128,"date":"2023-05-25T10:23:48","date_gmt":"2023-05-25T08:23:48","guid":{"rendered":"http:\/\/www.villers-allerand.fr\/site\/?p=16128"},"modified":"2023-05-25T10:23:48","modified_gmt":"2023-05-25T08:23:48","slug":"embellissement-de-la-traversee-de-montchenot-travaux-en-cours","status":"publish","type":"post","link":"https:\/\/www.villers-allerand.fr\/site\/embellissement-de-la-traversee-de-montchenot-travaux-en-cours\/","title":{"rendered":"Embellissement de la travers\u00e9e de Montchenot &#8211; Travaux en cours"},"content":{"rendered":"<p>L\u2019abandon du projet de d\u00e9viation du hameau de Montchenot par le d\u00e9partement a incit\u00e9 les \u00e9lus communaux \u00e0 se pencher sur une solution alternative pour rendre cette travers\u00e9e de village plus accueillante et surtout plus agr\u00e9able \u00e0 vivre pour ses habitants. D\u00e8s l\u2019\u00e9lection du nouveau conseil municipal en mai 2020, la mission Unesco a propos\u00e9 ses services pour aider \u00e0 la r\u00e9alisation de ce projet qui constitue pour cette institution un test de coop\u00e9ration avec les communes.<\/p>\n<p>Les diff\u00e9rentes phases des travaux sont les suivantes\u00a0:<\/p>\n<p>1.R\u00e9novation des r\u00e9seaux humides\u00a0:<\/p>\n<ul>\n<li>Remise \u00e0 neuf du r\u00e9seau d\u2019adduction d\u2019eau particuli\u00e8rement v\u00e9tuste et qui faisait l\u2019objet de rupture de canalisation donc d\u2019approvisionnement d\u2019eau r\u00e9guli\u00e8rement.<\/li>\n<li>Remise en \u00e9tat des r\u00e9seaux des eaux us\u00e9es et des eaux pluviales, soit par mise en place de r\u00e9seaux neufs pour les plus d\u00e9t\u00e9rior\u00e9s, soit par chemisage interne pour ceux qui ne pr\u00e9sentaient que des d\u00e9ficiences d\u2019\u00e9tanch\u00e9it\u00e9.<\/li>\n<\/ul>\n<p>Cette op\u00e9ration a \u00e9t\u00e9 men\u00e9e en 2022 par le Grand Reims qui l\u2019a enti\u00e8rement financ\u00e9e<\/p>\n<p>2.R\u00e9novation des r\u00e9seaux secs\u00a0:<\/p>\n<ul>\n<li>Le r\u00e9seau \u00e9lectrique \u00ab\u00a0moyenne tension\u00a0\u00bb qui alimente Montchenot sera enfoui, de nouveaux transformateurs seront install\u00e9s.<\/li>\n<li>Le r\u00e9seau basse tension sera \u00e9galement enterr\u00e9.<\/li>\n<li>L\u2019\u00e9clairage public sera refait \u00e0 neuf avec des lampes \u00ab\u00a0basse consommation\u00a0\u00bb et \u00e9clairage des trottoirs<\/li>\n<li>Les lignes t\u00e9l\u00e9phoniques enterr\u00e9es \u00e9galement.<\/li>\n<\/ul>\n<p>Le SIEM, syndicat d\u2019\u00e9lectricit\u00e9 de la Marne, coordonne et finance une grande partie de ces travaux qui se d\u00e9rouleront en 2023 et une partie de 2024. Ce sera l&rsquo;am\u00e9lioration majeure la plus visible, et ce, tr\u00e8s prochainement ! Fini les cables et fils qui d\u00e9figurent notre champ de vision et g\u00e2chent le paysage !<\/p>\n<p>3.Voirie\u00a0:<\/p>\n<ul>\n<li>La bande de roulement des v\u00e9hicules sera r\u00e9duite \u00e0 6m pour limiter la vitesse.<\/li>\n<li>La file tourne \u00e0 droite en venant d\u2019\u00c9pernay sera supprim\u00e9e pour son peu d\u2019int\u00e9r\u00eat et sa dangerosit\u00e9, le tourne \u00e0 gauche en venant de Reims maintenu.<span class=\"Apple-converted-space\">\u00a0<\/span><\/li>\n<li>Deux zones d\u2019insertion (3<sup>\u00e8me<\/sup> file) seront \u00e9difi\u00e9es pour les rues Pierre Hans et des Pr\u00e8s Bonnet afin de faciliter l\u2019entr\u00e9e et la sortie des riverains.<span class=\"Apple-converted-space\">\u00a0<\/span><\/li>\n<li>Le bitume sera le plus insonore possible.<span class=\"Apple-converted-space\">\u00a0<\/span><\/li>\n<li>Des places de stationnement seront cr\u00e9\u00e9es tout au long de la travers\u00e9e en mat\u00e9riau perm\u00e9able sauf dans les zones sensibles o\u00f9 elles seront en b\u00e9ton d\u00e9sactiv\u00e9 de couleur claire de m\u00eame que les entr\u00e9es charreti\u00e8res.<\/li>\n<li>Une voie pi\u00e9tonne, situ\u00e9e en retrait des places de stationnement, en mat\u00e9riau stabilis\u00e9 de m\u00eame couleur que le b\u00e9ton d\u00e9sactiv\u00e9 permettra la circulation des pi\u00e9tons en s\u00e9curit\u00e9 dans toute la travers\u00e9e.<\/li>\n<li>De grands massifs floraux seront r\u00e9partis de fa\u00e7on sym\u00e9trique de chaque c\u00f4t\u00e9 de la voirie, chacun avec un th\u00e8me particulier (agricole, forestier etc&#8230;). Les autres espaces seront engazonn\u00e9s et les pieds de mur de fa\u00e7ade pourront \u00eatre v\u00e9g\u00e9talis\u00e9s sous r\u00e9serve de la signature d\u2019une convention pour entretien de la part du propri\u00e9taire riverain et supprim\u00e9s en cas de manquement aux obligations. Des arbres seront plant\u00e9s dans l\u2019espace situ\u00e9 au carrefour central et du mobilier urbain install\u00e9.<\/li>\n<li>Les trottoirs en bordure des passages pi\u00e9tons seront trait\u00e9s qualitativement avec des dalles ou pav\u00e9s.<\/li>\n<\/ul>\n<p>Les travaux de voirie interviendront courant 2024 quand tous les travaux d\u2019enfouissement des r\u00e9seaux seront termin\u00e9s et se poursuivront en 2025.<\/p>\n<p><img loading=\"lazy\" decoding=\"async\" class=\"aligncenter wp-image-16129 size-large\" src=\"https:\/\/www.villers-allerand.fr\/site\/wp-content\/uploads\/2023\/05\/21105-VAL-2022-11-21-modClisation3D-AVPInd-G-valide-10-C3i-1024x580.jpg\" alt=\"\" width=\"1024\" height=\"580\" srcset=\"https:\/\/www.villers-allerand.fr\/site\/wp-content\/uploads\/2023\/05\/21105-VAL-2022-11-21-modClisation3D-AVPInd-G-valide-10-C3i-200x113.jpg 200w, https:\/\/www.villers-allerand.fr\/site\/wp-content\/uploads\/2023\/05\/21105-VAL-2022-11-21-modClisation3D-AVPInd-G-valide-10-C3i-300x170.jpg 300w, https:\/\/www.villers-allerand.fr\/site\/wp-content\/uploads\/2023\/05\/21105-VAL-2022-11-21-modClisation3D-AVPInd-G-valide-10-C3i-400x227.jpg 400w, https:\/\/www.villers-allerand.fr\/site\/wp-content\/uploads\/2023\/05\/21105-VAL-2022-11-21-modClisation3D-AVPInd-G-valide-10-C3i-600x340.jpg 600w, https:\/\/www.villers-allerand.fr\/site\/wp-content\/uploads\/2023\/05\/21105-VAL-2022-11-21-modClisation3D-AVPInd-G-valide-10-C3i-768x435.jpg 768w, https:\/\/www.villers-allerand.fr\/site\/wp-content\/uploads\/2023\/05\/21105-VAL-2022-11-21-modClisation3D-AVPInd-G-valide-10-C3i-800x453.jpg 800w, https:\/\/www.villers-allerand.fr\/site\/wp-content\/uploads\/2023\/05\/21105-VAL-2022-11-21-modClisation3D-AVPInd-G-valide-10-C3i-1024x580.jpg 1024w, https:\/\/www.villers-allerand.fr\/site\/wp-content\/uploads\/2023\/05\/21105-VAL-2022-11-21-modClisation3D-AVPInd-G-valide-10-C3i-1200x680.jpg 1200w, https:\/\/www.villers-allerand.fr\/site\/wp-content\/uploads\/2023\/05\/21105-VAL-2022-11-21-modClisation3D-AVPInd-G-valide-10-C3i-1536x870.jpg 1536w\" sizes=\"auto, (max-width: 1024px) 100vw, 1024px\" \/><\/p>\n<p><img loading=\"lazy\" decoding=\"async\" class=\"aligncenter wp-image-16130 size-large\" src=\"https:\/\/www.villers-allerand.fr\/site\/wp-content\/uploads\/2023\/05\/21105-VAL-2022-11-21-modClisation3D-AVPInd-G-valide-06-C3i-1024x561.jpg\" alt=\"\" width=\"1024\" height=\"561\" srcset=\"https:\/\/www.villers-allerand.fr\/site\/wp-content\/uploads\/2023\/05\/21105-VAL-2022-11-21-modClisation3D-AVPInd-G-valide-06-C3i-200x110.jpg 200w, https:\/\/www.villers-allerand.fr\/site\/wp-content\/uploads\/2023\/05\/21105-VAL-2022-11-21-modClisation3D-AVPInd-G-valide-06-C3i-300x164.jpg 300w, https:\/\/www.villers-allerand.fr\/site\/wp-content\/uploads\/2023\/05\/21105-VAL-2022-11-21-modClisation3D-AVPInd-G-valide-06-C3i-400x219.jpg 400w, https:\/\/www.villers-allerand.fr\/site\/wp-content\/uploads\/2023\/05\/21105-VAL-2022-11-21-modClisation3D-AVPInd-G-valide-06-C3i-600x329.jpg 600w, https:\/\/www.villers-allerand.fr\/site\/wp-content\/uploads\/2023\/05\/21105-VAL-2022-11-21-modClisation3D-AVPInd-G-valide-06-C3i-768x421.jpg 768w, https:\/\/www.villers-allerand.fr\/site\/wp-content\/uploads\/2023\/05\/21105-VAL-2022-11-21-modClisation3D-AVPInd-G-valide-06-C3i-800x438.jpg 800w, https:\/\/www.villers-allerand.fr\/site\/wp-content\/uploads\/2023\/05\/21105-VAL-2022-11-21-modClisation3D-AVPInd-G-valide-06-C3i-1024x561.jpg 1024w, https:\/\/www.villers-allerand.fr\/site\/wp-content\/uploads\/2023\/05\/21105-VAL-2022-11-21-modClisation3D-AVPInd-G-valide-06-C3i-1200x657.jpg 1200w, https:\/\/www.villers-allerand.fr\/site\/wp-content\/uploads\/2023\/05\/21105-VAL-2022-11-21-modClisation3D-AVPInd-G-valide-06-C3i-1536x841.jpg 1536w\" sizes=\"auto, (max-width: 1024px) 100vw, 1024px\" \/><\/p>\n<p><img loading=\"lazy\" decoding=\"async\" class=\"aligncenter wp-image-16131 size-large\" src=\"https:\/\/www.villers-allerand.fr\/site\/wp-content\/uploads\/2023\/05\/21105-VAL-2022-11-21-modClisation3D-AVPInd-G-valide-07-C3i-1024x561.jpg\" alt=\"\" width=\"1024\" height=\"561\" srcset=\"https:\/\/www.villers-allerand.fr\/site\/wp-content\/uploads\/2023\/05\/21105-VAL-2022-11-21-modClisation3D-AVPInd-G-valide-07-C3i-200x110.jpg 200w, https:\/\/www.villers-allerand.fr\/site\/wp-content\/uploads\/2023\/05\/21105-VAL-2022-11-21-modClisation3D-AVPInd-G-valide-07-C3i-300x164.jpg 300w, https:\/\/www.villers-allerand.fr\/site\/wp-content\/uploads\/2023\/05\/21105-VAL-2022-11-21-modClisation3D-AVPInd-G-valide-07-C3i-400x219.jpg 400w, https:\/\/www.villers-allerand.fr\/site\/wp-content\/uploads\/2023\/05\/21105-VAL-2022-11-21-modClisation3D-AVPInd-G-valide-07-C3i-600x329.jpg 600w, https:\/\/www.villers-allerand.fr\/site\/wp-content\/uploads\/2023\/05\/21105-VAL-2022-11-21-modClisation3D-AVPInd-G-valide-07-C3i-768x421.jpg 768w, https:\/\/www.villers-allerand.fr\/site\/wp-content\/uploads\/2023\/05\/21105-VAL-2022-11-21-modClisation3D-AVPInd-G-valide-07-C3i-800x438.jpg 800w, https:\/\/www.villers-allerand.fr\/site\/wp-content\/uploads\/2023\/05\/21105-VAL-2022-11-21-modClisation3D-AVPInd-G-valide-07-C3i-1024x561.jpg 1024w, https:\/\/www.villers-allerand.fr\/site\/wp-content\/uploads\/2023\/05\/21105-VAL-2022-11-21-modClisation3D-AVPInd-G-valide-07-C3i-1200x657.jpg 1200w, https:\/\/www.villers-allerand.fr\/site\/wp-content\/uploads\/2023\/05\/21105-VAL-2022-11-21-modClisation3D-AVPInd-G-valide-07-C3i-1536x841.jpg 1536w\" sizes=\"auto, (max-width: 1024px) 100vw, 1024px\" \/><\/p>\n<p>&nbsp;<\/p>\n","protected":false},"excerpt":{"rendered":"<p>L\u2019abandon du projet de d\u00e9viation du hameau de Montchenot par le d\u00e9partement a incit\u00e9 les \u00e9lus communaux \u00e0 se pencher sur une solution alternative pour rendre cette travers\u00e9e de village plus accueillante et surtout plus agr\u00e9able \u00e0 vivre pour ses habitants. D\u00e8s l\u2019\u00e9lection du nouveau conseil municipal en mai 2020, la mission Unesco a propos\u00e9 ses [&hellip;]<\/p>\n","protected":false},"author":2,"featured_media":16132,"comment_status":"closed","ping_status":"closed","sticky":false,"template":"","format":"standard","meta":{"footnotes":""},"categories":[39],"tags":[483,133,481,109,482],"class_list":["post-16128","post","type-post","status-publish","format-standard","has-post-thumbnail","hentry","category-news","tag-embellissement","tag-montchenot","tag-reseau-electrique","tag-travaux","tag-unesco"],"yoast_head":"<!-- This site is optimized with the Yoast SEO plugin v26.8 - https:\/\/yoast.com\/product\/yoast-seo-wordpress\/ -->\n<title>Embellissement de la travers\u00e9e de Montchenot - Travaux en cours - Mairie de Villers-Allerand - Montchenot<\/title>\n<meta name=\"robots\" content=\"index, follow, max-snippet:-1, max-image-preview:large, max-video-preview:-1\" \/>\n<link rel=\"canonical\" href=\"https:\/\/www.villers-allerand.fr\/site\/embellissement-de-la-traversee-de-montchenot-travaux-en-cours\/\" \/>\n<meta property=\"og:locale\" content=\"fr_FR\" \/>\n<meta property=\"og:type\" content=\"article\" \/>\n<meta property=\"og:title\" content=\"Embellissement de la travers\u00e9e de Montchenot - Travaux en cours - Mairie de Villers-Allerand - Montchenot\" \/>\n<meta property=\"og:description\" content=\"L\u2019abandon du projet de d\u00e9viation du hameau de Montchenot par le d\u00e9partement a incit\u00e9 les \u00e9lus communaux \u00e0 se pencher sur une solution alternative pour rendre cette travers\u00e9e de village plus accueillante et surtout plus agr\u00e9able \u00e0 vivre pour ses habitants. D\u00e8s l\u2019\u00e9lection du nouveau conseil municipal en mai 2020, la mission Unesco a propos\u00e9 ses [&hellip;]\" \/>\n<meta property=\"og:url\" content=\"https:\/\/www.villers-allerand.fr\/site\/embellissement-de-la-traversee-de-montchenot-travaux-en-cours\/\" \/>\n<meta property=\"og:site_name\" content=\"Mairie de Villers-Allerand - Montchenot\" \/>\n<meta property=\"article:published_time\" content=\"2023-05-25T08:23:48+00:00\" \/>\n<meta property=\"og:image\" content=\"https:\/\/www.villers-allerand.fr\/site\/wp-content\/uploads\/2023\/05\/montchenot1.jpg\" \/>\n\t<meta property=\"og:image:width\" content=\"1124\" \/>\n\t<meta property=\"og:image:height\" content=\"632\" \/>\n\t<meta property=\"og:image:type\" content=\"image\/jpeg\" \/>\n<meta name=\"author\" content=\"webmaster\" \/>\n<meta name=\"twitter:card\" content=\"summary_large_image\" \/>\n<meta name=\"twitter:label1\" content=\"\u00c9crit par\" \/>\n\t<meta name=\"twitter:data1\" content=\"webmaster\" \/>\n\t<meta name=\"twitter:label2\" content=\"Dur\u00e9e de lecture estim\u00e9e\" \/>\n\t<meta name=\"twitter:data2\" content=\"3 minutes\" \/>\n<script type=\"application\/ld+json\" class=\"yoast-schema-graph\">{\"@context\":\"https:\/\/schema.org\",\"@graph\":[{\"@type\":\"Article\",\"@id\":\"https:\/\/www.villers-allerand.fr\/site\/embellissement-de-la-traversee-de-montchenot-travaux-en-cours\/#article\",\"isPartOf\":{\"@id\":\"https:\/\/www.villers-allerand.fr\/site\/embellissement-de-la-traversee-de-montchenot-travaux-en-cours\/\"},\"author\":{\"name\":\"webmaster\",\"@id\":\"https:\/\/www.villers-allerand.fr\/site\/#\/schema\/person\/4688120b1fdf6f98803340b4cbc38e4b\"},\"headline\":\"Embellissement de la travers\u00e9e de Montchenot &#8211; Travaux en cours\",\"datePublished\":\"2023-05-25T08:23:48+00:00\",\"mainEntityOfPage\":{\"@id\":\"https:\/\/www.villers-allerand.fr\/site\/embellissement-de-la-traversee-de-montchenot-travaux-en-cours\/\"},\"wordCount\":613,\"image\":{\"@id\":\"https:\/\/www.villers-allerand.fr\/site\/embellissement-de-la-traversee-de-montchenot-travaux-en-cours\/#primaryimage\"},\"thumbnailUrl\":\"https:\/\/www.villers-allerand.fr\/site\/wp-content\/uploads\/2023\/05\/montchenot1.jpg\",\"keywords\":[\"embellissement\",\"montchenot\",\"r\u00e9seau electrique\",\"travaux\",\"unesco\"],\"articleSection\":[\"Actualit\u00e9s\"],\"inLanguage\":\"fr-FR\"},{\"@type\":\"WebPage\",\"@id\":\"https:\/\/www.villers-allerand.fr\/site\/embellissement-de-la-traversee-de-montchenot-travaux-en-cours\/\",\"url\":\"https:\/\/www.villers-allerand.fr\/site\/embellissement-de-la-traversee-de-montchenot-travaux-en-cours\/\",\"name\":\"Embellissement de la travers\u00e9e de Montchenot - Travaux en cours - Mairie de Villers-Allerand - Montchenot\",\"isPartOf\":{\"@id\":\"https:\/\/www.villers-allerand.fr\/site\/#website\"},\"primaryImageOfPage\":{\"@id\":\"https:\/\/www.villers-allerand.fr\/site\/embellissement-de-la-traversee-de-montchenot-travaux-en-cours\/#primaryimage\"},\"image\":{\"@id\":\"https:\/\/www.villers-allerand.fr\/site\/embellissement-de-la-traversee-de-montchenot-travaux-en-cours\/#primaryimage\"},\"thumbnailUrl\":\"https:\/\/www.villers-allerand.fr\/site\/wp-content\/uploads\/2023\/05\/montchenot1.jpg\",\"datePublished\":\"2023-05-25T08:23:48+00:00\",\"author\":{\"@id\":\"https:\/\/www.villers-allerand.fr\/site\/#\/schema\/person\/4688120b1fdf6f98803340b4cbc38e4b\"},\"breadcrumb\":{\"@id\":\"https:\/\/www.villers-allerand.fr\/site\/embellissement-de-la-traversee-de-montchenot-travaux-en-cours\/#breadcrumb\"},\"inLanguage\":\"fr-FR\",\"potentialAction\":[{\"@type\":\"ReadAction\",\"target\":[\"https:\/\/www.villers-allerand.fr\/site\/embellissement-de-la-traversee-de-montchenot-travaux-en-cours\/\"]}]},{\"@type\":\"ImageObject\",\"inLanguage\":\"fr-FR\",\"@id\":\"https:\/\/www.villers-allerand.fr\/site\/embellissement-de-la-traversee-de-montchenot-travaux-en-cours\/#primaryimage\",\"url\":\"https:\/\/www.villers-allerand.fr\/site\/wp-content\/uploads\/2023\/05\/montchenot1.jpg\",\"contentUrl\":\"https:\/\/www.villers-allerand.fr\/site\/wp-content\/uploads\/2023\/05\/montchenot1.jpg\",\"width\":1124,\"height\":632},{\"@type\":\"BreadcrumbList\",\"@id\":\"https:\/\/www.villers-allerand.fr\/site\/embellissement-de-la-traversee-de-montchenot-travaux-en-cours\/#breadcrumb\",\"itemListElement\":[{\"@type\":\"ListItem\",\"position\":1,\"name\":\"Accueil\",\"item\":\"https:\/\/www.villers-allerand.fr\/site\/\"},{\"@type\":\"ListItem\",\"position\":2,\"name\":\"Embellissement de la travers\u00e9e de Montchenot &#8211; Travaux en cours\"}]},{\"@type\":\"WebSite\",\"@id\":\"https:\/\/www.villers-allerand.fr\/site\/#website\",\"url\":\"https:\/\/www.villers-allerand.fr\/site\/\",\"name\":\"Mairie de Villers-Allerand - Montchenot\",\"description\":\"Site Officiel de la Mairie\",\"potentialAction\":[{\"@type\":\"SearchAction\",\"target\":{\"@type\":\"EntryPoint\",\"urlTemplate\":\"https:\/\/www.villers-allerand.fr\/site\/?s={search_term_string}\"},\"query-input\":{\"@type\":\"PropertyValueSpecification\",\"valueRequired\":true,\"valueName\":\"search_term_string\"}}],\"inLanguage\":\"fr-FR\"},{\"@type\":\"Person\",\"@id\":\"https:\/\/www.villers-allerand.fr\/site\/#\/schema\/person\/4688120b1fdf6f98803340b4cbc38e4b\",\"name\":\"webmaster\",\"image\":{\"@type\":\"ImageObject\",\"inLanguage\":\"fr-FR\",\"@id\":\"https:\/\/www.villers-allerand.fr\/site\/#\/schema\/person\/image\/\",\"url\":\"https:\/\/secure.gravatar.com\/avatar\/7ae33595ea8568e0c28d34997e54608e?s=96&d=mm&r=g\",\"contentUrl\":\"https:\/\/secure.gravatar.com\/avatar\/7ae33595ea8568e0c28d34997e54608e?s=96&d=mm&r=g\",\"caption\":\"webmaster\"}}]}<\/script>\n<!-- \/ Yoast SEO plugin. -->","yoast_head_json":{"title":"Embellissement de la travers\u00e9e de Montchenot - Travaux en cours - Mairie de Villers-Allerand - Montchenot","robots":{"index":"index","follow":"follow","max-snippet":"max-snippet:-1","max-image-preview":"max-image-preview:large","max-video-preview":"max-video-preview:-1"},"canonical":"https:\/\/www.villers-allerand.fr\/site\/embellissement-de-la-traversee-de-montchenot-travaux-en-cours\/","og_locale":"fr_FR","og_type":"article","og_title":"Embellissement de la travers\u00e9e de Montchenot - Travaux en cours - Mairie de Villers-Allerand - Montchenot","og_description":"L\u2019abandon du projet de d\u00e9viation du hameau de Montchenot par le d\u00e9partement a incit\u00e9 les \u00e9lus communaux \u00e0 se pencher sur une solution alternative pour rendre cette travers\u00e9e de village plus accueillante et surtout plus agr\u00e9able \u00e0 vivre pour ses habitants. D\u00e8s l\u2019\u00e9lection du nouveau conseil municipal en mai 2020, la mission Unesco a propos\u00e9 ses [&hellip;]","og_url":"https:\/\/www.villers-allerand.fr\/site\/embellissement-de-la-traversee-de-montchenot-travaux-en-cours\/","og_site_name":"Mairie de Villers-Allerand - Montchenot","article_published_time":"2023-05-25T08:23:48+00:00","og_image":[{"width":1124,"height":632,"url":"https:\/\/www.villers-allerand.fr\/site\/wp-content\/uploads\/2023\/05\/montchenot1.jpg","type":"image\/jpeg"}],"author":"webmaster","twitter_card":"summary_large_image","twitter_misc":{"\u00c9crit par":"webmaster","Dur\u00e9e de lecture estim\u00e9e":"3 minutes"},"schema":{"@context":"https:\/\/schema.org","@graph":[{"@type":"Article","@id":"https:\/\/www.villers-allerand.fr\/site\/embellissement-de-la-traversee-de-montchenot-travaux-en-cours\/#article","isPartOf":{"@id":"https:\/\/www.villers-allerand.fr\/site\/embellissement-de-la-traversee-de-montchenot-travaux-en-cours\/"},"author":{"name":"webmaster","@id":"https:\/\/www.villers-allerand.fr\/site\/#\/schema\/person\/4688120b1fdf6f98803340b4cbc38e4b"},"headline":"Embellissement de la travers\u00e9e de Montchenot &#8211; Travaux en cours","datePublished":"2023-05-25T08:23:48+00:00","mainEntityOfPage":{"@id":"https:\/\/www.villers-allerand.fr\/site\/embellissement-de-la-traversee-de-montchenot-travaux-en-cours\/"},"wordCount":613,"image":{"@id":"https:\/\/www.villers-allerand.fr\/site\/embellissement-de-la-traversee-de-montchenot-travaux-en-cours\/#primaryimage"},"thumbnailUrl":"https:\/\/www.villers-allerand.fr\/site\/wp-content\/uploads\/2023\/05\/montchenot1.jpg","keywords":["embellissement","montchenot","r\u00e9seau electrique","travaux","unesco"],"articleSection":["Actualit\u00e9s"],"inLanguage":"fr-FR"},{"@type":"WebPage","@id":"https:\/\/www.villers-allerand.fr\/site\/embellissement-de-la-traversee-de-montchenot-travaux-en-cours\/","url":"https:\/\/www.villers-allerand.fr\/site\/embellissement-de-la-traversee-de-montchenot-travaux-en-cours\/","name":"Embellissement de la travers\u00e9e de Montchenot - Travaux en cours - Mairie de Villers-Allerand - Montchenot","isPartOf":{"@id":"https:\/\/www.villers-allerand.fr\/site\/#website"},"primaryImageOfPage":{"@id":"https:\/\/www.villers-allerand.fr\/site\/embellissement-de-la-traversee-de-montchenot-travaux-en-cours\/#primaryimage"},"image":{"@id":"https:\/\/www.villers-allerand.fr\/site\/embellissement-de-la-traversee-de-montchenot-travaux-en-cours\/#primaryimage"},"thumbnailUrl":"https:\/\/www.villers-allerand.fr\/site\/wp-content\/uploads\/2023\/05\/montchenot1.jpg","datePublished":"2023-05-25T08:23:48+00:00","author":{"@id":"https:\/\/www.villers-allerand.fr\/site\/#\/schema\/person\/4688120b1fdf6f98803340b4cbc38e4b"},"breadcrumb":{"@id":"https:\/\/www.villers-allerand.fr\/site\/embellissement-de-la-traversee-de-montchenot-travaux-en-cours\/#breadcrumb"},"inLanguage":"fr-FR","potentialAction":[{"@type":"ReadAction","target":["https:\/\/www.villers-allerand.fr\/site\/embellissement-de-la-traversee-de-montchenot-travaux-en-cours\/"]}]},{"@type":"ImageObject","inLanguage":"fr-FR","@id":"https:\/\/www.villers-allerand.fr\/site\/embellissement-de-la-traversee-de-montchenot-travaux-en-cours\/#primaryimage","url":"https:\/\/www.villers-allerand.fr\/site\/wp-content\/uploads\/2023\/05\/montchenot1.jpg","contentUrl":"https:\/\/www.villers-allerand.fr\/site\/wp-content\/uploads\/2023\/05\/montchenot1.jpg","width":1124,"height":632},{"@type":"BreadcrumbList","@id":"https:\/\/www.villers-allerand.fr\/site\/embellissement-de-la-traversee-de-montchenot-travaux-en-cours\/#breadcrumb","itemListElement":[{"@type":"ListItem","position":1,"name":"Accueil","item":"https:\/\/www.villers-allerand.fr\/site\/"},{"@type":"ListItem","position":2,"name":"Embellissement de la travers\u00e9e de Montchenot &#8211; Travaux en cours"}]},{"@type":"WebSite","@id":"https:\/\/www.villers-allerand.fr\/site\/#website","url":"https:\/\/www.villers-allerand.fr\/site\/","name":"Mairie de Villers-Allerand - Montchenot","description":"Site Officiel de la Mairie","potentialAction":[{"@type":"SearchAction","target":{"@type":"EntryPoint","urlTemplate":"https:\/\/www.villers-allerand.fr\/site\/?s={search_term_string}"},"query-input":{"@type":"PropertyValueSpecification","valueRequired":true,"valueName":"search_term_string"}}],"inLanguage":"fr-FR"},{"@type":"Person","@id":"https:\/\/www.villers-allerand.fr\/site\/#\/schema\/person\/4688120b1fdf6f98803340b4cbc38e4b","name":"webmaster","image":{"@type":"ImageObject","inLanguage":"fr-FR","@id":"https:\/\/www.villers-allerand.fr\/site\/#\/schema\/person\/image\/","url":"https:\/\/secure.gravatar.com\/avatar\/7ae33595ea8568e0c28d34997e54608e?s=96&d=mm&r=g","contentUrl":"https:\/\/secure.gravatar.com\/avatar\/7ae33595ea8568e0c28d34997e54608e?s=96&d=mm&r=g","caption":"webmaster"}}]}},"publishpress_future_action":{"enabled":false,"date":"2026-05-10 15:29:35","action":"change-status","newStatus":"draft","terms":[],"taxonomy":"category","extraData":[]},"publishpress_future_workflow_manual_trigger":{"enabledWorkflows":[]},"_links":{"self":[{"href":"https:\/\/www.villers-allerand.fr\/site\/wp-json\/wp\/v2\/posts\/16128","targetHints":{"allow":["GET"]}}],"collection":[{"href":"https:\/\/www.villers-allerand.fr\/site\/wp-json\/wp\/v2\/posts"}],"about":[{"href":"https:\/\/www.villers-allerand.fr\/site\/wp-json\/wp\/v2\/types\/post"}],"author":[{"embeddable":true,"href":"https:\/\/www.villers-allerand.fr\/site\/wp-json\/wp\/v2\/users\/2"}],"replies":[{"embeddable":true,"href":"https:\/\/www.villers-allerand.fr\/site\/wp-json\/wp\/v2\/comments?post=16128"}],"version-history":[{"count":1,"href":"https:\/\/www.villers-allerand.fr\/site\/wp-json\/wp\/v2\/posts\/16128\/revisions"}],"predecessor-version":[{"id":16133,"href":"https:\/\/www.villers-allerand.fr\/site\/wp-json\/wp\/v2\/posts\/16128\/revisions\/16133"}],"wp:featuredmedia":[{"embeddable":true,"href":"https:\/\/www.villers-allerand.fr\/site\/wp-json\/wp\/v2\/media\/16132"}],"wp:attachment":[{"href":"https:\/\/www.villers-allerand.fr\/site\/wp-json\/wp\/v2\/media?parent=16128"}],"wp:term":[{"taxonomy":"category","embeddable":true,"href":"https:\/\/www.villers-allerand.fr\/site\/wp-json\/wp\/v2\/categories?post=16128"},{"taxonomy":"post_tag","embeddable":true,"href":"https:\/\/www.villers-allerand.fr\/site\/wp-json\/wp\/v2\/tags?post=16128"}],"curies":[{"name":"wp","href":"https:\/\/api.w.org\/{rel}","templated":true}]}}