{"id":16582,"date":"2024-09-11T10:02:26","date_gmt":"2024-09-11T08:02:26","guid":{"rendered":"https:\/\/www.villers-allerand.fr\/site\/?p=16582"},"modified":"2025-02-27T17:15:15","modified_gmt":"2025-02-27T16:15:15","slug":"le-parking-la-voliere-officiellement-inaugure","status":"publish","type":"post","link":"https:\/\/www.villers-allerand.fr\/site\/le-parking-la-voliere-officiellement-inaugure\/","title":{"rendered":"Le Parking La Voli\u00e8re officiellement inaugur\u00e9"},"content":{"rendered":"<p>Fin 2022, la commune de Villers-Allerand s&rsquo;est port\u00e9e acqu\u00e9reur aupr\u00e8s du CHU de Reims d&rsquo;une parcelle situ\u00e9e dans le parc de la Voli\u00e8re, avec pour objectif de r\u00e9aliser un parking accessible depuis la rue du Voisin et ainsi faciliter le stationnement au coeur du village.<\/p>\n<p>Cette parcelle contenait \u00e0 l&rsquo;origine 4 b\u00e2timents, dont 2, jug\u00e9s trop v\u00e9tustes ont \u00e9t\u00e9 d\u00e9molis.<\/p>\n<p>Apr\u00e8s plusieurs de travaux, les places de stationnement ont \u00e9t\u00e9 mises \u00e0 disposition des usages au printemps 2024.<\/p>\n<p>Les rev\u00eatements employ\u00e9s tant pour la bande roulement centrale que pour les places de parking sont perm\u00e9ables \u00e0 l\u2019eau de pluie et ne constitueront pas un apport suppl\u00e9mentaire dans r\u00e9seaux existants.<\/p>\n<p><img loading=\"lazy\" decoding=\"async\" class=\"alignleft wp-image-16586\" src=\"https:\/\/www.villers-allerand.fr\/site\/wp-content\/uploads\/2024\/09\/DSC_6861-300x199.jpg\" alt=\"\" width=\"400\" height=\"265\" srcset=\"https:\/\/www.villers-allerand.fr\/site\/wp-content\/uploads\/2024\/09\/DSC_6861-200x132.jpg 200w, https:\/\/www.villers-allerand.fr\/site\/wp-content\/uploads\/2024\/09\/DSC_6861-300x199.jpg 300w, https:\/\/www.villers-allerand.fr\/site\/wp-content\/uploads\/2024\/09\/DSC_6861-400x265.jpg 400w, https:\/\/www.villers-allerand.fr\/site\/wp-content\/uploads\/2024\/09\/DSC_6861-600x397.jpg 600w, https:\/\/www.villers-allerand.fr\/site\/wp-content\/uploads\/2024\/09\/DSC_6861-768x509.jpg 768w, https:\/\/www.villers-allerand.fr\/site\/wp-content\/uploads\/2024\/09\/DSC_6861-800x530.jpg 800w, https:\/\/www.villers-allerand.fr\/site\/wp-content\/uploads\/2024\/09\/DSC_6861-1024x678.jpg 1024w, https:\/\/www.villers-allerand.fr\/site\/wp-content\/uploads\/2024\/09\/DSC_6861-1200x795.jpg 1200w, https:\/\/www.villers-allerand.fr\/site\/wp-content\/uploads\/2024\/09\/DSC_6861-1536x1017.jpg 1536w\" sizes=\"auto, (max-width: 400px) 100vw, 400px\" \/> <img loading=\"lazy\" decoding=\"async\" class=\"alignright wp-image-16585\" src=\"https:\/\/www.villers-allerand.fr\/site\/wp-content\/uploads\/2024\/09\/DSC_6845-300x199.jpg\" alt=\"\" width=\"400\" height=\"265\" srcset=\"https:\/\/www.villers-allerand.fr\/site\/wp-content\/uploads\/2024\/09\/DSC_6845-200x132.jpg 200w, https:\/\/www.villers-allerand.fr\/site\/wp-content\/uploads\/2024\/09\/DSC_6845-300x199.jpg 300w, https:\/\/www.villers-allerand.fr\/site\/wp-content\/uploads\/2024\/09\/DSC_6845-400x265.jpg 400w, https:\/\/www.villers-allerand.fr\/site\/wp-content\/uploads\/2024\/09\/DSC_6845-600x397.jpg 600w, https:\/\/www.villers-allerand.fr\/site\/wp-content\/uploads\/2024\/09\/DSC_6845-768x509.jpg 768w, https:\/\/www.villers-allerand.fr\/site\/wp-content\/uploads\/2024\/09\/DSC_6845-800x530.jpg 800w, https:\/\/www.villers-allerand.fr\/site\/wp-content\/uploads\/2024\/09\/DSC_6845-1024x678.jpg 1024w, https:\/\/www.villers-allerand.fr\/site\/wp-content\/uploads\/2024\/09\/DSC_6845-1200x795.jpg 1200w, https:\/\/www.villers-allerand.fr\/site\/wp-content\/uploads\/2024\/09\/DSC_6845-1536x1017.jpg 1536w\" sizes=\"auto, (max-width: 400px) 100vw, 400px\" \/><\/p>\n<p>&nbsp;<\/p>\n<p>&nbsp;<\/p>\n<p>&nbsp;<\/p>\n<p>&nbsp;<\/p>\n<p>&nbsp;<\/p>\n<p>&nbsp;<\/p>\n<p>&nbsp;<\/p>\n<p>&nbsp;<\/p>\n<p>Les diff\u00e9rentes surfaces perm\u00e9ables ont \u00e9t\u00e9 trait\u00e9es comme suit :<br \/>\n&gt; 260 m2 de voirie avec 1 place PMR (Personnes \u00e0 Mobilit\u00e9 R\u00e9duite) en enrob\u00e9 drainant,<br \/>\n&gt; 260 m2 de places de parking (soit 17 places au total) en dalles alv\u00e9ol\u00e9es engazonn\u00e9es,<br \/>\n&gt; 120 m2 d\u2019all\u00e9es pi\u00e9tonnes en sable stabilis\u00e9.<\/p>\n<p>La d\u00e9simperm\u00e9abilisation des sols contribue \u00e0 r\u00e9duire le risque inondation par ruissellement urbain.<br \/>\nL\u2019eau ainsi infiltr\u00e9e contribue \u00e0 recharger la nappe phr\u00e9atique.<\/p>\n<p><a href=\"https:\/\/www.reims.fr\/fileadmin\/grandreims\/MEDIA\/12_cadre_de_vie_environnement\/fiches_techniques_ouvrages_plan_pluie\/FicheA4_AuFilDeLEau_V4_50.pdf\">Les projets exemplaires du territoire de la communaut\u00e9 urbaine du Grand Reims : Villers-Allerand\u00a0<\/a><\/p>\n<p><img loading=\"lazy\" decoding=\"async\" class=\"alignleft wp-image-16584\" src=\"https:\/\/www.villers-allerand.fr\/site\/wp-content\/uploads\/2024\/09\/DSC_6842-300x199.jpg\" alt=\"\" width=\"400\" height=\"265\" srcset=\"https:\/\/www.villers-allerand.fr\/site\/wp-content\/uploads\/2024\/09\/DSC_6842-200x132.jpg 200w, https:\/\/www.villers-allerand.fr\/site\/wp-content\/uploads\/2024\/09\/DSC_6842-300x199.jpg 300w, https:\/\/www.villers-allerand.fr\/site\/wp-content\/uploads\/2024\/09\/DSC_6842-400x265.jpg 400w, https:\/\/www.villers-allerand.fr\/site\/wp-content\/uploads\/2024\/09\/DSC_6842-600x397.jpg 600w, https:\/\/www.villers-allerand.fr\/site\/wp-content\/uploads\/2024\/09\/DSC_6842-768x509.jpg 768w, https:\/\/www.villers-allerand.fr\/site\/wp-content\/uploads\/2024\/09\/DSC_6842-800x530.jpg 800w, https:\/\/www.villers-allerand.fr\/site\/wp-content\/uploads\/2024\/09\/DSC_6842-1024x678.jpg 1024w, https:\/\/www.villers-allerand.fr\/site\/wp-content\/uploads\/2024\/09\/DSC_6842-1200x795.jpg 1200w, https:\/\/www.villers-allerand.fr\/site\/wp-content\/uploads\/2024\/09\/DSC_6842-1536x1017.jpg 1536w\" sizes=\"auto, (max-width: 400px) 100vw, 400px\" \/><\/p>\n<p><img loading=\"lazy\" decoding=\"async\" class=\"alignright wp-image-16587\" src=\"https:\/\/www.villers-allerand.fr\/site\/wp-content\/uploads\/2024\/09\/DSC_7713-300x199.jpeg\" alt=\"\" width=\"400\" height=\"265\" srcset=\"https:\/\/www.villers-allerand.fr\/site\/wp-content\/uploads\/2024\/09\/DSC_7713-200x133.jpeg 200w, https:\/\/www.villers-allerand.fr\/site\/wp-content\/uploads\/2024\/09\/DSC_7713-300x199.jpeg 300w, https:\/\/www.villers-allerand.fr\/site\/wp-content\/uploads\/2024\/09\/DSC_7713-400x265.jpeg 400w, https:\/\/www.villers-allerand.fr\/site\/wp-content\/uploads\/2024\/09\/DSC_7713-600x398.jpeg 600w, https:\/\/www.villers-allerand.fr\/site\/wp-content\/uploads\/2024\/09\/DSC_7713-768x509.jpeg 768w, https:\/\/www.villers-allerand.fr\/site\/wp-content\/uploads\/2024\/09\/DSC_7713-800x530.jpeg 800w, https:\/\/www.villers-allerand.fr\/site\/wp-content\/uploads\/2024\/09\/DSC_7713-1024x678.jpeg 1024w, https:\/\/www.villers-allerand.fr\/site\/wp-content\/uploads\/2024\/09\/DSC_7713-1200x795.jpeg 1200w, https:\/\/www.villers-allerand.fr\/site\/wp-content\/uploads\/2024\/09\/DSC_7713.jpeg 1280w\" sizes=\"auto, (max-width: 400px) 100vw, 400px\" \/><\/p>\n<p>&nbsp;<\/p>\n<p>&nbsp;<\/p>\n<p>&nbsp;<\/p>\n<p>&nbsp;<\/p>\n<p>&nbsp;<\/p>\n<p>&nbsp;<\/p>\n<p>&nbsp;<\/p>\n<p>Un chemin pi\u00e9tonnier relie d\u00e9sormais la rue du voisin au Jardin municipal de la Mairie, facilitant ainsi les d\u00e9placements au coeur du village.<\/p>\n<p><strong>Ce projet a pu \u00eatre r\u00e9alis\u00e9 gr\u00e2ce au soutien financier de la R\u00e9gion Grand Est,de \u00a0l&rsquo;Agence de l&rsquo;Eau Seine Normandie et de la Communaut\u00e9 Urbaine du Grand Reims, dans le cadre du Plan Pluie.<\/strong><\/p>\n<p>Les b\u00e2timents existants r\u00e9habilit\u00e9s ont permis l&rsquo;installation d&rsquo;un atelier familial de vitraillistes UZB, qui proposent \u00e9galement des stages d&rsquo;initiation \u00e0 l&rsquo;art du vitrail, et \u00e9galement l&rsquo;installation d&rsquo;un cabinet de naturopathie et de sophrologie (ouverture prochaine).<\/p>\n<p>Ce Samedi 31 aout 2024, le ruban a \u00e9t\u00e9 officiellement coup\u00e9, en pr\u00e9sence de l&rsquo;ensemble des partenaires de ce projet, ou de leurs repr\u00e9sentants.<\/p>\n<p>&nbsp;<\/p>\n<p><img loading=\"lazy\" decoding=\"async\" class=\"alignnone wp-image-16588 size-large\" src=\"https:\/\/www.villers-allerand.fr\/site\/wp-content\/uploads\/2024\/09\/IMG_8762-1024x927.jpg\" alt=\"\" width=\"1024\" height=\"927\" srcset=\"https:\/\/www.villers-allerand.fr\/site\/wp-content\/uploads\/2024\/09\/IMG_8762-200x181.jpg 200w, https:\/\/www.villers-allerand.fr\/site\/wp-content\/uploads\/2024\/09\/IMG_8762-300x272.jpg 300w, https:\/\/www.villers-allerand.fr\/site\/wp-content\/uploads\/2024\/09\/IMG_8762-400x362.jpg 400w, https:\/\/www.villers-allerand.fr\/site\/wp-content\/uploads\/2024\/09\/IMG_8762-600x543.jpg 600w, https:\/\/www.villers-allerand.fr\/site\/wp-content\/uploads\/2024\/09\/IMG_8762-768x695.jpg 768w, https:\/\/www.villers-allerand.fr\/site\/wp-content\/uploads\/2024\/09\/IMG_8762-800x724.jpg 800w, https:\/\/www.villers-allerand.fr\/site\/wp-content\/uploads\/2024\/09\/IMG_8762-1024x927.jpg 1024w, https:\/\/www.villers-allerand.fr\/site\/wp-content\/uploads\/2024\/09\/IMG_8762-1200x1086.jpg 1200w, https:\/\/www.villers-allerand.fr\/site\/wp-content\/uploads\/2024\/09\/IMG_8762-1536x1390.jpg 1536w\" sizes=\"auto, (max-width: 1024px) 100vw, 1024px\" \/><\/p>\n","protected":false},"excerpt":{"rendered":"<p>Fin 2022, la commune de Villers-Allerand s&rsquo;est port\u00e9e acqu\u00e9reur aupr\u00e8s du CHU de Reims d&rsquo;une parcelle situ\u00e9e dans le parc de la Voli\u00e8re, avec pour objectif de r\u00e9aliser un parking accessible depuis la rue du Voisin et ainsi faciliter le stationnement au coeur du village. Cette parcelle contenait \u00e0 l&rsquo;origine 4 b\u00e2timents, dont 2, jug\u00e9s trop [&hellip;]<\/p>\n","protected":false},"author":2,"featured_media":16587,"comment_status":"closed","ping_status":"closed","sticky":false,"template":"","format":"standard","meta":{"footnotes":""},"categories":[565],"tags":[575,574,573,372],"class_list":["post-16582","post","type-post","status-publish","format-standard","has-post-thumbnail","hentry","category-restrospectives2024","tag-la-voliere","tag-parking","tag-parking-la-voliere","tag-rue-du-voisin"],"yoast_head":"<!-- This site is optimized with the Yoast SEO plugin v26.8 - https:\/\/yoast.com\/product\/yoast-seo-wordpress\/ -->\n<title>Le Parking La Voli\u00e8re officiellement inaugur\u00e9 - Mairie de Villers-Allerand - Montchenot<\/title>\n<meta name=\"robots\" content=\"index, follow, max-snippet:-1, max-image-preview:large, max-video-preview:-1\" \/>\n<link rel=\"canonical\" href=\"https:\/\/www.villers-allerand.fr\/site\/le-parking-la-voliere-officiellement-inaugure\/\" \/>\n<meta property=\"og:locale\" content=\"fr_FR\" \/>\n<meta property=\"og:type\" content=\"article\" \/>\n<meta property=\"og:title\" content=\"Le Parking La Voli\u00e8re officiellement inaugur\u00e9 - Mairie de Villers-Allerand - Montchenot\" \/>\n<meta property=\"og:description\" content=\"Fin 2022, la commune de Villers-Allerand s&rsquo;est port\u00e9e acqu\u00e9reur aupr\u00e8s du CHU de Reims d&rsquo;une parcelle situ\u00e9e dans le parc de la Voli\u00e8re, avec pour objectif de r\u00e9aliser un parking accessible depuis la rue du Voisin et ainsi faciliter le stationnement au coeur du village. Cette parcelle contenait \u00e0 l&rsquo;origine 4 b\u00e2timents, dont 2, jug\u00e9s trop [&hellip;]\" \/>\n<meta property=\"og:url\" content=\"https:\/\/www.villers-allerand.fr\/site\/le-parking-la-voliere-officiellement-inaugure\/\" \/>\n<meta property=\"og:site_name\" content=\"Mairie de Villers-Allerand - Montchenot\" \/>\n<meta property=\"article:published_time\" content=\"2024-09-11T08:02:26+00:00\" \/>\n<meta property=\"article:modified_time\" content=\"2025-02-27T16:15:15+00:00\" \/>\n<meta property=\"og:image\" content=\"https:\/\/www.villers-allerand.fr\/site\/wp-content\/uploads\/2024\/09\/DSC_7713.jpeg\" \/>\n\t<meta property=\"og:image:width\" content=\"1280\" \/>\n\t<meta property=\"og:image:height\" content=\"848\" \/>\n\t<meta property=\"og:image:type\" content=\"image\/jpeg\" \/>\n<meta name=\"author\" content=\"webmaster\" \/>\n<meta name=\"twitter:card\" content=\"summary_large_image\" \/>\n<meta name=\"twitter:label1\" content=\"\u00c9crit par\" \/>\n\t<meta name=\"twitter:data1\" content=\"webmaster\" \/>\n\t<meta name=\"twitter:label2\" content=\"Dur\u00e9e de lecture estim\u00e9e\" \/>\n\t<meta name=\"twitter:data2\" content=\"3 minutes\" \/>\n<script type=\"application\/ld+json\" class=\"yoast-schema-graph\">{\"@context\":\"https:\/\/schema.org\",\"@graph\":[{\"@type\":\"Article\",\"@id\":\"https:\/\/www.villers-allerand.fr\/site\/le-parking-la-voliere-officiellement-inaugure\/#article\",\"isPartOf\":{\"@id\":\"https:\/\/www.villers-allerand.fr\/site\/le-parking-la-voliere-officiellement-inaugure\/\"},\"author\":{\"name\":\"webmaster\",\"@id\":\"https:\/\/www.villers-allerand.fr\/site\/#\/schema\/person\/4688120b1fdf6f98803340b4cbc38e4b\"},\"headline\":\"Le Parking La Voli\u00e8re officiellement inaugur\u00e9\",\"datePublished\":\"2024-09-11T08:02:26+00:00\",\"dateModified\":\"2025-02-27T16:15:15+00:00\",\"mainEntityOfPage\":{\"@id\":\"https:\/\/www.villers-allerand.fr\/site\/le-parking-la-voliere-officiellement-inaugure\/\"},\"wordCount\":359,\"image\":{\"@id\":\"https:\/\/www.villers-allerand.fr\/site\/le-parking-la-voliere-officiellement-inaugure\/#primaryimage\"},\"thumbnailUrl\":\"https:\/\/www.villers-allerand.fr\/site\/wp-content\/uploads\/2024\/09\/DSC_7713.jpeg\",\"keywords\":[\"la voliere\",\"parking\",\"parking la voliere\",\"rue du voisin\"],\"articleSection\":[\"R\u00e9trospectives 2024\"],\"inLanguage\":\"fr-FR\"},{\"@type\":\"WebPage\",\"@id\":\"https:\/\/www.villers-allerand.fr\/site\/le-parking-la-voliere-officiellement-inaugure\/\",\"url\":\"https:\/\/www.villers-allerand.fr\/site\/le-parking-la-voliere-officiellement-inaugure\/\",\"name\":\"Le Parking La Voli\u00e8re officiellement inaugur\u00e9 - Mairie de Villers-Allerand - Montchenot\",\"isPartOf\":{\"@id\":\"https:\/\/www.villers-allerand.fr\/site\/#website\"},\"primaryImageOfPage\":{\"@id\":\"https:\/\/www.villers-allerand.fr\/site\/le-parking-la-voliere-officiellement-inaugure\/#primaryimage\"},\"image\":{\"@id\":\"https:\/\/www.villers-allerand.fr\/site\/le-parking-la-voliere-officiellement-inaugure\/#primaryimage\"},\"thumbnailUrl\":\"https:\/\/www.villers-allerand.fr\/site\/wp-content\/uploads\/2024\/09\/DSC_7713.jpeg\",\"datePublished\":\"2024-09-11T08:02:26+00:00\",\"dateModified\":\"2025-02-27T16:15:15+00:00\",\"author\":{\"@id\":\"https:\/\/www.villers-allerand.fr\/site\/#\/schema\/person\/4688120b1fdf6f98803340b4cbc38e4b\"},\"breadcrumb\":{\"@id\":\"https:\/\/www.villers-allerand.fr\/site\/le-parking-la-voliere-officiellement-inaugure\/#breadcrumb\"},\"inLanguage\":\"fr-FR\",\"potentialAction\":[{\"@type\":\"ReadAction\",\"target\":[\"https:\/\/www.villers-allerand.fr\/site\/le-parking-la-voliere-officiellement-inaugure\/\"]}]},{\"@type\":\"ImageObject\",\"inLanguage\":\"fr-FR\",\"@id\":\"https:\/\/www.villers-allerand.fr\/site\/le-parking-la-voliere-officiellement-inaugure\/#primaryimage\",\"url\":\"https:\/\/www.villers-allerand.fr\/site\/wp-content\/uploads\/2024\/09\/DSC_7713.jpeg\",\"contentUrl\":\"https:\/\/www.villers-allerand.fr\/site\/wp-content\/uploads\/2024\/09\/DSC_7713.jpeg\",\"width\":1280,\"height\":848},{\"@type\":\"BreadcrumbList\",\"@id\":\"https:\/\/www.villers-allerand.fr\/site\/le-parking-la-voliere-officiellement-inaugure\/#breadcrumb\",\"itemListElement\":[{\"@type\":\"ListItem\",\"position\":1,\"name\":\"Accueil\",\"item\":\"https:\/\/www.villers-allerand.fr\/site\/\"},{\"@type\":\"ListItem\",\"position\":2,\"name\":\"Le Parking La Voli\u00e8re officiellement inaugur\u00e9\"}]},{\"@type\":\"WebSite\",\"@id\":\"https:\/\/www.villers-allerand.fr\/site\/#website\",\"url\":\"https:\/\/www.villers-allerand.fr\/site\/\",\"name\":\"Mairie de Villers-Allerand - Montchenot\",\"description\":\"Site Officiel de la Mairie\",\"potentialAction\":[{\"@type\":\"SearchAction\",\"target\":{\"@type\":\"EntryPoint\",\"urlTemplate\":\"https:\/\/www.villers-allerand.fr\/site\/?s={search_term_string}\"},\"query-input\":{\"@type\":\"PropertyValueSpecification\",\"valueRequired\":true,\"valueName\":\"search_term_string\"}}],\"inLanguage\":\"fr-FR\"},{\"@type\":\"Person\",\"@id\":\"https:\/\/www.villers-allerand.fr\/site\/#\/schema\/person\/4688120b1fdf6f98803340b4cbc38e4b\",\"name\":\"webmaster\",\"image\":{\"@type\":\"ImageObject\",\"inLanguage\":\"fr-FR\",\"@id\":\"https:\/\/www.villers-allerand.fr\/site\/#\/schema\/person\/image\/\",\"url\":\"https:\/\/secure.gravatar.com\/avatar\/7ae33595ea8568e0c28d34997e54608e?s=96&d=mm&r=g\",\"contentUrl\":\"https:\/\/secure.gravatar.com\/avatar\/7ae33595ea8568e0c28d34997e54608e?s=96&d=mm&r=g\",\"caption\":\"webmaster\"}}]}<\/script>\n<!-- \/ Yoast SEO plugin. -->","yoast_head_json":{"title":"Le Parking La Voli\u00e8re officiellement inaugur\u00e9 - Mairie de Villers-Allerand - Montchenot","robots":{"index":"index","follow":"follow","max-snippet":"max-snippet:-1","max-image-preview":"max-image-preview:large","max-video-preview":"max-video-preview:-1"},"canonical":"https:\/\/www.villers-allerand.fr\/site\/le-parking-la-voliere-officiellement-inaugure\/","og_locale":"fr_FR","og_type":"article","og_title":"Le Parking La Voli\u00e8re officiellement inaugur\u00e9 - Mairie de Villers-Allerand - Montchenot","og_description":"Fin 2022, la commune de Villers-Allerand s&rsquo;est port\u00e9e acqu\u00e9reur aupr\u00e8s du CHU de Reims d&rsquo;une parcelle situ\u00e9e dans le parc de la Voli\u00e8re, avec pour objectif de r\u00e9aliser un parking accessible depuis la rue du Voisin et ainsi faciliter le stationnement au coeur du village. Cette parcelle contenait \u00e0 l&rsquo;origine 4 b\u00e2timents, dont 2, jug\u00e9s trop [&hellip;]","og_url":"https:\/\/www.villers-allerand.fr\/site\/le-parking-la-voliere-officiellement-inaugure\/","og_site_name":"Mairie de Villers-Allerand - Montchenot","article_published_time":"2024-09-11T08:02:26+00:00","article_modified_time":"2025-02-27T16:15:15+00:00","og_image":[{"width":1280,"height":848,"url":"https:\/\/www.villers-allerand.fr\/site\/wp-content\/uploads\/2024\/09\/DSC_7713.jpeg","type":"image\/jpeg"}],"author":"webmaster","twitter_card":"summary_large_image","twitter_misc":{"\u00c9crit par":"webmaster","Dur\u00e9e de lecture estim\u00e9e":"3 minutes"},"schema":{"@context":"https:\/\/schema.org","@graph":[{"@type":"Article","@id":"https:\/\/www.villers-allerand.fr\/site\/le-parking-la-voliere-officiellement-inaugure\/#article","isPartOf":{"@id":"https:\/\/www.villers-allerand.fr\/site\/le-parking-la-voliere-officiellement-inaugure\/"},"author":{"name":"webmaster","@id":"https:\/\/www.villers-allerand.fr\/site\/#\/schema\/person\/4688120b1fdf6f98803340b4cbc38e4b"},"headline":"Le Parking La Voli\u00e8re officiellement inaugur\u00e9","datePublished":"2024-09-11T08:02:26+00:00","dateModified":"2025-02-27T16:15:15+00:00","mainEntityOfPage":{"@id":"https:\/\/www.villers-allerand.fr\/site\/le-parking-la-voliere-officiellement-inaugure\/"},"wordCount":359,"image":{"@id":"https:\/\/www.villers-allerand.fr\/site\/le-parking-la-voliere-officiellement-inaugure\/#primaryimage"},"thumbnailUrl":"https:\/\/www.villers-allerand.fr\/site\/wp-content\/uploads\/2024\/09\/DSC_7713.jpeg","keywords":["la voliere","parking","parking la voliere","rue du voisin"],"articleSection":["R\u00e9trospectives 2024"],"inLanguage":"fr-FR"},{"@type":"WebPage","@id":"https:\/\/www.villers-allerand.fr\/site\/le-parking-la-voliere-officiellement-inaugure\/","url":"https:\/\/www.villers-allerand.fr\/site\/le-parking-la-voliere-officiellement-inaugure\/","name":"Le Parking La Voli\u00e8re officiellement inaugur\u00e9 - Mairie de Villers-Allerand - Montchenot","isPartOf":{"@id":"https:\/\/www.villers-allerand.fr\/site\/#website"},"primaryImageOfPage":{"@id":"https:\/\/www.villers-allerand.fr\/site\/le-parking-la-voliere-officiellement-inaugure\/#primaryimage"},"image":{"@id":"https:\/\/www.villers-allerand.fr\/site\/le-parking-la-voliere-officiellement-inaugure\/#primaryimage"},"thumbnailUrl":"https:\/\/www.villers-allerand.fr\/site\/wp-content\/uploads\/2024\/09\/DSC_7713.jpeg","datePublished":"2024-09-11T08:02:26+00:00","dateModified":"2025-02-27T16:15:15+00:00","author":{"@id":"https:\/\/www.villers-allerand.fr\/site\/#\/schema\/person\/4688120b1fdf6f98803340b4cbc38e4b"},"breadcrumb":{"@id":"https:\/\/www.villers-allerand.fr\/site\/le-parking-la-voliere-officiellement-inaugure\/#breadcrumb"},"inLanguage":"fr-FR","potentialAction":[{"@type":"ReadAction","target":["https:\/\/www.villers-allerand.fr\/site\/le-parking-la-voliere-officiellement-inaugure\/"]}]},{"@type":"ImageObject","inLanguage":"fr-FR","@id":"https:\/\/www.villers-allerand.fr\/site\/le-parking-la-voliere-officiellement-inaugure\/#primaryimage","url":"https:\/\/www.villers-allerand.fr\/site\/wp-content\/uploads\/2024\/09\/DSC_7713.jpeg","contentUrl":"https:\/\/www.villers-allerand.fr\/site\/wp-content\/uploads\/2024\/09\/DSC_7713.jpeg","width":1280,"height":848},{"@type":"BreadcrumbList","@id":"https:\/\/www.villers-allerand.fr\/site\/le-parking-la-voliere-officiellement-inaugure\/#breadcrumb","itemListElement":[{"@type":"ListItem","position":1,"name":"Accueil","item":"https:\/\/www.villers-allerand.fr\/site\/"},{"@type":"ListItem","position":2,"name":"Le Parking La Voli\u00e8re officiellement inaugur\u00e9"}]},{"@type":"WebSite","@id":"https:\/\/www.villers-allerand.fr\/site\/#website","url":"https:\/\/www.villers-allerand.fr\/site\/","name":"Mairie de Villers-Allerand - Montchenot","description":"Site Officiel de la Mairie","potentialAction":[{"@type":"SearchAction","target":{"@type":"EntryPoint","urlTemplate":"https:\/\/www.villers-allerand.fr\/site\/?s={search_term_string}"},"query-input":{"@type":"PropertyValueSpecification","valueRequired":true,"valueName":"search_term_string"}}],"inLanguage":"fr-FR"},{"@type":"Person","@id":"https:\/\/www.villers-allerand.fr\/site\/#\/schema\/person\/4688120b1fdf6f98803340b4cbc38e4b","name":"webmaster","image":{"@type":"ImageObject","inLanguage":"fr-FR","@id":"https:\/\/www.villers-allerand.fr\/site\/#\/schema\/person\/image\/","url":"https:\/\/secure.gravatar.com\/avatar\/7ae33595ea8568e0c28d34997e54608e?s=96&d=mm&r=g","contentUrl":"https:\/\/secure.gravatar.com\/avatar\/7ae33595ea8568e0c28d34997e54608e?s=96&d=mm&r=g","caption":"webmaster"}}]}},"publishpress_future_action":{"enabled":false,"date":"2026-05-09 14:55:10","action":"change-status","newStatus":"draft","terms":[],"taxonomy":"category","extraData":[]},"publishpress_future_workflow_manual_trigger":{"enabledWorkflows":[]},"_links":{"self":[{"href":"https:\/\/www.villers-allerand.fr\/site\/wp-json\/wp\/v2\/posts\/16582","targetHints":{"allow":["GET"]}}],"collection":[{"href":"https:\/\/www.villers-allerand.fr\/site\/wp-json\/wp\/v2\/posts"}],"about":[{"href":"https:\/\/www.villers-allerand.fr\/site\/wp-json\/wp\/v2\/types\/post"}],"author":[{"embeddable":true,"href":"https:\/\/www.villers-allerand.fr\/site\/wp-json\/wp\/v2\/users\/2"}],"replies":[{"embeddable":true,"href":"https:\/\/www.villers-allerand.fr\/site\/wp-json\/wp\/v2\/comments?post=16582"}],"version-history":[{"count":5,"href":"https:\/\/www.villers-allerand.fr\/site\/wp-json\/wp\/v2\/posts\/16582\/revisions"}],"predecessor-version":[{"id":16593,"href":"https:\/\/www.villers-allerand.fr\/site\/wp-json\/wp\/v2\/posts\/16582\/revisions\/16593"}],"wp:featuredmedia":[{"embeddable":true,"href":"https:\/\/www.villers-allerand.fr\/site\/wp-json\/wp\/v2\/media\/16587"}],"wp:attachment":[{"href":"https:\/\/www.villers-allerand.fr\/site\/wp-json\/wp\/v2\/media?parent=16582"}],"wp:term":[{"taxonomy":"category","embeddable":true,"href":"https:\/\/www.villers-allerand.fr\/site\/wp-json\/wp\/v2\/categories?post=16582"},{"taxonomy":"post_tag","embeddable":true,"href":"https:\/\/www.villers-allerand.fr\/site\/wp-json\/wp\/v2\/tags?post=16582"}],"curies":[{"name":"wp","href":"https:\/\/api.w.org\/{rel}","templated":true}]}}