{"id":16804,"date":"2025-09-12T18:39:50","date_gmt":"2025-09-12T16:39:50","guid":{"rendered":"https:\/\/www.villers-allerand.fr\/site\/?p=16804"},"modified":"2025-09-16T09:53:59","modified_gmt":"2025-09-16T07:53:59","slug":"zone-30","status":"publish","type":"post","link":"https:\/\/www.villers-allerand.fr\/site\/zone-30\/","title":{"rendered":"Zone 30"},"content":{"rendered":"<p>Par arr\u00eat\u00e9 municipal permanent en date du 12 septembre 2025, et pour des raisons \u00e9videntes de s\u00e9curit\u00e9 routi\u00e8re, \u00a0la vitesse de circulation des v\u00e9hicules est d\u00e9sormais limit\u00e9e \u00e0 30km\/h sur l&rsquo;ensemble de la commune de Villers-Allerand, de panneaux d&rsquo;entr\u00e9e de village \u00e0 panneaux de sortie, hors Montchenot.<\/p>\n<p><a href=\"https:\/\/www.villers-allerand.fr\/site\/wp-content\/uploads\/2025\/09\/doc20250916092626.pdf\" target=\"_blank\" rel=\"noopener\">Arr\u00eat\u00e9 Zone 30<\/a><\/p>\n","protected":false},"excerpt":{"rendered":"<p>Par arr\u00eat\u00e9 municipal permanent en date du 12 septembre 2025, et pour des raisons \u00e9videntes de s\u00e9curit\u00e9 routi\u00e8re, \u00a0la vitesse de circulation des v\u00e9hicules est d\u00e9sormais limit\u00e9e \u00e0 30km\/h sur l&rsquo;ensemble de la commune de Villers-Allerand, de panneaux d&rsquo;entr\u00e9e de village \u00e0 panneaux de sortie, hors Montchenot. Arr\u00eat\u00e9 Zone 30<\/p>\n","protected":false},"author":2,"featured_media":16806,"comment_status":"closed","ping_status":"closed","sticky":false,"template":"","format":"standard","meta":{"footnotes":""},"categories":[39],"tags":[],"class_list":["post-16804","post","type-post","status-publish","format-standard","has-post-thumbnail","hentry","category-news"],"yoast_head":"<!-- This site is optimized with the Yoast SEO plugin v26.8 - https:\/\/yoast.com\/product\/yoast-seo-wordpress\/ -->\n<title>Zone 30 - Mairie de Villers-Allerand - Montchenot<\/title>\n<meta name=\"robots\" content=\"index, follow, max-snippet:-1, max-image-preview:large, max-video-preview:-1\" \/>\n<link rel=\"canonical\" href=\"https:\/\/www.villers-allerand.fr\/site\/zone-30\/\" \/>\n<meta property=\"og:locale\" content=\"fr_FR\" \/>\n<meta property=\"og:type\" content=\"article\" \/>\n<meta property=\"og:title\" content=\"Zone 30 - Mairie de Villers-Allerand - Montchenot\" \/>\n<meta property=\"og:description\" content=\"Par arr\u00eat\u00e9 municipal permanent en date du 12 septembre 2025, et pour des raisons \u00e9videntes de s\u00e9curit\u00e9 routi\u00e8re, \u00a0la vitesse de circulation des v\u00e9hicules est d\u00e9sormais limit\u00e9e \u00e0 30km\/h sur l&rsquo;ensemble de la commune de Villers-Allerand, de panneaux d&rsquo;entr\u00e9e de village \u00e0 panneaux de sortie, hors Montchenot. Arr\u00eat\u00e9 Zone 30\" \/>\n<meta property=\"og:url\" content=\"https:\/\/www.villers-allerand.fr\/site\/zone-30\/\" \/>\n<meta property=\"og:site_name\" content=\"Mairie de Villers-Allerand - Montchenot\" \/>\n<meta property=\"article:published_time\" content=\"2025-09-12T16:39:50+00:00\" \/>\n<meta property=\"article:modified_time\" content=\"2025-09-16T07:53:59+00:00\" \/>\n<meta property=\"og:image\" content=\"https:\/\/www.villers-allerand.fr\/site\/wp-content\/uploads\/2025\/09\/panneau-zone-circulation-entree-d-une-zone-a-vitesse-limitee-a-30-km-h-b30.jpg\" \/>\n\t<meta property=\"og:image:width\" content=\"800\" \/>\n\t<meta property=\"og:image:height\" content=\"800\" \/>\n\t<meta property=\"og:image:type\" content=\"image\/jpeg\" \/>\n<meta name=\"author\" content=\"webmaster\" \/>\n<meta name=\"twitter:card\" content=\"summary_large_image\" \/>\n<meta name=\"twitter:label1\" content=\"\u00c9crit par\" \/>\n\t<meta name=\"twitter:data1\" content=\"webmaster\" \/>\n\t<meta name=\"twitter:label2\" content=\"Dur\u00e9e de lecture estim\u00e9e\" \/>\n\t<meta name=\"twitter:data2\" content=\"1 minute\" \/>\n<script type=\"application\/ld+json\" class=\"yoast-schema-graph\">{\"@context\":\"https:\/\/schema.org\",\"@graph\":[{\"@type\":\"Article\",\"@id\":\"https:\/\/www.villers-allerand.fr\/site\/zone-30\/#article\",\"isPartOf\":{\"@id\":\"https:\/\/www.villers-allerand.fr\/site\/zone-30\/\"},\"author\":{\"name\":\"webmaster\",\"@id\":\"https:\/\/www.villers-allerand.fr\/site\/#\/schema\/person\/4688120b1fdf6f98803340b4cbc38e4b\"},\"headline\":\"Zone 30\",\"datePublished\":\"2025-09-12T16:39:50+00:00\",\"dateModified\":\"2025-09-16T07:53:59+00:00\",\"mainEntityOfPage\":{\"@id\":\"https:\/\/www.villers-allerand.fr\/site\/zone-30\/\"},\"wordCount\":55,\"image\":{\"@id\":\"https:\/\/www.villers-allerand.fr\/site\/zone-30\/#primaryimage\"},\"thumbnailUrl\":\"https:\/\/www.villers-allerand.fr\/site\/wp-content\/uploads\/2025\/09\/panneau-zone-circulation-entree-d-une-zone-a-vitesse-limitee-a-30-km-h-b30.jpg\",\"articleSection\":[\"Actualit\u00e9s\"],\"inLanguage\":\"fr-FR\"},{\"@type\":\"WebPage\",\"@id\":\"https:\/\/www.villers-allerand.fr\/site\/zone-30\/\",\"url\":\"https:\/\/www.villers-allerand.fr\/site\/zone-30\/\",\"name\":\"Zone 30 - Mairie de Villers-Allerand - Montchenot\",\"isPartOf\":{\"@id\":\"https:\/\/www.villers-allerand.fr\/site\/#website\"},\"primaryImageOfPage\":{\"@id\":\"https:\/\/www.villers-allerand.fr\/site\/zone-30\/#primaryimage\"},\"image\":{\"@id\":\"https:\/\/www.villers-allerand.fr\/site\/zone-30\/#primaryimage\"},\"thumbnailUrl\":\"https:\/\/www.villers-allerand.fr\/site\/wp-content\/uploads\/2025\/09\/panneau-zone-circulation-entree-d-une-zone-a-vitesse-limitee-a-30-km-h-b30.jpg\",\"datePublished\":\"2025-09-12T16:39:50+00:00\",\"dateModified\":\"2025-09-16T07:53:59+00:00\",\"author\":{\"@id\":\"https:\/\/www.villers-allerand.fr\/site\/#\/schema\/person\/4688120b1fdf6f98803340b4cbc38e4b\"},\"breadcrumb\":{\"@id\":\"https:\/\/www.villers-allerand.fr\/site\/zone-30\/#breadcrumb\"},\"inLanguage\":\"fr-FR\",\"potentialAction\":[{\"@type\":\"ReadAction\",\"target\":[\"https:\/\/www.villers-allerand.fr\/site\/zone-30\/\"]}]},{\"@type\":\"ImageObject\",\"inLanguage\":\"fr-FR\",\"@id\":\"https:\/\/www.villers-allerand.fr\/site\/zone-30\/#primaryimage\",\"url\":\"https:\/\/www.villers-allerand.fr\/site\/wp-content\/uploads\/2025\/09\/panneau-zone-circulation-entree-d-une-zone-a-vitesse-limitee-a-30-km-h-b30.jpg\",\"contentUrl\":\"https:\/\/www.villers-allerand.fr\/site\/wp-content\/uploads\/2025\/09\/panneau-zone-circulation-entree-d-une-zone-a-vitesse-limitee-a-30-km-h-b30.jpg\",\"width\":800,\"height\":800},{\"@type\":\"BreadcrumbList\",\"@id\":\"https:\/\/www.villers-allerand.fr\/site\/zone-30\/#breadcrumb\",\"itemListElement\":[{\"@type\":\"ListItem\",\"position\":1,\"name\":\"Accueil\",\"item\":\"https:\/\/www.villers-allerand.fr\/site\/\"},{\"@type\":\"ListItem\",\"position\":2,\"name\":\"Zone 30\"}]},{\"@type\":\"WebSite\",\"@id\":\"https:\/\/www.villers-allerand.fr\/site\/#website\",\"url\":\"https:\/\/www.villers-allerand.fr\/site\/\",\"name\":\"Mairie de Villers-Allerand - Montchenot\",\"description\":\"Site Officiel de la Mairie\",\"potentialAction\":[{\"@type\":\"SearchAction\",\"target\":{\"@type\":\"EntryPoint\",\"urlTemplate\":\"https:\/\/www.villers-allerand.fr\/site\/?s={search_term_string}\"},\"query-input\":{\"@type\":\"PropertyValueSpecification\",\"valueRequired\":true,\"valueName\":\"search_term_string\"}}],\"inLanguage\":\"fr-FR\"},{\"@type\":\"Person\",\"@id\":\"https:\/\/www.villers-allerand.fr\/site\/#\/schema\/person\/4688120b1fdf6f98803340b4cbc38e4b\",\"name\":\"webmaster\",\"image\":{\"@type\":\"ImageObject\",\"inLanguage\":\"fr-FR\",\"@id\":\"https:\/\/www.villers-allerand.fr\/site\/#\/schema\/person\/image\/\",\"url\":\"https:\/\/secure.gravatar.com\/avatar\/7ae33595ea8568e0c28d34997e54608e?s=96&d=mm&r=g\",\"contentUrl\":\"https:\/\/secure.gravatar.com\/avatar\/7ae33595ea8568e0c28d34997e54608e?s=96&d=mm&r=g\",\"caption\":\"webmaster\"}}]}<\/script>\n<!-- \/ Yoast SEO plugin. -->","yoast_head_json":{"title":"Zone 30 - Mairie de Villers-Allerand - Montchenot","robots":{"index":"index","follow":"follow","max-snippet":"max-snippet:-1","max-image-preview":"max-image-preview:large","max-video-preview":"max-video-preview:-1"},"canonical":"https:\/\/www.villers-allerand.fr\/site\/zone-30\/","og_locale":"fr_FR","og_type":"article","og_title":"Zone 30 - Mairie de Villers-Allerand - Montchenot","og_description":"Par arr\u00eat\u00e9 municipal permanent en date du 12 septembre 2025, et pour des raisons \u00e9videntes de s\u00e9curit\u00e9 routi\u00e8re, \u00a0la vitesse de circulation des v\u00e9hicules est d\u00e9sormais limit\u00e9e \u00e0 30km\/h sur l&rsquo;ensemble de la commune de Villers-Allerand, de panneaux d&rsquo;entr\u00e9e de village \u00e0 panneaux de sortie, hors Montchenot. Arr\u00eat\u00e9 Zone 30","og_url":"https:\/\/www.villers-allerand.fr\/site\/zone-30\/","og_site_name":"Mairie de Villers-Allerand - Montchenot","article_published_time":"2025-09-12T16:39:50+00:00","article_modified_time":"2025-09-16T07:53:59+00:00","og_image":[{"width":800,"height":800,"url":"https:\/\/www.villers-allerand.fr\/site\/wp-content\/uploads\/2025\/09\/panneau-zone-circulation-entree-d-une-zone-a-vitesse-limitee-a-30-km-h-b30.jpg","type":"image\/jpeg"}],"author":"webmaster","twitter_card":"summary_large_image","twitter_misc":{"\u00c9crit par":"webmaster","Dur\u00e9e de lecture estim\u00e9e":"1 minute"},"schema":{"@context":"https:\/\/schema.org","@graph":[{"@type":"Article","@id":"https:\/\/www.villers-allerand.fr\/site\/zone-30\/#article","isPartOf":{"@id":"https:\/\/www.villers-allerand.fr\/site\/zone-30\/"},"author":{"name":"webmaster","@id":"https:\/\/www.villers-allerand.fr\/site\/#\/schema\/person\/4688120b1fdf6f98803340b4cbc38e4b"},"headline":"Zone 30","datePublished":"2025-09-12T16:39:50+00:00","dateModified":"2025-09-16T07:53:59+00:00","mainEntityOfPage":{"@id":"https:\/\/www.villers-allerand.fr\/site\/zone-30\/"},"wordCount":55,"image":{"@id":"https:\/\/www.villers-allerand.fr\/site\/zone-30\/#primaryimage"},"thumbnailUrl":"https:\/\/www.villers-allerand.fr\/site\/wp-content\/uploads\/2025\/09\/panneau-zone-circulation-entree-d-une-zone-a-vitesse-limitee-a-30-km-h-b30.jpg","articleSection":["Actualit\u00e9s"],"inLanguage":"fr-FR"},{"@type":"WebPage","@id":"https:\/\/www.villers-allerand.fr\/site\/zone-30\/","url":"https:\/\/www.villers-allerand.fr\/site\/zone-30\/","name":"Zone 30 - Mairie de Villers-Allerand - Montchenot","isPartOf":{"@id":"https:\/\/www.villers-allerand.fr\/site\/#website"},"primaryImageOfPage":{"@id":"https:\/\/www.villers-allerand.fr\/site\/zone-30\/#primaryimage"},"image":{"@id":"https:\/\/www.villers-allerand.fr\/site\/zone-30\/#primaryimage"},"thumbnailUrl":"https:\/\/www.villers-allerand.fr\/site\/wp-content\/uploads\/2025\/09\/panneau-zone-circulation-entree-d-une-zone-a-vitesse-limitee-a-30-km-h-b30.jpg","datePublished":"2025-09-12T16:39:50+00:00","dateModified":"2025-09-16T07:53:59+00:00","author":{"@id":"https:\/\/www.villers-allerand.fr\/site\/#\/schema\/person\/4688120b1fdf6f98803340b4cbc38e4b"},"breadcrumb":{"@id":"https:\/\/www.villers-allerand.fr\/site\/zone-30\/#breadcrumb"},"inLanguage":"fr-FR","potentialAction":[{"@type":"ReadAction","target":["https:\/\/www.villers-allerand.fr\/site\/zone-30\/"]}]},{"@type":"ImageObject","inLanguage":"fr-FR","@id":"https:\/\/www.villers-allerand.fr\/site\/zone-30\/#primaryimage","url":"https:\/\/www.villers-allerand.fr\/site\/wp-content\/uploads\/2025\/09\/panneau-zone-circulation-entree-d-une-zone-a-vitesse-limitee-a-30-km-h-b30.jpg","contentUrl":"https:\/\/www.villers-allerand.fr\/site\/wp-content\/uploads\/2025\/09\/panneau-zone-circulation-entree-d-une-zone-a-vitesse-limitee-a-30-km-h-b30.jpg","width":800,"height":800},{"@type":"BreadcrumbList","@id":"https:\/\/www.villers-allerand.fr\/site\/zone-30\/#breadcrumb","itemListElement":[{"@type":"ListItem","position":1,"name":"Accueil","item":"https:\/\/www.villers-allerand.fr\/site\/"},{"@type":"ListItem","position":2,"name":"Zone 30"}]},{"@type":"WebSite","@id":"https:\/\/www.villers-allerand.fr\/site\/#website","url":"https:\/\/www.villers-allerand.fr\/site\/","name":"Mairie de Villers-Allerand - Montchenot","description":"Site Officiel de la Mairie","potentialAction":[{"@type":"SearchAction","target":{"@type":"EntryPoint","urlTemplate":"https:\/\/www.villers-allerand.fr\/site\/?s={search_term_string}"},"query-input":{"@type":"PropertyValueSpecification","valueRequired":true,"valueName":"search_term_string"}}],"inLanguage":"fr-FR"},{"@type":"Person","@id":"https:\/\/www.villers-allerand.fr\/site\/#\/schema\/person\/4688120b1fdf6f98803340b4cbc38e4b","name":"webmaster","image":{"@type":"ImageObject","inLanguage":"fr-FR","@id":"https:\/\/www.villers-allerand.fr\/site\/#\/schema\/person\/image\/","url":"https:\/\/secure.gravatar.com\/avatar\/7ae33595ea8568e0c28d34997e54608e?s=96&d=mm&r=g","contentUrl":"https:\/\/secure.gravatar.com\/avatar\/7ae33595ea8568e0c28d34997e54608e?s=96&d=mm&r=g","caption":"webmaster"}}]}},"publishpress_future_action":{"enabled":false,"date":"2026-05-06 08:27:25","action":"change-status","newStatus":"draft","terms":[],"taxonomy":"category","extraData":[]},"publishpress_future_workflow_manual_trigger":{"enabledWorkflows":[]},"_links":{"self":[{"href":"https:\/\/www.villers-allerand.fr\/site\/wp-json\/wp\/v2\/posts\/16804","targetHints":{"allow":["GET"]}}],"collection":[{"href":"https:\/\/www.villers-allerand.fr\/site\/wp-json\/wp\/v2\/posts"}],"about":[{"href":"https:\/\/www.villers-allerand.fr\/site\/wp-json\/wp\/v2\/types\/post"}],"author":[{"embeddable":true,"href":"https:\/\/www.villers-allerand.fr\/site\/wp-json\/wp\/v2\/users\/2"}],"replies":[{"embeddable":true,"href":"https:\/\/www.villers-allerand.fr\/site\/wp-json\/wp\/v2\/comments?post=16804"}],"version-history":[{"count":2,"href":"https:\/\/www.villers-allerand.fr\/site\/wp-json\/wp\/v2\/posts\/16804\/revisions"}],"predecessor-version":[{"id":16809,"href":"https:\/\/www.villers-allerand.fr\/site\/wp-json\/wp\/v2\/posts\/16804\/revisions\/16809"}],"wp:featuredmedia":[{"embeddable":true,"href":"https:\/\/www.villers-allerand.fr\/site\/wp-json\/wp\/v2\/media\/16806"}],"wp:attachment":[{"href":"https:\/\/www.villers-allerand.fr\/site\/wp-json\/wp\/v2\/media?parent=16804"}],"wp:term":[{"taxonomy":"category","embeddable":true,"href":"https:\/\/www.villers-allerand.fr\/site\/wp-json\/wp\/v2\/categories?post=16804"},{"taxonomy":"post_tag","embeddable":true,"href":"https:\/\/www.villers-allerand.fr\/site\/wp-json\/wp\/v2\/tags?post=16804"}],"curies":[{"name":"wp","href":"https:\/\/api.w.org\/{rel}","templated":true}]}}