{"id":17007,"date":"2026-04-28T14:57:06","date_gmt":"2026-04-28T12:57:06","guid":{"rendered":"https:\/\/www.villers-allerand.fr\/site\/?p=17007"},"modified":"2026-04-28T14:57:06","modified_gmt":"2026-04-28T12:57:06","slug":"report-de-collecte","status":"publish","type":"post","link":"https:\/\/www.villers-allerand.fr\/site\/report-de-collecte\/","title":{"rendered":"Report de collecte"},"content":{"rendered":"<p style=\"font-weight: 400;\">Vendredi 1<sup>er<\/sup> mai, la collecte du tri des bacs jaunes ne sera pas assur\u00e9e.<\/p>\n<p style=\"font-weight: 400;\">Elle est report\u00e9e au samedi 2 mai, aux m\u00eames horaires,<\/p>\n<p style=\"font-weight: 400;\">Merci de sortir les bacs la veille au soir comme habituellement.<\/p>\n<p style=\"font-weight: 400;\">Toutes les d\u00e9chetteries du Grand Reims seront toutes ferm\u00e9es le vendredi 1<sup>er<\/sup>.<\/p>\n<p style=\"font-weight: 400;\">Vendredi 8 mai, la collecte du tri s\u00e9lectif sera assur\u00e9e normalement.<\/p>\n<p style=\"font-weight: 400;\">Les d\u00e9chetteries rurales seront ferm\u00e9es. Les d\u00e9chetteries urbaines seront ouvertes uniquement le matin de 9h \u00e0 12h (Reims, Tinqueux, Saint-Brice Courcelles, Sillery)<\/p>\n<p>N&rsquo;h\u00e9sitez pas \u00e0 t\u00e9l\u00e9charger l&rsquo;application \u00ab\u00a0Mes D\u00e9chets\u00a0\u00bb de la Communaut\u00e9 Urbaine du Grand Reims, vous y retrouverez toutes les infos utiles sur le calendrier de collecte, les horaires des d\u00e9chetteries, les consignes de tri et bien plus encore !<\/p>\n<p><a href=\"https:\/\/www.grandreims.fr\/services-aux-habitants\/gestion-des-dechets\/gerer-vos-dechets-au-quotidien\/grand-reims-mes-dechets\" target=\"_blank\" rel=\"noopener\">GRAND REIMS &#8211; Mes D\u00e9chets<\/a><\/p>\n<p>&nbsp;<\/p>\n","protected":false},"excerpt":{"rendered":"<p>Vendredi 1er mai, la collecte du tri des bacs jaunes ne sera pas assur\u00e9e. Elle est report\u00e9e au samedi 2 mai, aux m\u00eames horaires, Merci de sortir les bacs la veille au soir comme habituellement. Toutes les d\u00e9chetteries du Grand Reims seront toutes ferm\u00e9es le vendredi 1er. Vendredi 8 mai, la collecte du tri s\u00e9lectif sera [&hellip;]<\/p>\n","protected":false},"author":2,"featured_media":17008,"comment_status":"closed","ping_status":"closed","sticky":false,"template":"","format":"standard","meta":{"footnotes":""},"categories":[39],"tags":[310,191,216,215,630],"class_list":["post-17007","post","type-post","status-publish","format-standard","has-post-thumbnail","hentry","category-news","tag-1er-mai","tag-collecte","tag-dechets","tag-poubelles","tag-ramassage"],"yoast_head":"<!-- This site is optimized with the Yoast SEO plugin v26.8 - https:\/\/yoast.com\/product\/yoast-seo-wordpress\/ -->\n<title>Report de collecte - Mairie de Villers-Allerand - Montchenot<\/title>\n<meta name=\"robots\" content=\"index, follow, max-snippet:-1, max-image-preview:large, max-video-preview:-1\" \/>\n<link rel=\"canonical\" href=\"https:\/\/www.villers-allerand.fr\/site\/report-de-collecte\/\" \/>\n<meta property=\"og:locale\" content=\"fr_FR\" \/>\n<meta property=\"og:type\" content=\"article\" \/>\n<meta property=\"og:title\" content=\"Report de collecte - Mairie de Villers-Allerand - Montchenot\" \/>\n<meta property=\"og:description\" content=\"Vendredi 1er mai, la collecte du tri des bacs jaunes ne sera pas assur\u00e9e. Elle est report\u00e9e au samedi 2 mai, aux m\u00eames horaires, Merci de sortir les bacs la veille au soir comme habituellement. Toutes les d\u00e9chetteries du Grand Reims seront toutes ferm\u00e9es le vendredi 1er. Vendredi 8 mai, la collecte du tri s\u00e9lectif sera [&hellip;]\" \/>\n<meta property=\"og:url\" content=\"https:\/\/www.villers-allerand.fr\/site\/report-de-collecte\/\" \/>\n<meta property=\"og:site_name\" content=\"Mairie de Villers-Allerand - Montchenot\" \/>\n<meta property=\"article:published_time\" content=\"2026-04-28T12:57:06+00:00\" \/>\n<meta property=\"og:image\" content=\"https:\/\/www.villers-allerand.fr\/site\/wp-content\/uploads\/2026\/04\/Capture-decran-2026-04-28-a-14.51.32.png\" \/>\n\t<meta property=\"og:image:width\" content=\"268\" \/>\n\t<meta property=\"og:image:height\" content=\"244\" \/>\n\t<meta property=\"og:image:type\" content=\"image\/png\" \/>\n<meta name=\"author\" content=\"webmaster\" \/>\n<meta name=\"twitter:card\" content=\"summary_large_image\" \/>\n<meta name=\"twitter:label1\" content=\"\u00c9crit par\" \/>\n\t<meta name=\"twitter:data1\" content=\"webmaster\" \/>\n\t<meta name=\"twitter:label2\" content=\"Dur\u00e9e de lecture estim\u00e9e\" \/>\n\t<meta name=\"twitter:data2\" content=\"1 minute\" \/>\n<script type=\"application\/ld+json\" class=\"yoast-schema-graph\">{\"@context\":\"https:\/\/schema.org\",\"@graph\":[{\"@type\":\"Article\",\"@id\":\"https:\/\/www.villers-allerand.fr\/site\/report-de-collecte\/#article\",\"isPartOf\":{\"@id\":\"https:\/\/www.villers-allerand.fr\/site\/report-de-collecte\/\"},\"author\":{\"name\":\"webmaster\",\"@id\":\"https:\/\/www.villers-allerand.fr\/site\/#\/schema\/person\/4688120b1fdf6f98803340b4cbc38e4b\"},\"headline\":\"Report de collecte\",\"datePublished\":\"2026-04-28T12:57:06+00:00\",\"mainEntityOfPage\":{\"@id\":\"https:\/\/www.villers-allerand.fr\/site\/report-de-collecte\/\"},\"wordCount\":139,\"image\":{\"@id\":\"https:\/\/www.villers-allerand.fr\/site\/report-de-collecte\/#primaryimage\"},\"thumbnailUrl\":\"https:\/\/www.villers-allerand.fr\/site\/wp-content\/uploads\/2026\/04\/Capture-decran-2026-04-28-a-14.51.32.png\",\"keywords\":[\"1er mai\",\"collecte\",\"d\u00e9chets\",\"poubelles\",\"ramassage\"],\"articleSection\":[\"Actualit\u00e9s\"],\"inLanguage\":\"fr-FR\"},{\"@type\":\"WebPage\",\"@id\":\"https:\/\/www.villers-allerand.fr\/site\/report-de-collecte\/\",\"url\":\"https:\/\/www.villers-allerand.fr\/site\/report-de-collecte\/\",\"name\":\"Report de collecte - Mairie de Villers-Allerand - Montchenot\",\"isPartOf\":{\"@id\":\"https:\/\/www.villers-allerand.fr\/site\/#website\"},\"primaryImageOfPage\":{\"@id\":\"https:\/\/www.villers-allerand.fr\/site\/report-de-collecte\/#primaryimage\"},\"image\":{\"@id\":\"https:\/\/www.villers-allerand.fr\/site\/report-de-collecte\/#primaryimage\"},\"thumbnailUrl\":\"https:\/\/www.villers-allerand.fr\/site\/wp-content\/uploads\/2026\/04\/Capture-decran-2026-04-28-a-14.51.32.png\",\"datePublished\":\"2026-04-28T12:57:06+00:00\",\"author\":{\"@id\":\"https:\/\/www.villers-allerand.fr\/site\/#\/schema\/person\/4688120b1fdf6f98803340b4cbc38e4b\"},\"breadcrumb\":{\"@id\":\"https:\/\/www.villers-allerand.fr\/site\/report-de-collecte\/#breadcrumb\"},\"inLanguage\":\"fr-FR\",\"potentialAction\":[{\"@type\":\"ReadAction\",\"target\":[\"https:\/\/www.villers-allerand.fr\/site\/report-de-collecte\/\"]}]},{\"@type\":\"ImageObject\",\"inLanguage\":\"fr-FR\",\"@id\":\"https:\/\/www.villers-allerand.fr\/site\/report-de-collecte\/#primaryimage\",\"url\":\"https:\/\/www.villers-allerand.fr\/site\/wp-content\/uploads\/2026\/04\/Capture-decran-2026-04-28-a-14.51.32.png\",\"contentUrl\":\"https:\/\/www.villers-allerand.fr\/site\/wp-content\/uploads\/2026\/04\/Capture-decran-2026-04-28-a-14.51.32.png\",\"width\":268,\"height\":244,\"caption\":\"d\u00e9chets grand reims\"},{\"@type\":\"BreadcrumbList\",\"@id\":\"https:\/\/www.villers-allerand.fr\/site\/report-de-collecte\/#breadcrumb\",\"itemListElement\":[{\"@type\":\"ListItem\",\"position\":1,\"name\":\"Accueil\",\"item\":\"https:\/\/www.villers-allerand.fr\/site\/\"},{\"@type\":\"ListItem\",\"position\":2,\"name\":\"Report de collecte\"}]},{\"@type\":\"WebSite\",\"@id\":\"https:\/\/www.villers-allerand.fr\/site\/#website\",\"url\":\"https:\/\/www.villers-allerand.fr\/site\/\",\"name\":\"Mairie de Villers-Allerand - Montchenot\",\"description\":\"Site Officiel de la Mairie\",\"potentialAction\":[{\"@type\":\"SearchAction\",\"target\":{\"@type\":\"EntryPoint\",\"urlTemplate\":\"https:\/\/www.villers-allerand.fr\/site\/?s={search_term_string}\"},\"query-input\":{\"@type\":\"PropertyValueSpecification\",\"valueRequired\":true,\"valueName\":\"search_term_string\"}}],\"inLanguage\":\"fr-FR\"},{\"@type\":\"Person\",\"@id\":\"https:\/\/www.villers-allerand.fr\/site\/#\/schema\/person\/4688120b1fdf6f98803340b4cbc38e4b\",\"name\":\"webmaster\",\"image\":{\"@type\":\"ImageObject\",\"inLanguage\":\"fr-FR\",\"@id\":\"https:\/\/www.villers-allerand.fr\/site\/#\/schema\/person\/image\/\",\"url\":\"https:\/\/secure.gravatar.com\/avatar\/7ae33595ea8568e0c28d34997e54608e?s=96&d=mm&r=g\",\"contentUrl\":\"https:\/\/secure.gravatar.com\/avatar\/7ae33595ea8568e0c28d34997e54608e?s=96&d=mm&r=g\",\"caption\":\"webmaster\"}}]}<\/script>\n<!-- \/ Yoast SEO plugin. -->","yoast_head_json":{"title":"Report de collecte - Mairie de Villers-Allerand - Montchenot","robots":{"index":"index","follow":"follow","max-snippet":"max-snippet:-1","max-image-preview":"max-image-preview:large","max-video-preview":"max-video-preview:-1"},"canonical":"https:\/\/www.villers-allerand.fr\/site\/report-de-collecte\/","og_locale":"fr_FR","og_type":"article","og_title":"Report de collecte - Mairie de Villers-Allerand - Montchenot","og_description":"Vendredi 1er mai, la collecte du tri des bacs jaunes ne sera pas assur\u00e9e. Elle est report\u00e9e au samedi 2 mai, aux m\u00eames horaires, Merci de sortir les bacs la veille au soir comme habituellement. Toutes les d\u00e9chetteries du Grand Reims seront toutes ferm\u00e9es le vendredi 1er. Vendredi 8 mai, la collecte du tri s\u00e9lectif sera [&hellip;]","og_url":"https:\/\/www.villers-allerand.fr\/site\/report-de-collecte\/","og_site_name":"Mairie de Villers-Allerand - Montchenot","article_published_time":"2026-04-28T12:57:06+00:00","og_image":[{"width":268,"height":244,"url":"https:\/\/www.villers-allerand.fr\/site\/wp-content\/uploads\/2026\/04\/Capture-decran-2026-04-28-a-14.51.32.png","type":"image\/png"}],"author":"webmaster","twitter_card":"summary_large_image","twitter_misc":{"\u00c9crit par":"webmaster","Dur\u00e9e de lecture estim\u00e9e":"1 minute"},"schema":{"@context":"https:\/\/schema.org","@graph":[{"@type":"Article","@id":"https:\/\/www.villers-allerand.fr\/site\/report-de-collecte\/#article","isPartOf":{"@id":"https:\/\/www.villers-allerand.fr\/site\/report-de-collecte\/"},"author":{"name":"webmaster","@id":"https:\/\/www.villers-allerand.fr\/site\/#\/schema\/person\/4688120b1fdf6f98803340b4cbc38e4b"},"headline":"Report de collecte","datePublished":"2026-04-28T12:57:06+00:00","mainEntityOfPage":{"@id":"https:\/\/www.villers-allerand.fr\/site\/report-de-collecte\/"},"wordCount":139,"image":{"@id":"https:\/\/www.villers-allerand.fr\/site\/report-de-collecte\/#primaryimage"},"thumbnailUrl":"https:\/\/www.villers-allerand.fr\/site\/wp-content\/uploads\/2026\/04\/Capture-decran-2026-04-28-a-14.51.32.png","keywords":["1er mai","collecte","d\u00e9chets","poubelles","ramassage"],"articleSection":["Actualit\u00e9s"],"inLanguage":"fr-FR"},{"@type":"WebPage","@id":"https:\/\/www.villers-allerand.fr\/site\/report-de-collecte\/","url":"https:\/\/www.villers-allerand.fr\/site\/report-de-collecte\/","name":"Report de collecte - Mairie de Villers-Allerand - Montchenot","isPartOf":{"@id":"https:\/\/www.villers-allerand.fr\/site\/#website"},"primaryImageOfPage":{"@id":"https:\/\/www.villers-allerand.fr\/site\/report-de-collecte\/#primaryimage"},"image":{"@id":"https:\/\/www.villers-allerand.fr\/site\/report-de-collecte\/#primaryimage"},"thumbnailUrl":"https:\/\/www.villers-allerand.fr\/site\/wp-content\/uploads\/2026\/04\/Capture-decran-2026-04-28-a-14.51.32.png","datePublished":"2026-04-28T12:57:06+00:00","author":{"@id":"https:\/\/www.villers-allerand.fr\/site\/#\/schema\/person\/4688120b1fdf6f98803340b4cbc38e4b"},"breadcrumb":{"@id":"https:\/\/www.villers-allerand.fr\/site\/report-de-collecte\/#breadcrumb"},"inLanguage":"fr-FR","potentialAction":[{"@type":"ReadAction","target":["https:\/\/www.villers-allerand.fr\/site\/report-de-collecte\/"]}]},{"@type":"ImageObject","inLanguage":"fr-FR","@id":"https:\/\/www.villers-allerand.fr\/site\/report-de-collecte\/#primaryimage","url":"https:\/\/www.villers-allerand.fr\/site\/wp-content\/uploads\/2026\/04\/Capture-decran-2026-04-28-a-14.51.32.png","contentUrl":"https:\/\/www.villers-allerand.fr\/site\/wp-content\/uploads\/2026\/04\/Capture-decran-2026-04-28-a-14.51.32.png","width":268,"height":244,"caption":"d\u00e9chets grand reims"},{"@type":"BreadcrumbList","@id":"https:\/\/www.villers-allerand.fr\/site\/report-de-collecte\/#breadcrumb","itemListElement":[{"@type":"ListItem","position":1,"name":"Accueil","item":"https:\/\/www.villers-allerand.fr\/site\/"},{"@type":"ListItem","position":2,"name":"Report de collecte"}]},{"@type":"WebSite","@id":"https:\/\/www.villers-allerand.fr\/site\/#website","url":"https:\/\/www.villers-allerand.fr\/site\/","name":"Mairie de Villers-Allerand - Montchenot","description":"Site Officiel de la Mairie","potentialAction":[{"@type":"SearchAction","target":{"@type":"EntryPoint","urlTemplate":"https:\/\/www.villers-allerand.fr\/site\/?s={search_term_string}"},"query-input":{"@type":"PropertyValueSpecification","valueRequired":true,"valueName":"search_term_string"}}],"inLanguage":"fr-FR"},{"@type":"Person","@id":"https:\/\/www.villers-allerand.fr\/site\/#\/schema\/person\/4688120b1fdf6f98803340b4cbc38e4b","name":"webmaster","image":{"@type":"ImageObject","inLanguage":"fr-FR","@id":"https:\/\/www.villers-allerand.fr\/site\/#\/schema\/person\/image\/","url":"https:\/\/secure.gravatar.com\/avatar\/7ae33595ea8568e0c28d34997e54608e?s=96&d=mm&r=g","contentUrl":"https:\/\/secure.gravatar.com\/avatar\/7ae33595ea8568e0c28d34997e54608e?s=96&d=mm&r=g","caption":"webmaster"}}]}},"publishpress_future_action":{"enabled":true,"date":"2026-05-02 14:43:27","action":"change-status","newStatus":"draft","terms":[0],"taxonomy":"category","extraData":[]},"publishpress_future_workflow_manual_trigger":{"enabledWorkflows":[]},"_links":{"self":[{"href":"https:\/\/www.villers-allerand.fr\/site\/wp-json\/wp\/v2\/posts\/17007","targetHints":{"allow":["GET"]}}],"collection":[{"href":"https:\/\/www.villers-allerand.fr\/site\/wp-json\/wp\/v2\/posts"}],"about":[{"href":"https:\/\/www.villers-allerand.fr\/site\/wp-json\/wp\/v2\/types\/post"}],"author":[{"embeddable":true,"href":"https:\/\/www.villers-allerand.fr\/site\/wp-json\/wp\/v2\/users\/2"}],"replies":[{"embeddable":true,"href":"https:\/\/www.villers-allerand.fr\/site\/wp-json\/wp\/v2\/comments?post=17007"}],"version-history":[{"count":1,"href":"https:\/\/www.villers-allerand.fr\/site\/wp-json\/wp\/v2\/posts\/17007\/revisions"}],"predecessor-version":[{"id":17009,"href":"https:\/\/www.villers-allerand.fr\/site\/wp-json\/wp\/v2\/posts\/17007\/revisions\/17009"}],"wp:featuredmedia":[{"embeddable":true,"href":"https:\/\/www.villers-allerand.fr\/site\/wp-json\/wp\/v2\/media\/17008"}],"wp:attachment":[{"href":"https:\/\/www.villers-allerand.fr\/site\/wp-json\/wp\/v2\/media?parent=17007"}],"wp:term":[{"taxonomy":"category","embeddable":true,"href":"https:\/\/www.villers-allerand.fr\/site\/wp-json\/wp\/v2\/categories?post=17007"},{"taxonomy":"post_tag","embeddable":true,"href":"https:\/\/www.villers-allerand.fr\/site\/wp-json\/wp\/v2\/tags?post=17007"}],"curies":[{"name":"wp","href":"https:\/\/api.w.org\/{rel}","templated":true}]}}