{"id":17019,"date":"2026-04-28T18:07:31","date_gmt":"2026-04-28T16:07:31","guid":{"rendered":"https:\/\/www.villers-allerand.fr\/site\/?p=17019"},"modified":"2026-04-28T18:12:37","modified_gmt":"2026-04-28T16:12:37","slug":"vide-grenier","status":"publish","type":"post","link":"https:\/\/www.villers-allerand.fr\/site\/vide-grenier\/","title":{"rendered":"Vide-Grenier"},"content":{"rendered":"<p><span style=\"color: #0000ff;\"><strong>Dimanche 7 Juin &#8211; de 15h \u00e0 21h &#8211; Place des d\u00e9port\u00e9s<\/strong><\/span><\/p>\n<p>Organis\u00e9 par le Foyer des Jeunes &#8211; inscriptions exclusivement r\u00e9serv\u00e9es aux habitants de Villers-Allerand Montchenot<\/p>\n<p><strong><em>Renseignements et inscriptions par mail : <a href=\"mailto:brocante.vam@gmail.com\">brocante.vam@gmail.com<\/a><\/em><\/strong><\/p>\n<p>La m\u00eame journ\u00e9e, retrouvez \u00e9galement un vide-grenier \u00e0 Rilly-La-Montagne \u00e0 partir de 7h30<\/p>\n<p><img loading=\"lazy\" decoding=\"async\" class=\"aligncenter wp-image-17020\" src=\"https:\/\/www.villers-allerand.fr\/site\/wp-content\/uploads\/2026\/04\/image0-724x1024.jpeg\" alt=\"vide grenier\" width=\"500\" height=\"707\" \/><\/p>\n","protected":false},"excerpt":{"rendered":"<p>Dimanche 7 Juin &#8211; de 15h \u00e0 21h &#8211; Place des d\u00e9port\u00e9s Organis\u00e9 par le Foyer des Jeunes &#8211; inscriptions exclusivement r\u00e9serv\u00e9es aux habitants de Villers-Allerand Montchenot Renseignements et inscriptions par mail : brocante.vam@gmail.com La m\u00eame journ\u00e9e, retrouvez \u00e9galement un vide-grenier \u00e0 Rilly-La-Montagne \u00e0 partir de 7h30<\/p>\n","protected":false},"author":2,"featured_media":17020,"comment_status":"closed","ping_status":"closed","sticky":false,"template":"","format":"standard","meta":{"footnotes":""},"categories":[39],"tags":[431,633,432],"class_list":["post-17019","post","type-post","status-publish","format-standard","has-post-thumbnail","hentry","category-news","tag-brocante","tag-foyer-des-jeunes","tag-vide-grenier"],"yoast_head":"<!-- This site is optimized with the Yoast SEO plugin v26.8 - https:\/\/yoast.com\/product\/yoast-seo-wordpress\/ -->\n<title>Vide-Grenier - Mairie de Villers-Allerand - Montchenot<\/title>\n<meta name=\"robots\" content=\"index, follow, max-snippet:-1, max-image-preview:large, max-video-preview:-1\" \/>\n<link rel=\"canonical\" href=\"https:\/\/www.villers-allerand.fr\/site\/vide-grenier\/\" \/>\n<meta property=\"og:locale\" content=\"fr_FR\" \/>\n<meta property=\"og:type\" content=\"article\" \/>\n<meta property=\"og:title\" content=\"Vide-Grenier - Mairie de Villers-Allerand - Montchenot\" \/>\n<meta property=\"og:description\" content=\"Dimanche 7 Juin &#8211; de 15h \u00e0 21h &#8211; Place des d\u00e9port\u00e9s Organis\u00e9 par le Foyer des Jeunes &#8211; inscriptions exclusivement r\u00e9serv\u00e9es aux habitants de Villers-Allerand Montchenot Renseignements et inscriptions par mail : brocante.vam@gmail.com La m\u00eame journ\u00e9e, retrouvez \u00e9galement un vide-grenier \u00e0 Rilly-La-Montagne \u00e0 partir de 7h30\" \/>\n<meta property=\"og:url\" content=\"https:\/\/www.villers-allerand.fr\/site\/vide-grenier\/\" \/>\n<meta property=\"og:site_name\" content=\"Mairie de Villers-Allerand - Montchenot\" \/>\n<meta property=\"article:published_time\" content=\"2026-04-28T16:07:31+00:00\" \/>\n<meta property=\"article:modified_time\" content=\"2026-04-28T16:12:37+00:00\" \/>\n<meta property=\"og:image\" content=\"https:\/\/www.villers-allerand.fr\/site\/wp-content\/uploads\/2026\/04\/image0-e1777392747304.jpeg\" \/>\n\t<meta property=\"og:image:width\" content=\"905\" \/>\n\t<meta property=\"og:image:height\" content=\"612\" \/>\n\t<meta property=\"og:image:type\" content=\"image\/jpeg\" \/>\n<meta name=\"author\" content=\"webmaster\" \/>\n<meta name=\"twitter:card\" content=\"summary_large_image\" \/>\n<meta name=\"twitter:label1\" content=\"\u00c9crit par\" \/>\n\t<meta name=\"twitter:data1\" content=\"webmaster\" \/>\n\t<meta name=\"twitter:label2\" content=\"Dur\u00e9e de lecture estim\u00e9e\" \/>\n\t<meta name=\"twitter:data2\" content=\"1 minute\" \/>\n<script type=\"application\/ld+json\" class=\"yoast-schema-graph\">{\"@context\":\"https:\/\/schema.org\",\"@graph\":[{\"@type\":\"Article\",\"@id\":\"https:\/\/www.villers-allerand.fr\/site\/vide-grenier\/#article\",\"isPartOf\":{\"@id\":\"https:\/\/www.villers-allerand.fr\/site\/vide-grenier\/\"},\"author\":{\"name\":\"webmaster\",\"@id\":\"https:\/\/www.villers-allerand.fr\/site\/#\/schema\/person\/4688120b1fdf6f98803340b4cbc38e4b\"},\"headline\":\"Vide-Grenier\",\"datePublished\":\"2026-04-28T16:07:31+00:00\",\"dateModified\":\"2026-04-28T16:12:37+00:00\",\"mainEntityOfPage\":{\"@id\":\"https:\/\/www.villers-allerand.fr\/site\/vide-grenier\/\"},\"wordCount\":52,\"image\":{\"@id\":\"https:\/\/www.villers-allerand.fr\/site\/vide-grenier\/#primaryimage\"},\"thumbnailUrl\":\"https:\/\/www.villers-allerand.fr\/site\/wp-content\/uploads\/2026\/04\/image0-e1777392747304.jpeg\",\"keywords\":[\"brocante\",\"foyer des jeunes\",\"vide-grenier\"],\"articleSection\":[\"Actualit\u00e9s\"],\"inLanguage\":\"fr-FR\"},{\"@type\":\"WebPage\",\"@id\":\"https:\/\/www.villers-allerand.fr\/site\/vide-grenier\/\",\"url\":\"https:\/\/www.villers-allerand.fr\/site\/vide-grenier\/\",\"name\":\"Vide-Grenier - Mairie de Villers-Allerand - Montchenot\",\"isPartOf\":{\"@id\":\"https:\/\/www.villers-allerand.fr\/site\/#website\"},\"primaryImageOfPage\":{\"@id\":\"https:\/\/www.villers-allerand.fr\/site\/vide-grenier\/#primaryimage\"},\"image\":{\"@id\":\"https:\/\/www.villers-allerand.fr\/site\/vide-grenier\/#primaryimage\"},\"thumbnailUrl\":\"https:\/\/www.villers-allerand.fr\/site\/wp-content\/uploads\/2026\/04\/image0-e1777392747304.jpeg\",\"datePublished\":\"2026-04-28T16:07:31+00:00\",\"dateModified\":\"2026-04-28T16:12:37+00:00\",\"author\":{\"@id\":\"https:\/\/www.villers-allerand.fr\/site\/#\/schema\/person\/4688120b1fdf6f98803340b4cbc38e4b\"},\"breadcrumb\":{\"@id\":\"https:\/\/www.villers-allerand.fr\/site\/vide-grenier\/#breadcrumb\"},\"inLanguage\":\"fr-FR\",\"potentialAction\":[{\"@type\":\"ReadAction\",\"target\":[\"https:\/\/www.villers-allerand.fr\/site\/vide-grenier\/\"]}]},{\"@type\":\"ImageObject\",\"inLanguage\":\"fr-FR\",\"@id\":\"https:\/\/www.villers-allerand.fr\/site\/vide-grenier\/#primaryimage\",\"url\":\"https:\/\/www.villers-allerand.fr\/site\/wp-content\/uploads\/2026\/04\/image0-e1777392747304.jpeg\",\"contentUrl\":\"https:\/\/www.villers-allerand.fr\/site\/wp-content\/uploads\/2026\/04\/image0-e1777392747304.jpeg\",\"width\":905,\"height\":612,\"caption\":\"vide grenier\"},{\"@type\":\"BreadcrumbList\",\"@id\":\"https:\/\/www.villers-allerand.fr\/site\/vide-grenier\/#breadcrumb\",\"itemListElement\":[{\"@type\":\"ListItem\",\"position\":1,\"name\":\"Accueil\",\"item\":\"https:\/\/www.villers-allerand.fr\/site\/\"},{\"@type\":\"ListItem\",\"position\":2,\"name\":\"Vide-Grenier\"}]},{\"@type\":\"WebSite\",\"@id\":\"https:\/\/www.villers-allerand.fr\/site\/#website\",\"url\":\"https:\/\/www.villers-allerand.fr\/site\/\",\"name\":\"Mairie de Villers-Allerand - Montchenot\",\"description\":\"Site Officiel de la Mairie\",\"potentialAction\":[{\"@type\":\"SearchAction\",\"target\":{\"@type\":\"EntryPoint\",\"urlTemplate\":\"https:\/\/www.villers-allerand.fr\/site\/?s={search_term_string}\"},\"query-input\":{\"@type\":\"PropertyValueSpecification\",\"valueRequired\":true,\"valueName\":\"search_term_string\"}}],\"inLanguage\":\"fr-FR\"},{\"@type\":\"Person\",\"@id\":\"https:\/\/www.villers-allerand.fr\/site\/#\/schema\/person\/4688120b1fdf6f98803340b4cbc38e4b\",\"name\":\"webmaster\",\"image\":{\"@type\":\"ImageObject\",\"inLanguage\":\"fr-FR\",\"@id\":\"https:\/\/www.villers-allerand.fr\/site\/#\/schema\/person\/image\/\",\"url\":\"https:\/\/secure.gravatar.com\/avatar\/7ae33595ea8568e0c28d34997e54608e?s=96&d=mm&r=g\",\"contentUrl\":\"https:\/\/secure.gravatar.com\/avatar\/7ae33595ea8568e0c28d34997e54608e?s=96&d=mm&r=g\",\"caption\":\"webmaster\"}}]}<\/script>\n<!-- \/ Yoast SEO plugin. -->","yoast_head_json":{"title":"Vide-Grenier - Mairie de Villers-Allerand - Montchenot","robots":{"index":"index","follow":"follow","max-snippet":"max-snippet:-1","max-image-preview":"max-image-preview:large","max-video-preview":"max-video-preview:-1"},"canonical":"https:\/\/www.villers-allerand.fr\/site\/vide-grenier\/","og_locale":"fr_FR","og_type":"article","og_title":"Vide-Grenier - Mairie de Villers-Allerand - Montchenot","og_description":"Dimanche 7 Juin &#8211; de 15h \u00e0 21h &#8211; Place des d\u00e9port\u00e9s Organis\u00e9 par le Foyer des Jeunes &#8211; inscriptions exclusivement r\u00e9serv\u00e9es aux habitants de Villers-Allerand Montchenot Renseignements et inscriptions par mail : brocante.vam@gmail.com La m\u00eame journ\u00e9e, retrouvez \u00e9galement un vide-grenier \u00e0 Rilly-La-Montagne \u00e0 partir de 7h30","og_url":"https:\/\/www.villers-allerand.fr\/site\/vide-grenier\/","og_site_name":"Mairie de Villers-Allerand - Montchenot","article_published_time":"2026-04-28T16:07:31+00:00","article_modified_time":"2026-04-28T16:12:37+00:00","og_image":[{"width":905,"height":612,"url":"https:\/\/www.villers-allerand.fr\/site\/wp-content\/uploads\/2026\/04\/image0-e1777392747304.jpeg","type":"image\/jpeg"}],"author":"webmaster","twitter_card":"summary_large_image","twitter_misc":{"\u00c9crit par":"webmaster","Dur\u00e9e de lecture estim\u00e9e":"1 minute"},"schema":{"@context":"https:\/\/schema.org","@graph":[{"@type":"Article","@id":"https:\/\/www.villers-allerand.fr\/site\/vide-grenier\/#article","isPartOf":{"@id":"https:\/\/www.villers-allerand.fr\/site\/vide-grenier\/"},"author":{"name":"webmaster","@id":"https:\/\/www.villers-allerand.fr\/site\/#\/schema\/person\/4688120b1fdf6f98803340b4cbc38e4b"},"headline":"Vide-Grenier","datePublished":"2026-04-28T16:07:31+00:00","dateModified":"2026-04-28T16:12:37+00:00","mainEntityOfPage":{"@id":"https:\/\/www.villers-allerand.fr\/site\/vide-grenier\/"},"wordCount":52,"image":{"@id":"https:\/\/www.villers-allerand.fr\/site\/vide-grenier\/#primaryimage"},"thumbnailUrl":"https:\/\/www.villers-allerand.fr\/site\/wp-content\/uploads\/2026\/04\/image0-e1777392747304.jpeg","keywords":["brocante","foyer des jeunes","vide-grenier"],"articleSection":["Actualit\u00e9s"],"inLanguage":"fr-FR"},{"@type":"WebPage","@id":"https:\/\/www.villers-allerand.fr\/site\/vide-grenier\/","url":"https:\/\/www.villers-allerand.fr\/site\/vide-grenier\/","name":"Vide-Grenier - Mairie de Villers-Allerand - Montchenot","isPartOf":{"@id":"https:\/\/www.villers-allerand.fr\/site\/#website"},"primaryImageOfPage":{"@id":"https:\/\/www.villers-allerand.fr\/site\/vide-grenier\/#primaryimage"},"image":{"@id":"https:\/\/www.villers-allerand.fr\/site\/vide-grenier\/#primaryimage"},"thumbnailUrl":"https:\/\/www.villers-allerand.fr\/site\/wp-content\/uploads\/2026\/04\/image0-e1777392747304.jpeg","datePublished":"2026-04-28T16:07:31+00:00","dateModified":"2026-04-28T16:12:37+00:00","author":{"@id":"https:\/\/www.villers-allerand.fr\/site\/#\/schema\/person\/4688120b1fdf6f98803340b4cbc38e4b"},"breadcrumb":{"@id":"https:\/\/www.villers-allerand.fr\/site\/vide-grenier\/#breadcrumb"},"inLanguage":"fr-FR","potentialAction":[{"@type":"ReadAction","target":["https:\/\/www.villers-allerand.fr\/site\/vide-grenier\/"]}]},{"@type":"ImageObject","inLanguage":"fr-FR","@id":"https:\/\/www.villers-allerand.fr\/site\/vide-grenier\/#primaryimage","url":"https:\/\/www.villers-allerand.fr\/site\/wp-content\/uploads\/2026\/04\/image0-e1777392747304.jpeg","contentUrl":"https:\/\/www.villers-allerand.fr\/site\/wp-content\/uploads\/2026\/04\/image0-e1777392747304.jpeg","width":905,"height":612,"caption":"vide grenier"},{"@type":"BreadcrumbList","@id":"https:\/\/www.villers-allerand.fr\/site\/vide-grenier\/#breadcrumb","itemListElement":[{"@type":"ListItem","position":1,"name":"Accueil","item":"https:\/\/www.villers-allerand.fr\/site\/"},{"@type":"ListItem","position":2,"name":"Vide-Grenier"}]},{"@type":"WebSite","@id":"https:\/\/www.villers-allerand.fr\/site\/#website","url":"https:\/\/www.villers-allerand.fr\/site\/","name":"Mairie de Villers-Allerand - Montchenot","description":"Site Officiel de la Mairie","potentialAction":[{"@type":"SearchAction","target":{"@type":"EntryPoint","urlTemplate":"https:\/\/www.villers-allerand.fr\/site\/?s={search_term_string}"},"query-input":{"@type":"PropertyValueSpecification","valueRequired":true,"valueName":"search_term_string"}}],"inLanguage":"fr-FR"},{"@type":"Person","@id":"https:\/\/www.villers-allerand.fr\/site\/#\/schema\/person\/4688120b1fdf6f98803340b4cbc38e4b","name":"webmaster","image":{"@type":"ImageObject","inLanguage":"fr-FR","@id":"https:\/\/www.villers-allerand.fr\/site\/#\/schema\/person\/image\/","url":"https:\/\/secure.gravatar.com\/avatar\/7ae33595ea8568e0c28d34997e54608e?s=96&d=mm&r=g","contentUrl":"https:\/\/secure.gravatar.com\/avatar\/7ae33595ea8568e0c28d34997e54608e?s=96&d=mm&r=g","caption":"webmaster"}}]}},"publishpress_future_action":{"enabled":true,"date":"2026-06-08 05:59:00","action":"change-status","newStatus":"trash","terms":[0],"taxonomy":"category","extraData":[]},"publishpress_future_workflow_manual_trigger":{"enabledWorkflows":[]},"_links":{"self":[{"href":"https:\/\/www.villers-allerand.fr\/site\/wp-json\/wp\/v2\/posts\/17019","targetHints":{"allow":["GET"]}}],"collection":[{"href":"https:\/\/www.villers-allerand.fr\/site\/wp-json\/wp\/v2\/posts"}],"about":[{"href":"https:\/\/www.villers-allerand.fr\/site\/wp-json\/wp\/v2\/types\/post"}],"author":[{"embeddable":true,"href":"https:\/\/www.villers-allerand.fr\/site\/wp-json\/wp\/v2\/users\/2"}],"replies":[{"embeddable":true,"href":"https:\/\/www.villers-allerand.fr\/site\/wp-json\/wp\/v2\/comments?post=17019"}],"version-history":[{"count":1,"href":"https:\/\/www.villers-allerand.fr\/site\/wp-json\/wp\/v2\/posts\/17019\/revisions"}],"predecessor-version":[{"id":17021,"href":"https:\/\/www.villers-allerand.fr\/site\/wp-json\/wp\/v2\/posts\/17019\/revisions\/17021"}],"wp:featuredmedia":[{"embeddable":true,"href":"https:\/\/www.villers-allerand.fr\/site\/wp-json\/wp\/v2\/media\/17020"}],"wp:attachment":[{"href":"https:\/\/www.villers-allerand.fr\/site\/wp-json\/wp\/v2\/media?parent=17019"}],"wp:term":[{"taxonomy":"category","embeddable":true,"href":"https:\/\/www.villers-allerand.fr\/site\/wp-json\/wp\/v2\/categories?post=17019"},{"taxonomy":"post_tag","embeddable":true,"href":"https:\/\/www.villers-allerand.fr\/site\/wp-json\/wp\/v2\/tags?post=17019"}],"curies":[{"name":"wp","href":"https:\/\/api.w.org\/{rel}","templated":true}]}}